{"id":303306,"date":"2024-04-09T12:41:03","date_gmt":"2024-04-09T11:41:03","guid":{"rendered":"https:\/\/zakrasnejsivimperk.cz\/?p=303306"},"modified":"2024-04-11T12:08:02","modified_gmt":"2024-04-11T11:08:02","slug":"nase-mesto-vimperk-ptame-se-za-vas-vyberove-rizeni","status":"publish","type":"post","link":"https:\/\/zakrasnejsivimperk.cz\/?p=303306","title":{"rendered":"NA\u0160E M\u011aSTO VIMPERK: Pt\u00e1me se za v\u00e1s \u2013 V\u00fdb\u011brov\u00e9 \u0159\u00edzen\u00ed"},"content":{"rendered":"<p><img loading=\"lazy\" decoding=\"async\" class=\"aligncenter wp-image-288139 size-full\" src=\"https:\/\/zakrasnejsivimperk.cz\/wp-content\/uploads\/2023\/10\/02\/ptame-se-za-vas-xx.jpg\" alt=\"\" width=\"771\" height=\"385\" srcset=\"https:\/\/zakrasnejsivimperk.cz\/wp-content\/uploads\/2023\/10\/02\/ptame-se-za-vas-xx.jpg 771w, https:\/\/zakrasnejsivimperk.cz\/wp-content\/uploads\/2023\/10\/02\/ptame-se-za-vas-xx-300x150.jpg 300w, https:\/\/zakrasnejsivimperk.cz\/wp-content\/uploads\/2023\/10\/02\/ptame-se-za-vas-xx-768x384.jpg 768w, https:\/\/zakrasnejsivimperk.cz\/wp-content\/uploads\/2023\/10\/02\/ptame-se-za-vas-xx-715x357.jpg 715w\" sizes=\"(max-width: 771px) 100vw, 771px\" \/><\/p>\n<p>&nbsp;<\/p>\n<p>&nbsp;<\/p>\n<div>\n<h3 class=\"-wm-MsoNormal\"><b>Kdy vimpersk\u00e1 radnice vyhl\u00e1s\u00ed v\u00fdb\u011brov\u00e9 \u0159\u00edzen\u00ed na ned\u00e1vno schv\u00e1lenou novou pracovn\u00ed pozici &#8220;pracovn\u00edk vztah\u016f k ve\u0159ejnosti (tiskov\u00fd mluv\u010d\u00ed)&#8221;?<\/b><\/h3>\n<h4>Odpov\u00edd\u00e1 Jan T\u016fma, tajemn\u00edk M\u011bstsk\u00e9ho \u00fa\u0159adu Vimperk:<\/h4>\n<h6><em>V\u00fdb\u011brov\u00e9 \u0159\u00edzen\u00ed na novou pozici vedouc\u00ed komunikace bude vyhl\u00e1\u0161eno v pond\u011bl\u00ed 15.4.2024.<\/em><\/h6>\n<\/div>\n<div>\n<p class=\"-wm-MsoNormal\">\n<\/div>\n<p><strong>(red) \u2013 Za kr\u00e1sn\u011bj\u0161\u00ed Vimperk<\/strong><\/p>\n<hr \/>\n<p>&nbsp;<\/p>\n<h6>Informovali jsme:<\/h6>\n<p><a href=\"https:\/\/zakrasnejsivimperk.cz\/?p=299819\" target=\"_blank\" rel=\"noopener\"><img loading=\"lazy\" decoding=\"async\" class=\"aligncenter wp-image-299820 size-full\" src=\"https:\/\/zakrasnejsivimperk.cz\/wp-content\/uploads\/2024\/03\/05\/ram-mluvci.jpg\" alt=\"\" width=\"919\" height=\"1100\" srcset=\"https:\/\/zakrasnejsivimperk.cz\/wp-content\/uploads\/2024\/03\/05\/ram-mluvci.jpg 919w, https:\/\/zakrasnejsivimperk.cz\/wp-content\/uploads\/2024\/03\/05\/ram-mluvci-251x300.jpg 251w, https:\/\/zakrasnejsivimperk.cz\/wp-content\/uploads\/2024\/03\/05\/ram-mluvci-856x1024.jpg 856w, https:\/\/zakrasnejsivimperk.cz\/wp-content\/uploads\/2024\/03\/05\/ram-mluvci-768x919.jpg 768w, https:\/\/zakrasnejsivimperk.cz\/wp-content\/uploads\/2024\/03\/05\/ram-mluvci-298x357.jpg 298w, https:\/\/zakrasnejsivimperk.cz\/wp-content\/uploads\/2024\/03\/05\/ram-mluvci-404x483.jpg 404w\" sizes=\"(max-width: 919px) 100vw, 919px\" \/><\/a><\/p>\n<hr \/>\n<p>&nbsp;<\/p>\n","protected":false},"excerpt":{"rendered":"<p>&nbsp; &nbsp; <\/p>\n","protected":false},"author":2,"featured_media":303315,"comment_status":"open","ping_status":"open","sticky":false,"template":"","format":"gallery","meta":{"footnotes":""},"categories":[119,108],"tags":[],"jetpack_featured_media_url":"https:\/\/zakrasnejsivimperk.cz\/wp-content\/uploads\/2024\/04\/08\/ram-odpoved-tuma.jpg","_links":{"self":[{"href":"https:\/\/zakrasnejsivimperk.cz\/index.php?rest_route=\/wp\/v2\/posts\/303306"}],"collection":[{"href":"https:\/\/zakrasnejsivimperk.cz\/index.php?rest_route=\/wp\/v2\/posts"}],"about":[{"href":"https:\/\/zakrasnejsivimperk.cz\/index.php?rest_route=\/wp\/v2\/types\/post"}],"author":[{"embeddable":true,"href":"https:\/\/zakrasnejsivimperk.cz\/index.php?rest_route=\/wp\/v2\/users\/2"}],"replies":[{"embeddable":true,"href":"https:\/\/zakrasnejsivimperk.cz\/index.php?rest_route=%2Fwp%2Fv2%2Fcomments&post=303306"}],"version-history":[{"count":2,"href":"https:\/\/zakrasnejsivimperk.cz\/index.php?rest_route=\/wp\/v2\/posts\/303306\/revisions"}],"predecessor-version":[{"id":303314,"href":"https:\/\/zakrasnejsivimperk.cz\/index.php?rest_route=\/wp\/v2\/posts\/303306\/revisions\/303314"}],"wp:featuredmedia":[{"embeddable":true,"href":"https:\/\/zakrasnejsivimperk.cz\/index.php?rest_route=\/wp\/v2\/media\/303315"}],"wp:attachment":[{"href":"https:\/\/zakrasnejsivimperk.cz\/index.php?rest_route=%2Fwp%2Fv2%2Fmedia&parent=303306"}],"wp:term":[{"taxonomy":"category","embeddable":true,"href":"https:\/\/zakrasnejsivimperk.cz\/index.php?rest_route=%2Fwp%2Fv2%2Fcategories&post=303306"},{"taxonomy":"post_tag","embeddable":true,"href":"https:\/\/zakrasnejsivimperk.cz\/index.php?rest_route=%2Fwp%2Fv2%2Ftags&post=303306"}],"curies":[{"name":"wp","href":"https:\/\/api.w.org\/{rel}","templated":true}]}}