{"id":303157,"date":"2024-04-07T13:18:31","date_gmt":"2024-04-07T12:18:31","guid":{"rendered":"https:\/\/zakrasnejsivimperk.cz\/?p=303157"},"modified":"2024-04-07T13:21:21","modified_gmt":"2024-04-07T12:21:21","slug":"jizni-cechy-prachatice-otevrely-kongresove-centrum-vimperk-muze-jen-zavidet","status":"publish","type":"post","link":"https:\/\/zakrasnejsivimperk.cz\/?p=303157","title":{"rendered":"JI\u017dN\u00cd \u010cECHY: Prachatice v sobotu slavnostn\u011b otev\u0159ely kongresov\u00e9 centrum, jak\u00e9 Vimperk m\u016f\u017ee jen z\u00e1vid\u011bt"},"content":{"rendered":"<p><img loading=\"lazy\" decoding=\"async\" class=\"aligncenter wp-image-303160 size-full\" src=\"https:\/\/zakrasnejsivimperk.cz\/wp-content\/uploads\/2024\/04\/07\/pt-kongresove-centrum-3.jpg\" alt=\"\" width=\"1440\" height=\"1018\" srcset=\"https:\/\/zakrasnejsivimperk.cz\/wp-content\/uploads\/2024\/04\/07\/pt-kongresove-centrum-3.jpg 1440w, https:\/\/zakrasnejsivimperk.cz\/wp-content\/uploads\/2024\/04\/07\/pt-kongresove-centrum-3-300x212.jpg 300w, https:\/\/zakrasnejsivimperk.cz\/wp-content\/uploads\/2024\/04\/07\/pt-kongresove-centrum-3-1024x724.jpg 1024w, https:\/\/zakrasnejsivimperk.cz\/wp-content\/uploads\/2024\/04\/07\/pt-kongresove-centrum-3-768x543.jpg 768w, https:\/\/zakrasnejsivimperk.cz\/wp-content\/uploads\/2024\/04\/07\/pt-kongresove-centrum-3-505x357.jpg 505w, https:\/\/zakrasnejsivimperk.cz\/wp-content\/uploads\/2024\/04\/07\/pt-kongresove-centrum-3-683x483.jpg 683w\" sizes=\"(max-width: 1440px) 100vw, 1440px\" \/><\/p>\n<p>&nbsp;<\/p>\n<h6>Kongresov\u00e9 centrum Prachatice v sobotu 6. dubna slavnostn\u011b otev\u0159elo sv\u00e9 dve\u0159e ve velk\u00e9m stylu a p\u0159iv\u00edtalo v\u0161echny \u00fa\u010dastn\u00edky na v\u00fdjime\u010dn\u00e9 akci s n\u00e1zvem Retro party s kapelou Lunetic.<\/h6>\n<p>V\u00fdznamn\u00ed host\u00e9, obyvatel\u00e9 m\u011bsta a p\u0159\u00edznivci hudby se sjeli do Hotelu Park Prachatice, aby oslavili tento v\u00fdznamn\u00fd den.<\/p>\n<p>Retro atmosf\u00e9ra v kombinaci s energick\u00fdm vystoupen\u00edm kapely Lunetic vytvo\u0159ila nezapomenuteln\u00fd z\u00e1\u017eitek pro v\u0161echny p\u0159\u00edtomn\u00e9.<\/p>\n<p>T\u011b\u0161\u00edme se na budouc\u00ed ud\u00e1losti a dal\u0161\u00ed spole\u010dn\u00e9 z\u00e1\u017eitky<\/p>\n<p>&nbsp;<\/p>\n<p><strong>Text a foto: FB &#8211; <a href=\"https:\/\/www.facebook.com\/mestoprachatice\" target=\"_blank\" rel=\"noopener\">M\u011aSTO PRACHATICE<\/a><\/strong><\/p>\n<p>&nbsp;<\/p>\n<p><img loading=\"lazy\" decoding=\"async\" class=\"aligncenter wp-image-303158 size-full\" src=\"https:\/\/zakrasnejsivimperk.cz\/wp-content\/uploads\/2024\/04\/07\/pt-kongresove-centrum-1.jpg\" alt=\"\" width=\"1440\" height=\"1152\" srcset=\"https:\/\/zakrasnejsivimperk.cz\/wp-content\/uploads\/2024\/04\/07\/pt-kongresove-centrum-1.jpg 1440w, https:\/\/zakrasnejsivimperk.cz\/wp-content\/uploads\/2024\/04\/07\/pt-kongresove-centrum-1-300x240.jpg 300w, https:\/\/zakrasnejsivimperk.cz\/wp-content\/uploads\/2024\/04\/07\/pt-kongresove-centrum-1-1024x819.jpg 1024w, https:\/\/zakrasnejsivimperk.cz\/wp-content\/uploads\/2024\/04\/07\/pt-kongresove-centrum-1-768x614.jpg 768w, https:\/\/zakrasnejsivimperk.cz\/wp-content\/uploads\/2024\/04\/07\/pt-kongresove-centrum-1-446x357.jpg 446w, https:\/\/zakrasnejsivimperk.cz\/wp-content\/uploads\/2024\/04\/07\/pt-kongresove-centrum-1-604x483.jpg 604w\" sizes=\"(max-width: 1440px) 100vw, 1440px\" \/><\/p>\n<p>&nbsp;<\/p>\n<p>&nbsp;<\/p>\n<p><img loading=\"lazy\" decoding=\"async\" class=\"aligncenter wp-image-303159 size-full\" src=\"https:\/\/zakrasnejsivimperk.cz\/wp-content\/uploads\/2024\/04\/07\/pt-kongresove-centrum-2.jpg\" alt=\"\" width=\"1440\" height=\"1080\" srcset=\"https:\/\/zakrasnejsivimperk.cz\/wp-content\/uploads\/2024\/04\/07\/pt-kongresove-centrum-2.jpg 1440w, https:\/\/zakrasnejsivimperk.cz\/wp-content\/uploads\/2024\/04\/07\/pt-kongresove-centrum-2-300x225.jpg 300w, https:\/\/zakrasnejsivimperk.cz\/wp-content\/uploads\/2024\/04\/07\/pt-kongresove-centrum-2-1024x768.jpg 1024w, https:\/\/zakrasnejsivimperk.cz\/wp-content\/uploads\/2024\/04\/07\/pt-kongresove-centrum-2-768x576.jpg 768w, https:\/\/zakrasnejsivimperk.cz\/wp-content\/uploads\/2024\/04\/07\/pt-kongresove-centrum-2-476x357.jpg 476w, https:\/\/zakrasnejsivimperk.cz\/wp-content\/uploads\/2024\/04\/07\/pt-kongresove-centrum-2-644x483.jpg 644w\" sizes=\"(max-width: 1440px) 100vw, 1440px\" \/><\/p>\n<p>&nbsp;<\/p>\n<p>&nbsp;<\/p>\n<p><img loading=\"lazy\" decoding=\"async\" class=\"aligncenter wp-image-303162 size-full\" src=\"https:\/\/zakrasnejsivimperk.cz\/wp-content\/uploads\/2024\/04\/07\/pt-kongresove-centrum-5.jpg\" alt=\"\" width=\"1440\" height=\"1120\" srcset=\"https:\/\/zakrasnejsivimperk.cz\/wp-content\/uploads\/2024\/04\/07\/pt-kongresove-centrum-5.jpg 1440w, https:\/\/zakrasnejsivimperk.cz\/wp-content\/uploads\/2024\/04\/07\/pt-kongresove-centrum-5-300x233.jpg 300w, https:\/\/zakrasnejsivimperk.cz\/wp-content\/uploads\/2024\/04\/07\/pt-kongresove-centrum-5-1024x796.jpg 1024w, https:\/\/zakrasnejsivimperk.cz\/wp-content\/uploads\/2024\/04\/07\/pt-kongresove-centrum-5-768x597.jpg 768w, https:\/\/zakrasnejsivimperk.cz\/wp-content\/uploads\/2024\/04\/07\/pt-kongresove-centrum-5-459x357.jpg 459w, https:\/\/zakrasnejsivimperk.cz\/wp-content\/uploads\/2024\/04\/07\/pt-kongresove-centrum-5-621x483.jpg 621w\" sizes=\"(max-width: 1440px) 100vw, 1440px\" \/><\/p>\n<p>&nbsp;<\/p>\n<p>&nbsp;<\/p>\n<p><img loading=\"lazy\" decoding=\"async\" class=\"aligncenter wp-image-303161 size-full\" src=\"https:\/\/zakrasnejsivimperk.cz\/wp-content\/uploads\/2024\/04\/07\/pt-kongresove-centrum-4.jpg\" alt=\"\" width=\"1440\" height=\"1112\" srcset=\"https:\/\/zakrasnejsivimperk.cz\/wp-content\/uploads\/2024\/04\/07\/pt-kongresove-centrum-4.jpg 1440w, https:\/\/zakrasnejsivimperk.cz\/wp-content\/uploads\/2024\/04\/07\/pt-kongresove-centrum-4-300x232.jpg 300w, https:\/\/zakrasnejsivimperk.cz\/wp-content\/uploads\/2024\/04\/07\/pt-kongresove-centrum-4-1024x791.jpg 1024w, https:\/\/zakrasnejsivimperk.cz\/wp-content\/uploads\/2024\/04\/07\/pt-kongresove-centrum-4-768x593.jpg 768w, https:\/\/zakrasnejsivimperk.cz\/wp-content\/uploads\/2024\/04\/07\/pt-kongresove-centrum-4-462x357.jpg 462w, https:\/\/zakrasnejsivimperk.cz\/wp-content\/uploads\/2024\/04\/07\/pt-kongresove-centrum-4-625x483.jpg 625w\" sizes=\"(max-width: 1440px) 100vw, 1440px\" \/><\/p>\n<p>&nbsp;<\/p>\n<p>&nbsp;<\/p>\n<p><img loading=\"lazy\" decoding=\"async\" class=\"aligncenter wp-image-301113 size-full\" src=\"https:\/\/zakrasnejsivimperk.cz\/wp-content\/uploads\/2023\/12\/29\/plakat-pt-kongres-jaro.jpg\" alt=\"\" width=\"951\" height=\"1189\" srcset=\"https:\/\/zakrasnejsivimperk.cz\/wp-content\/uploads\/2023\/12\/29\/plakat-pt-kongres-jaro.jpg 951w, https:\/\/zakrasnejsivimperk.cz\/wp-content\/uploads\/2023\/12\/29\/plakat-pt-kongres-jaro-240x300.jpg 240w, https:\/\/zakrasnejsivimperk.cz\/wp-content\/uploads\/2023\/12\/29\/plakat-pt-kongres-jaro-819x1024.jpg 819w, https:\/\/zakrasnejsivimperk.cz\/wp-content\/uploads\/2023\/12\/29\/plakat-pt-kongres-jaro-768x960.jpg 768w, https:\/\/zakrasnejsivimperk.cz\/wp-content\/uploads\/2023\/12\/29\/plakat-pt-kongres-jaro-286x357.jpg 286w, https:\/\/zakrasnejsivimperk.cz\/wp-content\/uploads\/2023\/12\/29\/plakat-pt-kongres-jaro-386x483.jpg 386w\" sizes=\"(max-width: 951px) 100vw, 951px\" \/><\/p>\n<hr \/>\n<p>&nbsp;<\/p>\n","protected":false},"excerpt":{"rendered":"<p>&nbsp; Kongresov\u00e9 <\/p>\n","protected":false},"author":2,"featured_media":303160,"comment_status":"open","ping_status":"open","sticky":false,"template":"","format":"gallery","meta":{"footnotes":""},"categories":[69],"tags":[],"jetpack_featured_media_url":"https:\/\/zakrasnejsivimperk.cz\/wp-content\/uploads\/2024\/04\/07\/pt-kongresove-centrum-3.jpg","_links":{"self":[{"href":"https:\/\/zakrasnejsivimperk.cz\/index.php?rest_route=\/wp\/v2\/posts\/303157"}],"collection":[{"href":"https:\/\/zakrasnejsivimperk.cz\/index.php?rest_route=\/wp\/v2\/posts"}],"about":[{"href":"https:\/\/zakrasnejsivimperk.cz\/index.php?rest_route=\/wp\/v2\/types\/post"}],"author":[{"embeddable":true,"href":"https:\/\/zakrasnejsivimperk.cz\/index.php?rest_route=\/wp\/v2\/users\/2"}],"replies":[{"embeddable":true,"href":"https:\/\/zakrasnejsivimperk.cz\/index.php?rest_route=%2Fwp%2Fv2%2Fcomments&post=303157"}],"version-history":[{"count":4,"href":"https:\/\/zakrasnejsivimperk.cz\/index.php?rest_route=\/wp\/v2\/posts\/303157\/revisions"}],"predecessor-version":[{"id":303166,"href":"https:\/\/zakrasnejsivimperk.cz\/index.php?rest_route=\/wp\/v2\/posts\/303157\/revisions\/303166"}],"wp:featuredmedia":[{"embeddable":true,"href":"https:\/\/zakrasnejsivimperk.cz\/index.php?rest_route=\/wp\/v2\/media\/303160"}],"wp:attachment":[{"href":"https:\/\/zakrasnejsivimperk.cz\/index.php?rest_route=%2Fwp%2Fv2%2Fmedia&parent=303157"}],"wp:term":[{"taxonomy":"category","embeddable":true,"href":"https:\/\/zakrasnejsivimperk.cz\/index.php?rest_route=%2Fwp%2Fv2%2Fcategories&post=303157"},{"taxonomy":"post_tag","embeddable":true,"href":"https:\/\/zakrasnejsivimperk.cz\/index.php?rest_route=%2Fwp%2Fv2%2Ftags&post=303157"}],"curies":[{"name":"wp","href":"https:\/\/api.w.org\/{rel}","templated":true}]}}