{"id":302606,"date":"2024-04-07T11:50:27","date_gmt":"2024-04-07T10:50:27","guid":{"rendered":"https:\/\/zakrasnejsivimperk.cz\/?p=302606"},"modified":"2024-04-09T12:40:37","modified_gmt":"2024-04-09T11:40:37","slug":"nase-mesto-vimperk-ptame-se-za-vas-navsteva-poslanecke-snemovny","status":"publish","type":"post","link":"https:\/\/zakrasnejsivimperk.cz\/?p=302606","title":{"rendered":"NA\u0160E M\u011aSTO VIMPERK: Pt\u00e1me se za v\u00e1s \u2013 N\u00e1v\u0161t\u011bva Poslaneck\u00e9 sn\u011bmovny"},"content":{"rendered":"<p><img loading=\"lazy\" decoding=\"async\" class=\"aligncenter wp-image-288139 size-full\" src=\"https:\/\/zakrasnejsivimperk.cz\/wp-content\/uploads\/2023\/10\/02\/ptame-se-za-vas-xx.jpg\" alt=\"\" width=\"771\" height=\"385\" srcset=\"https:\/\/zakrasnejsivimperk.cz\/wp-content\/uploads\/2023\/10\/02\/ptame-se-za-vas-xx.jpg 771w, https:\/\/zakrasnejsivimperk.cz\/wp-content\/uploads\/2023\/10\/02\/ptame-se-za-vas-xx-300x150.jpg 300w, https:\/\/zakrasnejsivimperk.cz\/wp-content\/uploads\/2023\/10\/02\/ptame-se-za-vas-xx-768x384.jpg 768w, https:\/\/zakrasnejsivimperk.cz\/wp-content\/uploads\/2023\/10\/02\/ptame-se-za-vas-xx-715x357.jpg 715w\" sizes=\"(max-width: 771px) 100vw, 771px\" \/><\/p>\n<p>&nbsp;<\/p>\n<p>&nbsp;<\/p>\n<h3><b>Podle jak\u00e9ho kl\u00ed\u010de vyb\u00edr\u00e1te, kter\u00fd poslanec t\u00e9 kter\u00e9 politick\u00e9 strany nebo hnut\u00ed bude prov\u00e1zet \u017e\u00e1ky va\u0161\u00ed \u0161koly p\u0159i n\u00e1v\u0161t\u011bv\u011b v Poslaneck\u00e9 sn\u011bmovn\u011b Parlamentu \u010cR?<\/b><\/h3>\n<h4>Odpov\u00edd\u00e1 Dagmar R\u00fcckerov\u00e1, \u0159editelka Z\u00e1kladn\u00ed \u0161koly T. G. Masaryka Vimperk:<\/h4>\n<h6><em>Za\u010d\u00e1tkem \u0161koln\u00edho roku 2023\/24 obdr\u017eela na\u0161e \u0161kola nab\u00eddku asistenta klubu STAN k mo\u017enosti n\u00e1v\u0161t\u011bvy budovy parlamentu, prohl\u00eddky jednac\u00edho s\u00e1lu, prostor pro jedn\u00e1n\u00ed v\u00fdbor\u016f, sezn\u00e1men\u00ed s histori\u00ed. Nevyb\u00edrali jsme politickou stranu. Na n\u00e1s bylo rozhodnut\u00ed, zda nab\u00eddku p\u0159ijmout, \u010di nep\u0159ijmout. N\u00e1v\u0161t\u011bvu Poslaneck\u00e9 sn\u011bmovny Parlamentu \u010cR pova\u017eujeme za vhodn\u00e9 dopln\u011bn\u00ed v\u00fdchovy k ob\u010danstv\u00ed.<\/em><\/h6>\n<p>&nbsp;<\/p>\n<p><strong>(red) \u2013 Za kr\u00e1sn\u011bj\u0161\u00ed Vimperk<\/strong><\/p>\n<hr \/>\n<p>&nbsp;<\/p>\n<figure id=\"attachment_302607\" aria-describedby=\"caption-attachment-302607\" style=\"width: 721px\" class=\"wp-caption aligncenter\"><img loading=\"lazy\" decoding=\"async\" class=\"wp-image-302607 size-full\" src=\"https:\/\/zakrasnejsivimperk.cz\/wp-content\/uploads\/2024\/04\/02\/zs-tgm.jpg\" alt=\"\" width=\"721\" height=\"700\" srcset=\"https:\/\/zakrasnejsivimperk.cz\/wp-content\/uploads\/2024\/04\/02\/zs-tgm.jpg 721w, https:\/\/zakrasnejsivimperk.cz\/wp-content\/uploads\/2024\/04\/02\/zs-tgm-300x291.jpg 300w, https:\/\/zakrasnejsivimperk.cz\/wp-content\/uploads\/2024\/04\/02\/zs-tgm-368x357.jpg 368w, https:\/\/zakrasnejsivimperk.cz\/wp-content\/uploads\/2024\/04\/02\/zs-tgm-497x483.jpg 497w\" sizes=\"(max-width: 721px) 100vw, 721px\" \/><figcaption id=\"caption-attachment-302607\" class=\"wp-caption-text\">Zdroj: Facebook<\/figcaption><\/figure>\n<hr \/>\n<p>&nbsp;<\/p>\n","protected":false},"excerpt":{"rendered":"<p>&nbsp; &nbsp; <\/p>\n","protected":false},"author":2,"featured_media":302608,"comment_status":"open","ping_status":"open","sticky":false,"template":"","format":"gallery","meta":{"footnotes":""},"categories":[119,108],"tags":[],"jetpack_featured_media_url":"https:\/\/zakrasnejsivimperk.cz\/wp-content\/uploads\/2024\/04\/02\/odpoved-tgm.jpg","_links":{"self":[{"href":"https:\/\/zakrasnejsivimperk.cz\/index.php?rest_route=\/wp\/v2\/posts\/302606"}],"collection":[{"href":"https:\/\/zakrasnejsivimperk.cz\/index.php?rest_route=\/wp\/v2\/posts"}],"about":[{"href":"https:\/\/zakrasnejsivimperk.cz\/index.php?rest_route=\/wp\/v2\/types\/post"}],"author":[{"embeddable":true,"href":"https:\/\/zakrasnejsivimperk.cz\/index.php?rest_route=\/wp\/v2\/users\/2"}],"replies":[{"embeddable":true,"href":"https:\/\/zakrasnejsivimperk.cz\/index.php?rest_route=%2Fwp%2Fv2%2Fcomments&post=302606"}],"version-history":[{"count":1,"href":"https:\/\/zakrasnejsivimperk.cz\/index.php?rest_route=\/wp\/v2\/posts\/302606\/revisions"}],"predecessor-version":[{"id":302609,"href":"https:\/\/zakrasnejsivimperk.cz\/index.php?rest_route=\/wp\/v2\/posts\/302606\/revisions\/302609"}],"wp:featuredmedia":[{"embeddable":true,"href":"https:\/\/zakrasnejsivimperk.cz\/index.php?rest_route=\/wp\/v2\/media\/302608"}],"wp:attachment":[{"href":"https:\/\/zakrasnejsivimperk.cz\/index.php?rest_route=%2Fwp%2Fv2%2Fmedia&parent=302606"}],"wp:term":[{"taxonomy":"category","embeddable":true,"href":"https:\/\/zakrasnejsivimperk.cz\/index.php?rest_route=%2Fwp%2Fv2%2Fcategories&post=302606"},{"taxonomy":"post_tag","embeddable":true,"href":"https:\/\/zakrasnejsivimperk.cz\/index.php?rest_route=%2Fwp%2Fv2%2Ftags&post=302606"}],"curies":[{"name":"wp","href":"https:\/\/api.w.org\/{rel}","templated":true}]}}