{"id":30231,"date":"2015-09-06T10:51:53","date_gmt":"2015-09-06T09:51:53","guid":{"rendered":"http:\/\/zakrasnejsivimperk.cz\/?p=30231"},"modified":"2015-09-06T11:02:07","modified_gmt":"2015-09-06T10:02:07","slug":"cykliste-v-ulicich-nekteri-majitele-osobnich-aut-vyzvy-mesta-neuposlechli","status":"publish","type":"post","link":"https:\/\/zakrasnejsivimperk.cz\/?p=30231","title":{"rendered":"CYKLIST\u00c9 V ULIC\u00cdCH: N\u011bkte\u0159\u00ed majitel\u00e9 osobn\u00edch aut v\u00fdzvy m\u011bsta neuposlechli"},"content":{"rendered":"<p style=\"text-align: justify;\">V ned\u011bli 6. z\u00e1\u0159\u00ed m\u016f\u017eete od dopoledn\u00edch hodin a\u017e do odpoledne sledovat na vimpersk\u00e9m n\u00e1m\u011bst\u00ed a v p\u0159ilehl\u00fdch uli\u010dk\u00e1ch star\u00e9ho m\u011bsta cyklistick\u00e9 z\u00e1vody na z\u00e1v\u011br leto\u0161n\u00ed sezony. U\u017e v t\u00fddnu vyzvala radnice p\u00edsemn\u00fdm upozorn\u011bn\u00edm obyvatele t\u00e9to lokality, aby ve stanoven\u00e9m term\u00ednu p\u0159eparkovali do jin\u00fdch \u010d\u00e1st\u00ed m\u011bsta sv\u00e1 motorov\u00e1 vozidla. Pro majitele dvou osobn\u00edch aut na sn\u00edmku v\u0161ak jakoby tato v\u00fdzva neplatila. Svoj\u00ed ignoranc\u00ed vystavil z\u00e1vodn\u00edk\u016fm nebezpe\u010dnou p\u0159ek\u00e1\u017eku zrovna na nep\u0159\u00edjemn\u00e9m m\u00edst\u011b, kde z uli\u010dky na Ba\u0161t\u011b p\u0159ej\u00ed\u017ed\u011bj\u00ed p\u0159es Steinbrenerovu ulici do ulice Inocencovy. Co na to m\u011bstsk\u00e1 policie? Pro\u010d se nepostarala o odstran\u011bn\u00ed aut? Pokus\u00edme se zjistit.<\/p>\n<p><strong>Text a foto: (zj)<\/strong><\/p>\n<p><a href=\"http:\/\/zakrasnejsivimperk.cz\/wp-content\/uploads\/2015\/09\/05\/do-vrchu.jpg\"><img loading=\"lazy\" decoding=\"async\" class=\"aligncenter size-medium wp-image-30188\" src=\"http:\/\/zakrasnejsivimperk.cz\/wp-content\/uploads\/2015\/09\/05\/do-vrchu-300x212.jpg\" alt=\"do vrchu\" width=\"300\" height=\"212\" srcset=\"https:\/\/zakrasnejsivimperk.cz\/wp-content\/uploads\/2015\/09\/05\/do-vrchu-300x212.jpg 300w, https:\/\/zakrasnejsivimperk.cz\/wp-content\/uploads\/2015\/09\/05\/do-vrchu-506x357.jpg 506w, https:\/\/zakrasnejsivimperk.cz\/wp-content\/uploads\/2015\/09\/05\/do-vrchu-684x483.jpg 684w, https:\/\/zakrasnejsivimperk.cz\/wp-content\/uploads\/2015\/09\/05\/do-vrchu.jpg 843w\" sizes=\"(max-width: 300px) 100vw, 300px\" \/><\/a><\/p>\n<p>&nbsp;<\/p>\n<p>&nbsp;<\/p>\n<p>&nbsp;<\/p>\n","protected":false},"excerpt":{"rendered":"<p>V ned\u011bli <\/p>\n","protected":false},"author":2,"featured_media":0,"comment_status":"open","ping_status":"open","sticky":false,"template":"","format":"standard","meta":{"footnotes":""},"categories":[7],"tags":[],"jetpack_featured_media_url":"","_links":{"self":[{"href":"https:\/\/zakrasnejsivimperk.cz\/index.php?rest_route=\/wp\/v2\/posts\/30231"}],"collection":[{"href":"https:\/\/zakrasnejsivimperk.cz\/index.php?rest_route=\/wp\/v2\/posts"}],"about":[{"href":"https:\/\/zakrasnejsivimperk.cz\/index.php?rest_route=\/wp\/v2\/types\/post"}],"author":[{"embeddable":true,"href":"https:\/\/zakrasnejsivimperk.cz\/index.php?rest_route=\/wp\/v2\/users\/2"}],"replies":[{"embeddable":true,"href":"https:\/\/zakrasnejsivimperk.cz\/index.php?rest_route=%2Fwp%2Fv2%2Fcomments&post=30231"}],"version-history":[{"count":3,"href":"https:\/\/zakrasnejsivimperk.cz\/index.php?rest_route=\/wp\/v2\/posts\/30231\/revisions"}],"predecessor-version":[{"id":30235,"href":"https:\/\/zakrasnejsivimperk.cz\/index.php?rest_route=\/wp\/v2\/posts\/30231\/revisions\/30235"}],"wp:attachment":[{"href":"https:\/\/zakrasnejsivimperk.cz\/index.php?rest_route=%2Fwp%2Fv2%2Fmedia&parent=30231"}],"wp:term":[{"taxonomy":"category","embeddable":true,"href":"https:\/\/zakrasnejsivimperk.cz\/index.php?rest_route=%2Fwp%2Fv2%2Fcategories&post=30231"},{"taxonomy":"post_tag","embeddable":true,"href":"https:\/\/zakrasnejsivimperk.cz\/index.php?rest_route=%2Fwp%2Fv2%2Ftags&post=30231"}],"curies":[{"name":"wp","href":"https:\/\/api.w.org\/{rel}","templated":true}]}}