{"id":302232,"date":"2024-03-28T20:15:12","date_gmt":"2024-03-28T19:15:12","guid":{"rendered":"https:\/\/zakrasnejsivimperk.cz\/?p=302232"},"modified":"2024-03-28T20:15:12","modified_gmt":"2024-03-28T19:15:12","slug":"jizni-cechy-aktualni-informace-hygieniku-kraje-o-nemocnosti-13-tyden-24","status":"publish","type":"post","link":"https:\/\/zakrasnejsivimperk.cz\/?p=302232","title":{"rendered":"JI\u017dN\u00cd \u010cECHY: Aktu\u00e1ln\u00ed informace hygienik\u016f kraje o nemocnosti \u2013 13. t\u00fdden \u00b424"},"content":{"rendered":"<p><img loading=\"lazy\" decoding=\"async\" class=\"aligncenter wp-image-199605 size-full\" src=\"https:\/\/zakrasnejsivimperk.cz\/wp-content\/uploads\/2020\/08\/06\/khs-logo.jpg\" alt=\"\" width=\"922\" height=\"396\" srcset=\"https:\/\/zakrasnejsivimperk.cz\/wp-content\/uploads\/2020\/08\/06\/khs-logo.jpg 922w, https:\/\/zakrasnejsivimperk.cz\/wp-content\/uploads\/2020\/08\/06\/khs-logo-300x129.jpg 300w, https:\/\/zakrasnejsivimperk.cz\/wp-content\/uploads\/2020\/08\/06\/khs-logo-768x330.jpg 768w, https:\/\/zakrasnejsivimperk.cz\/wp-content\/uploads\/2020\/08\/06\/khs-logo-831x357.jpg 831w\" sizes=\"(max-width: 922px) 100vw, 922px\" \/><\/p>\n<p>&nbsp;<\/p>\n<h4>Nemocnost v Jiho\u010desk\u00e9m kraji stabiln\u011b kles\u00e1, oproti minul\u00e9mu t\u00fddnu o \u0161est procent na 1 101 p\u0159\u00edpad\u016f na sto tis\u00edc obyvatel<\/h4>\n<h6>Ve t\u0159in\u00e1ct\u00e9m t\u00fddnu v Jiho\u010desk\u00e9m kraji op\u011bt poklesl po\u010det akutn\u00edch respira\u010dn\u00edch infekc\u00ed ve srovn\u00e1n\u00ed s t\u00fddnem p\u0159ede\u0161l\u00fdm, tentokr\u00e1te o -6,1 % na 1 101 p\u0159\u00edpad\u016f na sto tis\u00edc obyvatel. Nemocnost klesla ve v\u0161ech okresech a v\u0161ech v\u011bkov\u00fdch kategori\u00edch. Nejvy\u0161\u0161\u00ed je aktu\u00e1ln\u011b na P\u00edsecku, kde je 1 265 p\u0159\u00edpad\u016f na sto tis\u00edc, nejni\u017e\u0161\u00ed je na \u010ceskobud\u011bjovicku (966\/100 000).<\/h6>\n<p>Vloni ve 13. t\u00fddnu roku 2023 jsme m\u011bli v kraji nemocnost vy\u0161\u0161\u00ed, 1 315 p\u0159\u00edpad\u016f na sto tis\u00edc obyvatel, nejvy\u0161\u0161\u00ed nemocnost byla p\u0159ed rokem na \u010ceskokrumlovsku (1 387\/100 000), T\u00e1borsku (1 359\/100 000) a Strakonicku (1 349\/100 000). V\u00fdskyt ch\u0159ipce podobn\u00fdch onemocn\u011bn\u00ed (ILI) v kon\u010d\u00edc\u00edm 13. t\u00fddnu roku 2024 poklesl op\u011bt velmi v\u00fdrazn\u011b o -40,9 %, a je nyn\u00ed 13 p\u0159\u00edpad\u016f na sto tis\u00edc obyvatel kraje.<\/p>\n<p><em>\u201eVe srovn\u00e1n\u00ed s dvan\u00e1ct\u00fdm t\u00fddnem v kraji po\u010det akutn\u00edch respira\u010dn\u00edch infekc\u00ed poklesl o 6,1 procenta na 1 101 p\u0159\u00edpad na sto tis\u00edc obyvatel kraje. Nemocnost klesala ve v\u0161ech okresech, nejv\u00fdrazn\u011bj\u0161\u00ed pokles (o -10,5 %) vid\u00edme v okrese \u010cesk\u00fd Krumlov. Nejvy\u0161\u0161\u00ed v\u00fdskyt je aktu\u00e1ln\u011b poprv\u00e9 v t\u00e9to ch\u0159ipkov\u00e9 sezon\u011b na P\u00edsecku, kter\u00e9 m\u00e1 1 265 p\u0159\u00edpad\u016f na sto tis\u00edc, nejni\u017e\u0161\u00ed je na \u010ceskobud\u011bjovicku, kde je 966 p\u0159\u00edpad\u016f na sto tis\u00edc. Co se t\u00fd\u010de v\u011bkov\u00fdch kategori\u00ed, po\u010det akutn\u00edch respira\u010dn\u00edch onemocn\u011bn\u00ed poklesl ve v\u0161ech, nejv\u00edce mezi seniory ve v\u011bkov\u00e9 kategorii nad 65 let (o -9 %). Po\u010det ch\u0159ipce podobn\u00fdch onemocn\u011bn\u00ed (ILI) op\u011bt poklesl velmi v\u00fdrazn\u011b, zhruba o \u010dty\u0159icet procent z 22 na 13 p\u0159\u00edpad\u016f na sto tis\u00edc obyvatel kraje (-40,1 %),\u201c<\/em> komentovala data za zkr\u00e1cen\u00fd p\u0159edvelikono\u010dn\u00ed t\u00fdden \u0159editelka Krajsk\u00e9 hygienick\u00e9 stanice Jiho\u010desk\u00e9ho kraje doc. MUDr. Kvetoslava Kotrbov\u00e1, Ph.D.<\/p>\n<p><img loading=\"lazy\" decoding=\"async\" class=\"aligncenter wp-image-302233 size-full\" src=\"https:\/\/zakrasnejsivimperk.cz\/wp-content\/uploads\/2024\/03\/28\/tabulka-nemocnoost-1.jpg\" alt=\"\" width=\"717\" height=\"360\" srcset=\"https:\/\/zakrasnejsivimperk.cz\/wp-content\/uploads\/2024\/03\/28\/tabulka-nemocnoost-1.jpg 717w, https:\/\/zakrasnejsivimperk.cz\/wp-content\/uploads\/2024\/03\/28\/tabulka-nemocnoost-1-300x151.jpg 300w, https:\/\/zakrasnejsivimperk.cz\/wp-content\/uploads\/2024\/03\/28\/tabulka-nemocnoost-1-711x357.jpg 711w\" sizes=\"(max-width: 717px) 100vw, 717px\" \/><\/p>\n<p><img loading=\"lazy\" decoding=\"async\" class=\"aligncenter wp-image-302234 size-full\" src=\"https:\/\/zakrasnejsivimperk.cz\/wp-content\/uploads\/2024\/03\/28\/tabulka-nemocnoost-2.jpg\" alt=\"\" width=\"717\" height=\"103\" srcset=\"https:\/\/zakrasnejsivimperk.cz\/wp-content\/uploads\/2024\/03\/28\/tabulka-nemocnoost-2.jpg 717w, https:\/\/zakrasnejsivimperk.cz\/wp-content\/uploads\/2024\/03\/28\/tabulka-nemocnoost-2-300x43.jpg 300w\" sizes=\"(max-width: 717px) 100vw, 717px\" \/><\/p>\n<p><strong>(tz-khs)<\/strong><\/p>\n<hr \/>\n<p>&nbsp;<\/p>\n<h4>V Jiho\u010desk\u00e9m kraji onemocn\u011blo vloni lymeskou boreli\u00f3zou v\u00edce ne\u017e p\u011bt set osob, letos u\u017e eviduj\u00ed hygienici 64 p\u0159\u00edpad\u016f<\/h4>\n<h6>Letos nastoupilo po m\u00edrn\u00e9 zim\u011b teplej\u0161\u00ed jarn\u00ed po\u010das\u00ed brzy a s n\u00edm i sezona aktivity kl\u00ed\u0161\u0165at. Onemocn\u011bn\u00ed, kter\u00e1 p\u0159en\u00e1\u0161ej\u00ed kl\u00ed\u0161\u0165ata na \u010dlov\u011bka, p\u0159edev\u0161\u00edm kl\u00ed\u0161\u0165ov\u00e1 encefalitida a lymesk\u00e1 boreli\u00f3za, p\u0159edstavuj\u00ed ka\u017edoro\u010dn\u011b z\u00e1va\u017en\u00fd probl\u00e9m pro stovky Jiho\u010dech\u016f.<\/h6>\n<p>Jiho\u010de\u0161t\u00ed hygienici evidovali k posledn\u00edmu t\u00fddnu lo\u0148sk\u00e9ho roku za uplynulou sezonu 518 p\u0159\u00edpad\u016f nahl\u00e1\u0161en\u00fdch a potvrzen\u00fdch p\u0159\u00edpad\u016f lymesk\u00e9 boreli\u00f3zy a 81 p\u0159\u00edpad\u016f &#8211; z hlediska mo\u017en\u00fdch zdravotn\u00edch dopad\u016f z\u00e1va\u017en\u011bj\u0161\u00ed &#8211; kl\u00ed\u0161\u0165ov\u00e9 encefalitidy. Proti n\u00ed existuje efektivn\u00ed o\u010dkov\u00e1n\u00ed, kter\u00e9 je pro poji\u0161t\u011bnce nad 50 let v\u011bku zdarma. Optim\u00e1ln\u00ed obdob\u00ed pro o\u010dkov\u00e1n\u00ed je nyn\u00ed p\u0159ed za\u010d\u00e1tkem hlavn\u00ed sezony aktivity kl\u00ed\u0161\u0165at. Hygienici ale ji\u017e nyn\u00ed, k 13. kalend\u00e1\u0159n\u00edmu t\u00fddnu, eviduj\u00ed 64 nahl\u00e1\u0161en\u00fdch a potvrzen\u00fdch p\u0159\u00edpad\u016f lymesk\u00e9 boreli\u00f3zy. Vloni v tomto obdob\u00ed to bylo 50 p\u0159\u00edpad\u016f.<\/p>\n<p><em>\u201eN\u00e1\u0161 kraj je dlouhodob\u011b regionem s jedn\u00edm z nejvy\u0161\u0161\u00edch v\u00fdskyt\u016f kl\u00ed\u0161\u0165ov\u00e9 encefalitidy ve st\u0159edn\u00ed Evrop\u011b. V sezon\u00e1ch ovlivn\u011bn\u00fdch koronavirem byl po\u010det nad osm des\u00edtek podobn\u011b jako vloni, v jin\u00fdch v\u00fdskyt p\u0159ekra\u010duje sto dvacet, sto t\u0159icet p\u0159\u00edpad\u016f. Lo\u0148sk\u00fdch 81 p\u0159\u00edpad\u016f bylo z hlediska dlouhodob\u00fdch v\u00fdskyt\u016f velmi p\u0159\u00edzniv\u00fdch. Zato lo\u0148sk\u00fdch 518 a p\u0159edlo\u0148sk\u00fdch 529 potvrzen\u00fdch p\u0159\u00edpad\u016f druh\u00e9ho z\u00e1va\u017en\u00e9ho onemocn\u011bn\u00ed, lymesk\u00e9 boreli\u00f3zy, jen potvrzuje trend posledn\u00edch let, kdy v kraji stoup\u00e1 i v\u00fdskyt tohoto onemocn\u011bn\u00ed s p\u0159\u00edrodn\u00ed ohniskovost\u00ed. Je\u0161t\u011b p\u0159ed deseti lety jsme registrovali dva okresy s v\u00fdznamn\u011b vy\u0161\u0161\u00edm v\u00fdskytem, Jind\u0159ichohradecko a T\u00e1borsko. V posledn\u00edch letech vid\u00edme vysok\u00fd relativn\u00ed v\u00fdskyt i v dal\u0161\u00edch okresech, p\u0159edev\u0161\u00edm na \u010ceskokrumlovsku,\u201c<\/em> komentuje dlouhodob\u00e1 epidemiologick\u00e1 data \u0159editelka KHS Jiho\u010desk\u00e9ho kraje doc. MUDr. Kvetoslava Kotrbov\u00e1, Ph.D.<\/p>\n<p>Kdy\u017e porovn\u00e1me data z posledn\u00edch let, vedle sezon 2020 (367 p\u0159\u00edpad\u016f) a 2021 (270 p\u0159\u00edpad\u016f), ovlivn\u011bn\u00fdch pandemick\u00fdmi opat\u0159en\u00edmi, neklesl v\u00fdskyt lymesk\u00e9 boreli\u00f3zy v Jiho\u010desk\u00e9m kraji pod \u010dty\u0159i sta: V roce 2018 byl 473 p\u0159\u00edpad\u016f, v roce 2019 to bylo 431 p\u0159\u00edpad, p\u0159edloni 529 a vloni 518 p\u0159\u00edpad\u016f.<\/p>\n<p><em>\u201eProti lymesk\u00e9 boreli\u00f3ze zat\u00edm v na\u0161ich podm\u00ednk\u00e1ch neexistuje o\u010dkov\u00e1n\u00ed. Jedinou obranou je prevence p\u0159ed napaden\u00edm kl\u00ed\u0161t\u011btem. Infikovan\u00e1 kl\u00ed\u0161\u0165ata se v posledn\u00edch letech b\u011b\u017en\u011b vyskytuj\u00ed i v m\u011bstsk\u00fdch parc\u00edch, zahrad\u00e1ch a s\u00eddli\u0161tn\u00ed zeleni i v centrech v\u011bt\u0161\u00edch m\u011bst. K r\u00e1mci prevence je mo\u017en\u00e9 pou\u017e\u00edt repelenty, pom\u00e1h\u00e1 spr\u00e1vn\u00e9 oble\u010den\u00ed \u010di rozumn\u00fd zp\u016fsob pohybu v p\u0159\u00edrod\u011b. V sezon\u011b doporu\u010dujeme se po p\u0159\u00edchodu p\u0159evl\u00e9ci, pokud je to mo\u017en\u00e9 osprchovat se a pozorn\u011b prohl\u00e9dnout povrch t\u011bla. Plat\u00ed, \u017ee \u010d\u00edm d\u0159\u00edve se poda\u0159\u00ed kl\u00ed\u0161t\u011b objevit a spr\u00e1vn\u011b odstranit, t\u00edm je riziko p\u0159enosu infekce ni\u017e\u0161\u00ed. Pro p\u0159enos infek\u010dn\u00ed d\u00e1vky posta\u010d\u00ed v p\u0159\u00edpad\u011b kl\u00ed\u0161\u0165ov\u00e9 encefalitidy n\u011bkolik hodin,\u201c<\/em> uv\u00e1d\u00ed \u0159editelka protiepidemick\u00e9ho odboru KHS MUDr. Hana Bend\u00edkov\u00e1.<\/p>\n<p>Pod\u00edv\u00e1me-li se tedy na aktu\u00e1ln\u00ed data za zkr\u00e1cen\u00fd p\u0159edvelikono\u010dn\u00ed 13. t\u00fdden, nahl\u00e1\u0161eno bylo v kraji 64 potvrzen\u00fdch p\u0159\u00edpad\u016f lymesk\u00e9 boreli\u00f3zy. Nejv\u00edce na \u010ceskobud\u011bjovicku (26), T\u00e1borsku (10) a Jind\u0159ichohradecku (14). To potvrzuje trendy posledn\u00edch let. D\u00e1le je aktu\u00e1ln\u011b na Prachaticku 6 potvrzen\u00fdch p\u0159\u00edpad\u016f, na P\u00edsecku 4 a na Strakonicku a \u010ceskokrumlovsku po 2. Hygienici letos v kraji eviduj\u00ed i jeden potvrzen\u00fd p\u0159\u00edpad kl\u00ed\u0161\u0165ov\u00e9 encefalitidy a to na \u010ceskobud\u011bjovicku.<\/p>\n<p>\u2022 Co se t\u00fd\u010de kl\u00ed\u0161\u0165ov\u00e9 encefalitidy, v absolutn\u00edch \u010d\u00edslech byl v\u00fdskyt za posledn\u00ed roky nejvy\u0161\u0161\u00ed na \u010ceskobud\u011bjovicku, \u010ceskokrumlovsku a Prachaticku. Z hlediska jiho\u010desk\u00fdch okres\u016f je naopak okresem s dlouhodob\u011b nejni\u017e\u0161\u00edm v\u00fdskytem kl\u00ed\u0161\u0165aty p\u0159en\u00e1\u0161en\u00fdch onemocn\u011bn\u00ed P\u00edsecko. Co se t\u00fd\u010de sez\u00f3nnosti, nov\u011b nahl\u00e1\u0161en\u00e9 p\u0159\u00edpady se objevuj\u00ed nejv\u00edce od b\u0159ezna \u010di dubna do listopadu, zhruba ve dvou vln\u00e1ch s vrcholem v srpnu, respektive \u0159\u00edjnu. U lymesk\u00e9 boreli\u00f3zy vzhledem k charakteru pr\u016fb\u011bhu onemocn\u011bn\u00ed je\u0161t\u011b i v listopadu i v prosinci.<\/p>\n<hr \/>\n<p>&nbsp;<\/p>\n<p>\u2022V roce 2022 hygienici v Jiho\u010desk\u00e9m kraji evidovali 529 p\u0159\u00edpad\u016f nahl\u00e1\u0161en\u00fdch a potvrzen\u00fdch p\u0159\u00edpad\u016f lymesk\u00e9 boreli\u00f3zy a 130 p\u0159\u00edpad\u016f kl\u00ed\u0161\u0165ov\u00e9 encefalitidy, v roce 2023 to bylo 518 p\u0159\u00edpad\u016f lymesk\u00e9 boreli\u00f3zy a 81 p\u0159\u00edpad\u016f kl\u00ed\u0161\u0165ov\u00e9 encefalitidy<\/p>\n<p>\u2022Jiho\u010desk\u00fd kraj je dlouhodob\u011b regionem s jedn\u00edm z nejvy\u0161\u0161\u00edch v\u00fdskyt\u016f kl\u00ed\u0161\u0165ov\u00e9 encefalitidy ve st\u0159edn\u00ed Evrop\u011b, v posledn\u00edch dvou letech stoupaj\u00ed i po\u010dty nahl\u00e1\u0161en\u00fdch a potvrzen\u00fdch p\u0159\u00edpad\u016f lymesk\u00e9 boreli\u00f3zy.<\/p>\n<p><strong>V\u00fdskyt lymesk\u00e9 boreli\u00f3zy za posledn\u00ed roky<\/strong><\/p>\n<ul>\n<li>V r. 2018 to bylo 473 p\u0159\u00edpad\u016f<\/li>\n<li>V r. 2019 to bylo 431 p\u0159\u00edpad\u016f<\/li>\n<li>V r. 2020 to bylo 367 p\u0159\u00edpad\u016f<\/li>\n<li>V r. 2021 to bylo 270 p\u0159\u00edpad\u016f<\/li>\n<li>V r. 2022 to bylo 529 p\u0159\u00edpad\u016f<\/li>\n<li>V r. 2023 to bylo 518 p\u0159\u00edpad\u016f<\/li>\n<\/ul>\n<p><strong>V\u00fdskyt kl\u00ed\u0161\u0165ov\u00e9 encefalitidy v absolutn\u00edch \u010d\u00edslech za posledn\u00ed roky<\/strong><\/p>\n<ul>\n<li>V r. 2018 to bylo 121 p\u0159\u00edpad\u016f<\/li>\n<li>V r. 2019 to bylo 99 p\u0159\u00edpad\u016f<\/li>\n<li>V r. 2020 to bylo 137 p\u0159\u00edpad\u016f<\/li>\n<li>V r. 2021 to bylo 83 p\u0159\u00edpad\u016f<\/li>\n<li>V r. 2022 to bylo 130 p\u0159\u00edpad\u016f<\/li>\n<li>V r. 2023 to bylo 81 p\u0159\u00edpad\u016f<\/li>\n<\/ul>\n<p>Vedle m\u00edsta trval\u00e9ho pobytu infikovan\u00fdch osob je zaj\u00edmav\u00e9 i srovn\u00e1n\u00ed podle v\u011bku, kdy osoba onemocn\u011bla. U obou nej\u010dast\u011bj\u0161\u00edch onemocn\u011bn\u00ed p\u0159evl\u00e1daj\u00ed skupiny star\u0161\u00edch dosp\u011bl\u00fdch a senior\u016f.<\/p>\n<ul>\n<li>\u00b7 U kl\u00ed\u0161\u0165ov\u00e9 encefalitidy byl nejvy\u0161\u0161\u00ed po\u010det onemocn\u011bn\u00ed v posledn\u00edch letech registrov\u00e1na ve skupin\u011b 45 \u2013 54 let, 65 \u2013 74 let a 55 \u2013 64 let<\/li>\n<li>\u00b7 U lymesk\u00e9 boreli\u00f3zy to jsou v\u011bkov\u00e9 skupiny 65 \u2013 74 let, 55-64 let a 45 \u2013 54 let<\/li>\n<li>\u00b7 Kl\u00ed\u0161\u0165ov\u00e1 encefalitida je onemocn\u011bn\u00ed virov\u00e9ho p\u016fvodu s p\u0159\u00edrodn\u00ed ohniskovost\u00ed, m\u016f\u017ee m\u00edt fat\u00e1ln\u00ed n\u00e1sledky, nap\u0159\u00edklad po\u0161kozen\u00ed nervov\u00e9ho syst\u00e9mu a ochrnut\u00ed<\/li>\n<li>\u00b7 Onemocn\u011bn\u00ed kl\u00ed\u0161\u0165ovou encefalitidou se projev\u00ed v prvn\u00ed f\u00e1zi po jednom a\u017e dvou t\u00fddnech od p\u0159is\u00e1t\u00ed zv\u00fd\u0161enou teplotou \u010di hore\u010dkou, mal\u00e1tnost\u00ed, bolestmi hlavy \u010di kloub\u016f<\/li>\n<li>\u00b7 Druh\u00e1 f\u00e1ze nastoup\u00ed po n\u011bkolika dnech relativn\u00edho klidu vysok\u00fdmi hore\u010dkami a p\u0159\u00edznaky napaden\u00ed centr\u00e1ln\u00edho nervov\u00e9ho syst\u00e9mu, kam krom\u011b siln\u00fdch bolest\u00ed hlavy pat\u0159\u00ed z\u00e1vrat\u011b, poruchy sp\u00e1nku, dezorientace, svalov\u00fd t\u0159es \u010di tuhost sval\u016f v \u0161\u00edji<\/li>\n<li>\u00b7 U osob s oslabenou imunitou, soub\u011b\u017en\u00fdm chronick\u00fdm onemocn\u011bn\u00edm \u010di u senior\u016f m\u016f\u017ee b\u00fdt pr\u016fb\u011bh z\u00e1va\u017en\u00fd v\u010detn\u011b ochrnut\u00ed a selh\u00e1v\u00e1n\u00ed \u017eivotn\u011b d\u016fle\u017eit\u00fdch funkc\u00ed<\/li>\n<li>\u00b7 U v\u0161ech pacient\u016f je d\u016fle\u017eit\u00fd klid na l\u016f\u017eku a podp\u016frn\u00e1 l\u00e9\u010dba<\/li>\n<li>\u00b7 Lymesk\u00e1 boreli\u00f3za je bakteri\u00e1ln\u00ed onemocn\u011bn\u00ed, asi p\u011btkr\u00e1t \u010dast\u011bj\u0161\u00ed ne\u017e kl\u00ed\u0161\u0165ov\u00e1 encefalitida, proto\u017ee p\u0159\u00edtomnost borreli\u00ed vykazuje v ohnisc\u00edch a\u017e deset procent populace kl\u00ed\u0161\u0165at. V ji\u017en\u00edch \u010cech\u00e1ch se nejv\u00edce p\u0159\u00edpad\u016f vyskytuje dlouhodob\u011b p\u0159edev\u0161\u00edm na Jind\u0159ichohradecku a T\u00e1borsku, tedy v povod\u00ed Ne\u017e\u00e1rky a Lu\u017enice, v posledn\u00edch letech stoup\u00e1 v\u00fdskyt i ve vy\u0161\u0161\u00edch nadmo\u0159sk\u00fdch v\u00fd\u0161k\u00e1ch a z okres\u016f velmi v\u00fdrazn\u011b v okrese \u010cesk\u00fd Krumlov<\/li>\n<li>\u00b7 Proti lymesk\u00e9 boreli\u00f3ze neexistuje v na\u0161ich podm\u00ednk\u00e1ch o\u010dkov\u00e1n\u00ed, jej\u00ed p\u0159\u00edznaky je mo\u017en\u00e9 l\u00e9\u010dit antibiotiky<\/li>\n<li>\u00b7 U boreli\u00f3zy m\u016f\u017ee b\u00fdt symptomem prvn\u00edho st\u00e1dia \u010derven\u00e1 skvrna, \u0161\u00ed\u0159\u00edc\u00ed se kolem m\u00edsta p\u0159is\u00e1t\u00ed<\/li>\n<li>\u00b7 Druh\u00e9 st\u00e1dium m\u00e1 chronick\u00fd pr\u016fb\u011bh a nastupuje i n\u011bkolik m\u011bs\u00edc\u016f po p\u0159is\u00e1t\u00ed<\/li>\n<li>\u00b7 Projevuje se bolestmi kloub\u016f \u010di posti\u017een\u00edm nervov\u00e9ho syst\u00e9mu, i boreli\u00f3za m\u016f\u017ee m\u00edt u oslaben\u00fdch pacient\u016f z\u00e1va\u017en\u00fd pr\u016fb\u011bh<\/li>\n<li>\u00b7 Doporu\u010dovanou prevenc\u00ed kl\u00ed\u0161\u0165ov\u00e9 encefalitidy je \u00fa\u010dinn\u00e9 o\u010dkov\u00e1n\u00ed, kter\u00e9 je optim\u00e1ln\u00ed postoupit p\u0159ed za\u010d\u00e1tkem hlavn\u00ed sez\u00f3ny aktivity kl\u00ed\u0161\u0165at, tedy na za\u010d\u00e1tku jara<\/li>\n<li>\u00b7 D\u016fle\u017eit\u00e1 je aktivn\u00ed obrana p\u0159i pobytu v p\u0159\u00edrod\u011b &#8211; spr\u00e1vn\u00e9 oble\u010den\u00ed a pou\u017eit\u00ed repelent\u016f<\/li>\n<li>\u00b7 Pro p\u0159enos infek\u010dn\u00ed d\u00e1vky z p\u0159is\u00e1t\u00e9ho kl\u00ed\u0161t\u011bte posta\u010d\u00ed v p\u0159\u00edpad\u011b encefalitidy n\u011bkolik m\u00e1lo hodin, t\u0159eba i pouh\u00e9 dv\u011b hodiny<\/li>\n<li>\u00b7 Aktivita kl\u00ed\u0161\u0165at z\u00e1vis\u00ed na klimatick\u00fdch podm\u00ednk\u00e1ch, vyhovuje jim tepl\u00e9 vlhk\u00e9 po\u010das\u00ed a m\u016f\u017ee se li\u0161it i v pr\u016fb\u011bhu dne, kdy b\u00fdvaj\u00ed kl\u00ed\u0161\u0165ata aktivn\u011bj\u0161\u00edch v rann\u00edch a dopoledn\u00edch hodin\u00e1ch<\/li>\n<li>\u00b7 V na\u0161ich podm\u00ednk\u00e1ch s oteplov\u00e1n\u00edm a zimami bez v\u00fdrazn\u00fdch mraz\u016f kl\u00ed\u0161\u0165ata migruj\u00ed i do vy\u0161\u0161\u00edch nadmo\u0159sk\u00fdch v\u00fd\u0161ek a\u017e kolem tis\u00edce metr\u016f, o \u010dem\u017e sv\u011bd\u010d\u00ed n\u00e1r\u016fst po\u010dtu p\u0159\u00edpad\u016f na \u0160umav\u011b v okresech \u010cesk\u00fd Krumlov a Prachatice<\/li>\n<li>\u00b7 Hygienici eviduj\u00ed prvn\u00ed p\u0159\u00edpady onemocn\u011bn\u00ed podle pr\u016fb\u011bhu zimy, charakteru po\u010das\u00ed atp. ji\u017e v b\u0159eznu s t\u00edm, \u017ee posledn\u00ed p\u0159\u00edpady se projevuj\u00ed b\u011b\u017en\u011b v listopadu<\/li>\n<li>\u00b7 O\u010dkov\u00e1n\u00ed proti kl\u00ed\u0161\u0165ov\u00e9 encefalitid\u011b pro osoby mlad\u0161\u00ed pades\u00e1ti let nen\u00ed hrazeno ze zdravotn\u00edho poji\u0161t\u011bn\u00ed, samotn\u00e9 o\u010dkov\u00e1n\u00ed realizuj\u00ed prakti\u010dt\u00ed l\u00e9ka\u0159i nebo o\u010dkovac\u00ed centra, zdravotn\u00ed poji\u0161\u0165ovny na n\u011b p\u0159isp\u00edvaj\u00ed dle sv\u00fdch program\u016f, zdarma je o\u010dkov\u00e1n\u00ed pro osoby star\u0161\u00ed pades\u00e1ti let<\/li>\n<li>\u00b7 Informace k p\u0159edpokl\u00e1dan\u00e9 aktivit\u011b kl\u00ed\u0161\u0165at zve\u0159ej\u0148uje v sez\u00f3n\u011b \u010cesk\u00fd hydrometeorologick\u00fd \u00fastav a informace k prevenci onemocn\u011bn\u00ed St\u00e1tn\u00ed zdravotn\u00ed \u00fastav \u010di krajsk\u00e9 hygienick\u00e9 stanice<\/li>\n<\/ul>\n<p>&nbsp;<\/p>\n<p><strong>(tz-khs)<\/strong><\/p>\n<hr \/>\n<p>&nbsp;<\/p>\n","protected":false},"excerpt":{"rendered":"<p>&nbsp; Nemocnost <\/p>\n","protected":false},"author":2,"featured_media":199605,"comment_status":"open","ping_status":"open","sticky":false,"template":"","format":"gallery","meta":{"footnotes":""},"categories":[128],"tags":[],"jetpack_featured_media_url":"https:\/\/zakrasnejsivimperk.cz\/wp-content\/uploads\/2020\/08\/06\/khs-logo.jpg","_links":{"self":[{"href":"https:\/\/zakrasnejsivimperk.cz\/index.php?rest_route=\/wp\/v2\/posts\/302232"}],"collection":[{"href":"https:\/\/zakrasnejsivimperk.cz\/index.php?rest_route=\/wp\/v2\/posts"}],"about":[{"href":"https:\/\/zakrasnejsivimperk.cz\/index.php?rest_route=\/wp\/v2\/types\/post"}],"author":[{"embeddable":true,"href":"https:\/\/zakrasnejsivimperk.cz\/index.php?rest_route=\/wp\/v2\/users\/2"}],"replies":[{"embeddable":true,"href":"https:\/\/zakrasnejsivimperk.cz\/index.php?rest_route=%2Fwp%2Fv2%2Fcomments&post=302232"}],"version-history":[{"count":1,"href":"https:\/\/zakrasnejsivimperk.cz\/index.php?rest_route=\/wp\/v2\/posts\/302232\/revisions"}],"predecessor-version":[{"id":302235,"href":"https:\/\/zakrasnejsivimperk.cz\/index.php?rest_route=\/wp\/v2\/posts\/302232\/revisions\/302235"}],"wp:featuredmedia":[{"embeddable":true,"href":"https:\/\/zakrasnejsivimperk.cz\/index.php?rest_route=\/wp\/v2\/media\/199605"}],"wp:attachment":[{"href":"https:\/\/zakrasnejsivimperk.cz\/index.php?rest_route=%2Fwp%2Fv2%2Fmedia&parent=302232"}],"wp:term":[{"taxonomy":"category","embeddable":true,"href":"https:\/\/zakrasnejsivimperk.cz\/index.php?rest_route=%2Fwp%2Fv2%2Fcategories&post=302232"},{"taxonomy":"post_tag","embeddable":true,"href":"https:\/\/zakrasnejsivimperk.cz\/index.php?rest_route=%2Fwp%2Fv2%2Ftags&post=302232"}],"curies":[{"name":"wp","href":"https:\/\/api.w.org\/{rel}","templated":true}]}}