{"id":301208,"date":"2024-03-20T13:47:19","date_gmt":"2024-03-20T12:47:19","guid":{"rendered":"https:\/\/zakrasnejsivimperk.cz\/?p=301208"},"modified":"2024-03-21T13:10:04","modified_gmt":"2024-03-21T12:10:04","slug":"region-sumava-na-iii-rallyshow-vacov-si-to-uz-tuto-sobotu-rozda-dakar-s-wrc","status":"publish","type":"post","link":"https:\/\/zakrasnejsivimperk.cz\/?p=301208","title":{"rendered":"REGION \/ \u0160UMAVA: Na III. Rallyshow Vacov si to u\u017e tuto sobotu rozd\u00e1 Dakar s WRC"},"content":{"rendered":"<p><img loading=\"lazy\" decoding=\"async\" class=\"aligncenter wp-image-301210 size-full\" src=\"https:\/\/zakrasnejsivimperk.cz\/wp-content\/uploads\/2024\/03\/20\/Rallyshow-Vacov-2.jpg\" alt=\"\" width=\"1763\" height=\"923\" srcset=\"https:\/\/zakrasnejsivimperk.cz\/wp-content\/uploads\/2024\/03\/20\/Rallyshow-Vacov-2.jpg 1763w, https:\/\/zakrasnejsivimperk.cz\/wp-content\/uploads\/2024\/03\/20\/Rallyshow-Vacov-2-300x157.jpg 300w, https:\/\/zakrasnejsivimperk.cz\/wp-content\/uploads\/2024\/03\/20\/Rallyshow-Vacov-2-1024x536.jpg 1024w, https:\/\/zakrasnejsivimperk.cz\/wp-content\/uploads\/2024\/03\/20\/Rallyshow-Vacov-2-768x402.jpg 768w, https:\/\/zakrasnejsivimperk.cz\/wp-content\/uploads\/2024\/03\/20\/Rallyshow-Vacov-2-1536x804.jpg 1536w, https:\/\/zakrasnejsivimperk.cz\/wp-content\/uploads\/2024\/03\/20\/Rallyshow-Vacov-2-682x357.jpg 682w, https:\/\/zakrasnejsivimperk.cz\/wp-content\/uploads\/2024\/03\/20\/Rallyshow-Vacov-2-923x483.jpg 923w\" sizes=\"(max-width: 1763px) 100vw, 1763px\" \/><\/p>\n<p>&nbsp;<\/p>\n<h6>Na \u0160umav\u011b se u\u017e v sobotu 23. b\u0159ezna od 14 hodin uskute\u010dn\u00ed t\u0159et\u00ed ro\u010dn\u00edk Rallyshow Vacov, a to rovnou se dv\u011bma motoristick\u00fdmi vrcholy pro \u010cesko najednou. Leto\u0161n\u00edm t\u00e9matem je toti\u017e porovn\u00e1n\u00ed nejslavn\u011bj\u0161\u00edho a nejt\u011b\u017e\u0161\u00edho z\u00e1vodu na planet\u011b \u2013 Rally Dakar se z\u00e1vody mistrovstv\u00ed sv\u011bta v rally WRC. \u0158e\u010d bude nejen o uplynul\u00e9 a pro \u010desk\u00e9 barvy tentokr\u00e1t velmi \u00fasp\u011b\u0161n\u00e9 Rally Dakar, ale tak\u00e9 o prvn\u00edm z\u00e1vodu mistrovstv\u00ed sv\u011bta na \u00fazem\u00ed \u010cesk\u00e9 republiky Central European Rally.<\/h6>\n<p><em><a href=\"https:\/\/zakrasnejsivimperk.cz\/wp-content\/uploads\/2024\/03\/20\/Rallyshow-Vacov-5.jpg\" target=\"_blank\" rel=\"noopener\"><img loading=\"lazy\" decoding=\"async\" class=\"alignright wp-image-301213\" src=\"https:\/\/zakrasnejsivimperk.cz\/wp-content\/uploads\/2024\/03\/20\/Rallyshow-Vacov-5-213x300.jpg\" alt=\"\" width=\"400\" height=\"563\" srcset=\"https:\/\/zakrasnejsivimperk.cz\/wp-content\/uploads\/2024\/03\/20\/Rallyshow-Vacov-5-213x300.jpg 213w, https:\/\/zakrasnejsivimperk.cz\/wp-content\/uploads\/2024\/03\/20\/Rallyshow-Vacov-5-254x357.jpg 254w, https:\/\/zakrasnejsivimperk.cz\/wp-content\/uploads\/2024\/03\/20\/Rallyshow-Vacov-5-343x483.jpg 343w, https:\/\/zakrasnejsivimperk.cz\/wp-content\/uploads\/2024\/03\/20\/Rallyshow-Vacov-5.jpg 656w\" sizes=\"(max-width: 400px) 100vw, 400px\" \/><\/a>\u201eT\u00e9mata chceme ka\u017ed\u00fd rok obm\u011b\u0148ovat a pro leto\u0161ek jsme se rozhodli pro porovn\u00e1n\u00ed dvou vz\u00e1jemn\u011b velmi podobn\u00fdch, ale z\u00e1rove\u0148 velmi rozd\u00edln\u00fdch discipl\u00edn. Vedle z\u00e1\u017eitk\u016f z obou zm\u00edn\u011bn\u00fdch z\u00e1vod\u016f n\u00e1s \u010dek\u00e1 zaj\u00edmav\u00e9 porovn\u00e1n\u00ed z r\u016fzn\u00fdch \u00fahl\u016f pohledu. Prvn\u00ed ro\u010dn\u00edk Central European Rally se nav\u00edc na podzim konal tak\u00e9 pr\u00e1v\u011b v nejbli\u017e\u0161\u00edm okol\u00ed Vacova. V\u011bnovat se ale budeme t\u0159eba i souboji tit\u00e1n\u016f na Dakaru v kategorii automobil\u016f, ze kter\u00e9ho nakonec vze\u0161el v\u00edt\u011bzn\u011b Carlos Sainz,\u201c<\/em> komentuje program Rallyshow Vacov 2024 po\u0159adatel a moder\u00e1tor akce Luk\u00e1\u0161 Chum.<\/p>\n<p>Do vacovsk\u00e9ho kulturn\u00edho s\u00e1lu doraz\u00ed hned \u0161est host\u016f. Na stranu Dakaru se postav\u00ed zku\u0161en\u00fd kamio\u0148\u00e1k Jaroslav Valtr a legend\u00e1rn\u00ed navig\u00e1tor a \u010dty\u0159n\u00e1sobn\u00fd dakarsk\u00fd v\u00edt\u011bz Josef Kalina. Se zku\u0161enostmi z Dakaru i z rally doraz\u00ed Karel Trn\u011bn\u00fd. Ten proh\u00e1n\u00ed u\u017e dlouh\u00e1 l\u00e9ta rallyov\u00e9 speci\u00e1ly po trat\u00edch rychlostn\u00edch zkou\u0161ek a letos nav\u00edc p\u0159idal sv\u016fj prvn\u00ed dokon\u010den\u00fd Dakar za volantem automobilu nejvy\u0161\u0161\u00ed t\u0159\u00eddy T1+. P\u0159edstavit se vacovsk\u00e9mu publiku p\u0159ijede i Barbora Holick\u00e1, kter\u00e1 letos jako prvn\u00ed na sv\u011bt\u011b dokon\u010dila Dakar v kategorii Classic s Citro\u00ebnem 2CV alias \u201ekachnou\u201c. Pro fanou\u0161ky si nav\u00edc p\u0159ichystala zaj\u00edmav\u00e9 p\u0159ekvapen\u00ed. <em>\u201eKdy\u017e jsem s moj\u00ed Duckarkou projela Dakar, tak j\u00ed p\u0159ivezu uk\u00e1zat i p\u0159\u00edmo do Vacova. Mo\u017en\u00e1 je\u0161t\u011b i s p\u00edskem z pou\u0161t\u011b,\u201c<\/em> \u0159\u00edk\u00e1 s \u00fasm\u011bvem Barbora Holick\u00e1, kter\u00e1 spolu s Luci\u00ed Engovou dokon\u010dila Dakar jako prvn\u00ed ryze d\u00e1msk\u00e1 \u010desk\u00e1 pos\u00e1dka v historii. Jejich \u201ekachna\u201c vzbudila letos na Dakaru velkou pozornost a z\u00e1jem m\u00e9di\u00ed a v sobotu j\u00ed zaparkuje p\u0159\u00edmo u vstupu do kulturn\u00edho s\u00e1lu ve Vacov\u011b.<\/p>\n<p>Nebude chyb\u011bt ani jeden z nejzku\u0161en\u011bj\u0161\u00edch \u010desk\u00fdch sout\u011b\u017e\u00e1ck\u00fdch navig\u00e1tor\u016f Michal Ernst. V minulosti navigoval t\u0159eba Tom\u00e1\u0161e Engeho nebo Martina Semer\u00e1da. Na sv\u00e9m kont\u011b m\u00e1 nespo\u010det start\u016f ve voze nejvy\u0161\u0161\u00ed specifikace WRC nap\u0159\u00edklad vedle Jana Dohnala nebo \u0160t\u011bp\u00e1na Vojt\u011bcha. Pr\u00e1v\u011b vedle n\u011bho se postavil na podzim na start Central European Rally. Dal\u0161\u00ed z\u00e1vody v mistrovstv\u00ed sv\u011bta v posledn\u00edch letech p\u0159idal po boku Martina Prokopa. Na leto\u0161n\u00edm Dakaru nav\u00edc do c\u00edle navigoval Karla Trn\u011bn\u00e9ho. Rallyovou rodinu ve Vacov\u011b dopln\u00ed dlouholet\u00fd sout\u011b\u017e\u00e1k Vojt\u011bch \u0160tajf s \u010derstv\u00fdmi z\u00e1\u017eitky tak\u00e9 z East African Safari Classic Rally, kter\u00e9 se p\u0159ed V\u00e1noci \u00fa\u010dastnil. Tak\u00e9 on m\u00e1 ale vazbu i na Dakar a nav\u00edc jednu konkr\u00e9tn\u00ed i na vacovsk\u00fd region. O jak\u00e9 vazby jde? To ur\u010dit\u011b absolutn\u00ed v\u00edt\u011bz Rallysprint s\u00e9rie v hodnocen\u00ed poh\u00e1ru 2+ za rok 2023 ve Vacov\u011b prozrad\u00ed.<\/p>\n<p><em>\u201eZvolen\u00e9mu t\u00e9matu pro leto\u0161ek odpov\u00edd\u00e1 i v\u00fdb\u011br host\u016f. Ten ale nebyl vzhledem k ji\u017e prob\u00edhaj\u00edc\u00ed rallyov\u00e9 sez\u00f3n\u011b jednoduch\u00fd a museli jsme ho na posledn\u00ed chv\u00edli upravovat, proto\u017ee spoustu z\u00e1vodn\u00edk\u016f u\u017e m\u00e1 i jin\u00e9 povinnosti a museli svou \u00fa\u010dast zru\u0161it. V\u0161echny pozvan\u00e9 hosty ale vz\u00e1jemn\u011b n\u011bco spojuje, tak\u017ee se ur\u010dit\u011b m\u016f\u017eeme t\u011b\u0161it na zaj\u00edmav\u00e9 historky. Do debaty se ur\u010dit\u011b zapoj\u00ed i dal\u0161\u00ed z\u00e1vodn\u00edci nebo mechanici, kte\u0159\u00ed budou v publiku, tak si poj\u010fme u\u017e\u00edt fajn odpoledne,\u201c<\/em> zve fanou\u0161ky motorsportu do podh\u016f\u0159\u00ed \u0160umavy vacovsk\u00fd rod\u00e1k Luk\u00e1\u0161 Chum.<\/p>\n<p>Ani t\u0159et\u00ed ro\u010dn\u00edk ale nebude jen o pov\u00edd\u00e1n\u00ed. Cel\u00fd program bude prov\u00e1zet propracovan\u00e1 projekce. P\u0159ipraveny jsou nejzaj\u00edmav\u011bj\u0161\u00ed z\u00e1b\u011bry v\u010detn\u011b onboard\u016f. Uvid\u00edte tak\u00e9 ty nejlep\u0161\u00ed fotografie jak z leto\u0161n\u00edho Dakaru, tak z Central European Rally od t\u00fdmu fotograf\u016f, kte\u0159\u00ed byli na m\u00edst\u011b a budou i ve Vacov\u011b. P\u0159ipraven\u00e1 je tradi\u010dn\u011b i autogrami\u00e1da nebo fotokoutek a vedle ji\u017e zm\u00edn\u011bn\u00e9 \u201ekachny\u201c budou vystaven\u00e9 i dal\u0161\u00ed dakarsk\u00e9 a rallyov\u00e9 speci\u00e1ly. T\u011b\u0161it se m\u016f\u017eete t\u0159eba na plnotu\u010dnou dakarskou \u010dty\u0159kolku, Mitsubishi Lancer Evo VI nebo historickou Ladu VFTS.<\/p>\n<p>Ve\u0161ker\u00e9 informace v\u010detn\u011b programu a navigace do kulturn\u00edho s\u00e1lu ve Vacov\u011b najdete na webov\u00e9 str\u00e1nce <a href=\"https:\/\/www.rallyshowvacov.cz\/\" target=\"_blank\" rel=\"noopener\"><strong>www.rallyshowvacov.cz<\/strong><\/a>.<\/p>\n<p><strong>Rallyshow Vacov na soci\u00e1ln\u00edch s\u00edt\u00edch: <\/strong><\/p>\n<p>Facebook: <a href=\"https:\/\/www.facebook.com\/rallyshowvacov\" target=\"_blank\" rel=\"noopener\"><strong>https:\/\/www.facebook.com\/rallyshowvacov <\/strong><\/a><\/p>\n<p>Instagram: <a href=\"https:\/\/www.instagram.com\/rallyshowvacov\" target=\"_blank\" rel=\"noopener\"><strong>https:\/\/www.instagram.com\/rallyshowvacov <\/strong><\/a><\/p>\n<p>Ud\u00e1lost na Facebooku: <a href=\"https:\/\/www.facebook.com\/events\/3629467820632410\"><strong>https:\/\/www.facebook.com\/events\/3629467820632410<\/strong><\/a><\/p>\n<p>&nbsp;<\/p>\n<p><strong>Text a foto: (tz-lch)<\/strong><\/p>\n<p>&nbsp;<\/p>\n<div id='gallery-1' class='gallery galleryid-301208 gallery-columns-3 gallery-size-medium'><figure class='gallery-item'>\n\t\t\t<div class='gallery-icon landscape'>\n\t\t\t\t<a href='https:\/\/zakrasnejsivimperk.cz\/?attachment_id=301212'><img loading=\"lazy\" decoding=\"async\" width=\"300\" height=\"200\" src=\"https:\/\/zakrasnejsivimperk.cz\/wp-content\/uploads\/2024\/03\/20\/Rallyshow-Vacov-4-300x200.jpg\" class=\"attachment-medium size-medium\" alt=\"\" srcset=\"https:\/\/zakrasnejsivimperk.cz\/wp-content\/uploads\/2024\/03\/20\/Rallyshow-Vacov-4-300x200.jpg 300w, https:\/\/zakrasnejsivimperk.cz\/wp-content\/uploads\/2024\/03\/20\/Rallyshow-Vacov-4-1024x683.jpg 1024w, https:\/\/zakrasnejsivimperk.cz\/wp-content\/uploads\/2024\/03\/20\/Rallyshow-Vacov-4-768x512.jpg 768w, https:\/\/zakrasnejsivimperk.cz\/wp-content\/uploads\/2024\/03\/20\/Rallyshow-Vacov-4-535x357.jpg 535w, https:\/\/zakrasnejsivimperk.cz\/wp-content\/uploads\/2024\/03\/20\/Rallyshow-Vacov-4-724x483.jpg 724w, https:\/\/zakrasnejsivimperk.cz\/wp-content\/uploads\/2024\/03\/20\/Rallyshow-Vacov-4.jpg 1384w\" sizes=\"(max-width: 300px) 100vw, 300px\" \/><\/a>\n\t\t\t<\/div><\/figure><figure class='gallery-item'>\n\t\t\t<div class='gallery-icon landscape'>\n\t\t\t\t<a href='https:\/\/zakrasnejsivimperk.cz\/?attachment_id=301215'><img loading=\"lazy\" decoding=\"async\" width=\"300\" height=\"200\" src=\"https:\/\/zakrasnejsivimperk.cz\/wp-content\/uploads\/2024\/03\/20\/Rallyshow-Vacov-7-300x200.jpg\" class=\"attachment-medium size-medium\" alt=\"\" srcset=\"https:\/\/zakrasnejsivimperk.cz\/wp-content\/uploads\/2024\/03\/20\/Rallyshow-Vacov-7-300x200.jpg 300w, https:\/\/zakrasnejsivimperk.cz\/wp-content\/uploads\/2024\/03\/20\/Rallyshow-Vacov-7-1024x683.jpg 1024w, https:\/\/zakrasnejsivimperk.cz\/wp-content\/uploads\/2024\/03\/20\/Rallyshow-Vacov-7-768x512.jpg 768w, https:\/\/zakrasnejsivimperk.cz\/wp-content\/uploads\/2024\/03\/20\/Rallyshow-Vacov-7-535x357.jpg 535w, https:\/\/zakrasnejsivimperk.cz\/wp-content\/uploads\/2024\/03\/20\/Rallyshow-Vacov-7-724x483.jpg 724w, https:\/\/zakrasnejsivimperk.cz\/wp-content\/uploads\/2024\/03\/20\/Rallyshow-Vacov-7.jpg 1384w\" sizes=\"(max-width: 300px) 100vw, 300px\" \/><\/a>\n\t\t\t<\/div><\/figure><figure class='gallery-item'>\n\t\t\t<div class='gallery-icon landscape'>\n\t\t\t\t<a href='https:\/\/zakrasnejsivimperk.cz\/?attachment_id=301216'><img loading=\"lazy\" decoding=\"async\" width=\"300\" height=\"200\" src=\"https:\/\/zakrasnejsivimperk.cz\/wp-content\/uploads\/2024\/03\/20\/Rallyshow-Vacov-8-300x200.jpg\" class=\"attachment-medium size-medium\" alt=\"\" srcset=\"https:\/\/zakrasnejsivimperk.cz\/wp-content\/uploads\/2024\/03\/20\/Rallyshow-Vacov-8-300x200.jpg 300w, https:\/\/zakrasnejsivimperk.cz\/wp-content\/uploads\/2024\/03\/20\/Rallyshow-Vacov-8-1024x683.jpg 1024w, https:\/\/zakrasnejsivimperk.cz\/wp-content\/uploads\/2024\/03\/20\/Rallyshow-Vacov-8-768x512.jpg 768w, https:\/\/zakrasnejsivimperk.cz\/wp-content\/uploads\/2024\/03\/20\/Rallyshow-Vacov-8-535x357.jpg 535w, https:\/\/zakrasnejsivimperk.cz\/wp-content\/uploads\/2024\/03\/20\/Rallyshow-Vacov-8-724x483.jpg 724w, https:\/\/zakrasnejsivimperk.cz\/wp-content\/uploads\/2024\/03\/20\/Rallyshow-Vacov-8.jpg 1384w\" sizes=\"(max-width: 300px) 100vw, 300px\" \/><\/a>\n\t\t\t<\/div><\/figure><figure class='gallery-item'>\n\t\t\t<div class='gallery-icon landscape'>\n\t\t\t\t<a href='https:\/\/zakrasnejsivimperk.cz\/?attachment_id=301211'><img loading=\"lazy\" decoding=\"async\" width=\"300\" height=\"200\" src=\"https:\/\/zakrasnejsivimperk.cz\/wp-content\/uploads\/2024\/03\/20\/Rallyshow-Vacov-3-300x200.jpg\" class=\"attachment-medium size-medium\" alt=\"\" srcset=\"https:\/\/zakrasnejsivimperk.cz\/wp-content\/uploads\/2024\/03\/20\/Rallyshow-Vacov-3-300x200.jpg 300w, https:\/\/zakrasnejsivimperk.cz\/wp-content\/uploads\/2024\/03\/20\/Rallyshow-Vacov-3-1024x683.jpg 1024w, https:\/\/zakrasnejsivimperk.cz\/wp-content\/uploads\/2024\/03\/20\/Rallyshow-Vacov-3-768x512.jpg 768w, https:\/\/zakrasnejsivimperk.cz\/wp-content\/uploads\/2024\/03\/20\/Rallyshow-Vacov-3-535x357.jpg 535w, https:\/\/zakrasnejsivimperk.cz\/wp-content\/uploads\/2024\/03\/20\/Rallyshow-Vacov-3-724x483.jpg 724w, https:\/\/zakrasnejsivimperk.cz\/wp-content\/uploads\/2024\/03\/20\/Rallyshow-Vacov-3.jpg 1384w\" sizes=\"(max-width: 300px) 100vw, 300px\" \/><\/a>\n\t\t\t<\/div><\/figure><figure class='gallery-item'>\n\t\t\t<div class='gallery-icon landscape'>\n\t\t\t\t<a href='https:\/\/zakrasnejsivimperk.cz\/?attachment_id=301209'><img loading=\"lazy\" decoding=\"async\" width=\"300\" height=\"200\" src=\"https:\/\/zakrasnejsivimperk.cz\/wp-content\/uploads\/2024\/03\/20\/Rallyshow-Vacov-1-300x200.jpg\" class=\"attachment-medium size-medium\" alt=\"\" srcset=\"https:\/\/zakrasnejsivimperk.cz\/wp-content\/uploads\/2024\/03\/20\/Rallyshow-Vacov-1-300x200.jpg 300w, https:\/\/zakrasnejsivimperk.cz\/wp-content\/uploads\/2024\/03\/20\/Rallyshow-Vacov-1-1024x683.jpg 1024w, https:\/\/zakrasnejsivimperk.cz\/wp-content\/uploads\/2024\/03\/20\/Rallyshow-Vacov-1-768x512.jpg 768w, https:\/\/zakrasnejsivimperk.cz\/wp-content\/uploads\/2024\/03\/20\/Rallyshow-Vacov-1-535x357.jpg 535w, https:\/\/zakrasnejsivimperk.cz\/wp-content\/uploads\/2024\/03\/20\/Rallyshow-Vacov-1-724x483.jpg 724w, https:\/\/zakrasnejsivimperk.cz\/wp-content\/uploads\/2024\/03\/20\/Rallyshow-Vacov-1.jpg 1384w\" sizes=\"(max-width: 300px) 100vw, 300px\" \/><\/a>\n\t\t\t<\/div><\/figure><figure class='gallery-item'>\n\t\t\t<div class='gallery-icon landscape'>\n\t\t\t\t<a href='https:\/\/zakrasnejsivimperk.cz\/?attachment_id=301217'><img loading=\"lazy\" decoding=\"async\" width=\"300\" height=\"200\" src=\"https:\/\/zakrasnejsivimperk.cz\/wp-content\/uploads\/2024\/03\/20\/Rallyshow-Vacov-9-300x200.jpg\" class=\"attachment-medium size-medium\" alt=\"\" srcset=\"https:\/\/zakrasnejsivimperk.cz\/wp-content\/uploads\/2024\/03\/20\/Rallyshow-Vacov-9-300x200.jpg 300w, https:\/\/zakrasnejsivimperk.cz\/wp-content\/uploads\/2024\/03\/20\/Rallyshow-Vacov-9-1024x683.jpg 1024w, https:\/\/zakrasnejsivimperk.cz\/wp-content\/uploads\/2024\/03\/20\/Rallyshow-Vacov-9-768x512.jpg 768w, https:\/\/zakrasnejsivimperk.cz\/wp-content\/uploads\/2024\/03\/20\/Rallyshow-Vacov-9-535x357.jpg 535w, https:\/\/zakrasnejsivimperk.cz\/wp-content\/uploads\/2024\/03\/20\/Rallyshow-Vacov-9-724x483.jpg 724w, https:\/\/zakrasnejsivimperk.cz\/wp-content\/uploads\/2024\/03\/20\/Rallyshow-Vacov-9.jpg 1384w\" sizes=\"(max-width: 300px) 100vw, 300px\" \/><\/a>\n\t\t\t<\/div><\/figure><figure class='gallery-item'>\n\t\t\t<div class='gallery-icon landscape'>\n\t\t\t\t<a href='https:\/\/zakrasnejsivimperk.cz\/?attachment_id=301214'><img loading=\"lazy\" decoding=\"async\" width=\"300\" height=\"200\" src=\"https:\/\/zakrasnejsivimperk.cz\/wp-content\/uploads\/2024\/03\/20\/Rallyshow-Vacov-6-300x200.jpg\" class=\"attachment-medium size-medium\" alt=\"\" srcset=\"https:\/\/zakrasnejsivimperk.cz\/wp-content\/uploads\/2024\/03\/20\/Rallyshow-Vacov-6-300x200.jpg 300w, https:\/\/zakrasnejsivimperk.cz\/wp-content\/uploads\/2024\/03\/20\/Rallyshow-Vacov-6-1024x683.jpg 1024w, https:\/\/zakrasnejsivimperk.cz\/wp-content\/uploads\/2024\/03\/20\/Rallyshow-Vacov-6-768x512.jpg 768w, https:\/\/zakrasnejsivimperk.cz\/wp-content\/uploads\/2024\/03\/20\/Rallyshow-Vacov-6-535x357.jpg 535w, https:\/\/zakrasnejsivimperk.cz\/wp-content\/uploads\/2024\/03\/20\/Rallyshow-Vacov-6-724x483.jpg 724w, https:\/\/zakrasnejsivimperk.cz\/wp-content\/uploads\/2024\/03\/20\/Rallyshow-Vacov-6.jpg 1384w\" sizes=\"(max-width: 300px) 100vw, 300px\" \/><\/a>\n\t\t\t<\/div><\/figure>\n\t\t<\/div>\n\n<hr \/>\n<p>&nbsp;<\/p>\n","protected":false},"excerpt":{"rendered":"<p>&nbsp; Na <\/p>\n","protected":false},"author":2,"featured_media":301219,"comment_status":"open","ping_status":"open","sticky":false,"template":"","format":"gallery","meta":{"footnotes":""},"categories":[71,83],"tags":[],"jetpack_featured_media_url":"https:\/\/zakrasnejsivimperk.cz\/wp-content\/uploads\/2024\/03\/20\/ram-rallye.jpg","_links":{"self":[{"href":"https:\/\/zakrasnejsivimperk.cz\/index.php?rest_route=\/wp\/v2\/posts\/301208"}],"collection":[{"href":"https:\/\/zakrasnejsivimperk.cz\/index.php?rest_route=\/wp\/v2\/posts"}],"about":[{"href":"https:\/\/zakrasnejsivimperk.cz\/index.php?rest_route=\/wp\/v2\/types\/post"}],"author":[{"embeddable":true,"href":"https:\/\/zakrasnejsivimperk.cz\/index.php?rest_route=\/wp\/v2\/users\/2"}],"replies":[{"embeddable":true,"href":"https:\/\/zakrasnejsivimperk.cz\/index.php?rest_route=%2Fwp%2Fv2%2Fcomments&post=301208"}],"version-history":[{"count":1,"href":"https:\/\/zakrasnejsivimperk.cz\/index.php?rest_route=\/wp\/v2\/posts\/301208\/revisions"}],"predecessor-version":[{"id":301218,"href":"https:\/\/zakrasnejsivimperk.cz\/index.php?rest_route=\/wp\/v2\/posts\/301208\/revisions\/301218"}],"wp:featuredmedia":[{"embeddable":true,"href":"https:\/\/zakrasnejsivimperk.cz\/index.php?rest_route=\/wp\/v2\/media\/301219"}],"wp:attachment":[{"href":"https:\/\/zakrasnejsivimperk.cz\/index.php?rest_route=%2Fwp%2Fv2%2Fmedia&parent=301208"}],"wp:term":[{"taxonomy":"category","embeddable":true,"href":"https:\/\/zakrasnejsivimperk.cz\/index.php?rest_route=%2Fwp%2Fv2%2Fcategories&post=301208"},{"taxonomy":"post_tag","embeddable":true,"href":"https:\/\/zakrasnejsivimperk.cz\/index.php?rest_route=%2Fwp%2Fv2%2Ftags&post=301208"}],"curies":[{"name":"wp","href":"https:\/\/api.w.org\/{rel}","templated":true}]}}