{"id":300728,"date":"2024-03-17T12:15:30","date_gmt":"2024-03-17T11:15:30","guid":{"rendered":"https:\/\/zakrasnejsivimperk.cz\/?p=300728"},"modified":"2024-03-17T12:15:30","modified_gmt":"2024-03-17T11:15:30","slug":"nase-mesto-vimperk-zapis-z-11-zasedani-mestskeho-zastupitelstva","status":"publish","type":"post","link":"https:\/\/zakrasnejsivimperk.cz\/?p=300728","title":{"rendered":"NA\u0160E M\u011aSTO VIMPERK: Z\u00e1pis z 11. zased\u00e1n\u00ed m\u011bstsk\u00e9ho zastupitelstva"},"content":{"rendered":"<h1><a href=\"https:\/\/www.vimperk.cz\/assets\/File.ashx?id_org=18208&amp;id_dokumenty=35148\" target=\"_blank\" rel=\"noopener\">Z\u00e1pis z 11. zased\u00e1n\u00ed Zastupitelstva m\u011bsta Vimperk, kter\u00e9 se konalo 11. b\u0159ezna 2024<\/a> \u2013 webov\u00e9 str\u00e1nky radnice (form\u00e1t PDF)<\/h1>\n<p>&nbsp;<\/p>\n<p>(red) . Za kr\u00e1sn\u011bj\u0161\u00ed Vimperk<\/p>\n<hr \/>\n<p>&nbsp;<\/p>\n","protected":false},"excerpt":{"rendered":"<p>Z\u00e1pis z <\/p>\n","protected":false},"author":2,"featured_media":239293,"comment_status":"open","ping_status":"open","sticky":false,"template":"","format":"gallery","meta":{"footnotes":""},"categories":[115],"tags":[],"jetpack_featured_media_url":"https:\/\/zakrasnejsivimperk.cz\/wp-content\/uploads\/2021\/11\/02\/dokument-3.jpg","_links":{"self":[{"href":"https:\/\/zakrasnejsivimperk.cz\/index.php?rest_route=\/wp\/v2\/posts\/300728"}],"collection":[{"href":"https:\/\/zakrasnejsivimperk.cz\/index.php?rest_route=\/wp\/v2\/posts"}],"about":[{"href":"https:\/\/zakrasnejsivimperk.cz\/index.php?rest_route=\/wp\/v2\/types\/post"}],"author":[{"embeddable":true,"href":"https:\/\/zakrasnejsivimperk.cz\/index.php?rest_route=\/wp\/v2\/users\/2"}],"replies":[{"embeddable":true,"href":"https:\/\/zakrasnejsivimperk.cz\/index.php?rest_route=%2Fwp%2Fv2%2Fcomments&post=300728"}],"version-history":[{"count":1,"href":"https:\/\/zakrasnejsivimperk.cz\/index.php?rest_route=\/wp\/v2\/posts\/300728\/revisions"}],"predecessor-version":[{"id":300729,"href":"https:\/\/zakrasnejsivimperk.cz\/index.php?rest_route=\/wp\/v2\/posts\/300728\/revisions\/300729"}],"wp:featuredmedia":[{"embeddable":true,"href":"https:\/\/zakrasnejsivimperk.cz\/index.php?rest_route=\/wp\/v2\/media\/239293"}],"wp:attachment":[{"href":"https:\/\/zakrasnejsivimperk.cz\/index.php?rest_route=%2Fwp%2Fv2%2Fmedia&parent=300728"}],"wp:term":[{"taxonomy":"category","embeddable":true,"href":"https:\/\/zakrasnejsivimperk.cz\/index.php?rest_route=%2Fwp%2Fv2%2Fcategories&post=300728"},{"taxonomy":"post_tag","embeddable":true,"href":"https:\/\/zakrasnejsivimperk.cz\/index.php?rest_route=%2Fwp%2Fv2%2Ftags&post=300728"}],"curies":[{"name":"wp","href":"https:\/\/api.w.org\/{rel}","templated":true}]}}