{"id":300722,"date":"2024-03-14T15:03:18","date_gmt":"2024-03-14T14:03:18","guid":{"rendered":"https:\/\/zakrasnejsivimperk.cz\/?p=300722"},"modified":"2024-03-14T16:16:14","modified_gmt":"2024-03-14T15:16:14","slug":"petr-stepanek-neco-takoveho-tu-uz-dlouho-k-videni-nebylo","status":"publish","type":"post","link":"https:\/\/zakrasnejsivimperk.cz\/?p=300722","title":{"rendered":"PETR \u0160T\u011aP\u00c1NEK: N\u011bco takov\u00e9ho tu u\u017e dlouho k vid\u011bn\u00ed nebylo"},"content":{"rendered":"<h6>Hosty speci\u00e1ln\u00edho vyd\u00e1n\u00ed Ud\u00e1lost\u00ed, koment\u00e1\u0159\u016f na \u010cT24 (12. 3. 2024) k 25. v\u00fdro\u010d\u00ed na\u0161eho p\u0159ijet\u00ed do NATO byli exprezidenti V\u00e1clav Klaus a Milo\u0161 Zeman. Pokud jste to nevid\u011bli, doporu\u010duju pod\u00edvat se zp\u011btn\u011b. Pro\u010d? Proto\u017ee Klaus a Zeman strhli masku z na\u0161ich zdegenerovan\u00fdch spoluob\u010dan\u016f. Pojmenovali na\u0161i sou\u010dasnost v\u010detn\u011b onoho cel\u00e9ho ukrajinsk\u00e9ho \u0161\u00edlenstv\u00ed prav\u00fdmi slovy. A co n\u00e1sledovalo? Psudoliber\u00e1ln\u00ed p\u00f3vl, kter\u00fd na\u0161emu ve\u0159ejn\u00e9mu prostoru moment\u00e1ln\u011b dominuje, to psychicky nevydr\u017eel.<\/h6>\n<p><img loading=\"lazy\" decoding=\"async\" class=\"size-full wp-image-274438 alignright\" src=\"https:\/\/zakrasnejsivimperk.cz\/wp-content\/uploads\/2023\/03\/04\/petr-stepanek-x.jpg\" alt=\"\" width=\"300\" height=\"288\" \/>Smr\u0161\u0165 neobol\u0161evick\u00fdch reakc\u00ed, pro\u010d v\u016fbec \u010cesk\u00e1 televize tyhle dva na obrazovku pustila a \u017ee n\u011bco takov\u00e9ho se nesm\u00ed \u0159\u00edkat, od cel\u00e9 \u0159ady na\u0161ich spoluob\u010dan\u016f, kte\u0159\u00ed zcela prostomysln\u011b vyjevili, co jsou za\u010d a jak\u00e9 jsou jejich skute\u010dn\u00e9 p\u0159edstavy o demokracii, byla zdrcuj\u00edc\u00ed.<\/p>\n<p>Neexistuje \u017e\u00e1dn\u00e1 jin\u00e1 skupina obyvatel, u n\u00ed\u017e je tak propastn\u00fd rozd\u00edl mezi t\u00edm, jak vysok\u00e9 m\u00edn\u011bn\u00ed oni sami o sob\u011b maj\u00ed, a t\u00edm, jac\u00ed ve skute\u010dnosti opravdu jsou. A co jsou? Jsou to oby\u010dejn\u00ed bol\u0161evici ducha, \u00fapln\u011b stejn\u00ed jako byli ti nejubo\u017eej\u0161\u00ed totalitn\u00ed sekern\u00edci na\u0161\u00ed socialistick\u00e9 minulosti. Hraj\u00ed si na demokraty, ale demokracii vyzn\u00e1vaj\u00ed pouze, kdy\u017e je po jejich. Ale abychom si spr\u00e1vn\u011b rozum\u011bli. Kdy\u017e pou\u017e\u00edv\u00e1m slovo bol\u0161evici, nemysl\u00edm t\u00edm ony rud\u00e9 postavy z u\u010debnic d\u011bjepisu, n\u00fdbr\u017e totalitn\u00ed zp\u016fsob uva\u017eov\u00e1n\u00ed shodn\u00fd pro v\u0161echny totalitn\u00ed ideologie. Mysl\u00edm lidi, v jejich\u017e sv\u011bt\u011b existuje jen jedna jedin\u00e1 pravda, ta jejich, a ostatn\u00edm je proto nutn\u00e9 zav\u0159\u00edt hubu.<\/p>\n<p>Tohoto pseudoliber\u00e1ln\u00edho p\u00f3vlu jsou u\u017e op\u011bt pln\u00e9 soci\u00e1ln\u00ed s\u00edt\u011b, a speci\u00e1ln\u011b s\u00ed\u0165 X (d\u0159\u00edve Twitter), jsou ho pln\u00e9 redakce m\u00e9di\u00ed hlavn\u00edho proudu, ovl\u00e1d\u00e1 \u0159adu st\u00e1tn\u00edch org\u00e1n\u016f v\u010detn\u011b t\u011bch vl\u00e1dn\u00edch, ba dokonce i zpravodajsk\u00e9 slu\u017eby. Nepodce\u0148ujme to. M\u00e1me toti\u017e jednu z posledn\u00edch \u0161anc\u00ed se t\u011bmto neobol\u0161evik\u016fm vzep\u0159\u00edt. Ale pozor, u\u017e se ne\u0161ikuj\u00ed pod vlajkou rudou, jejich barvy jsou dnes jin\u00e9: \u010dern\u00e1 s lebkou a zk\u0159\u00ed\u017een\u00fdmi hn\u00e1ty, zelen\u00e1, fialov\u00e1, duhov\u00e1. Neud\u011bl\u00e1me-li to, zavle\u010dou n\u00e1s zp\u00e1tky do totality.<\/p>\n<p>&nbsp;<\/p>\n<p><strong>Petr \u0160T\u011aP\u00c1NEK, publicista, hudebn\u00edk, politik<\/strong><\/p>\n<hr \/>\n<p>&nbsp;<\/p>\n<h6 style=\"text-align: center;\">Z\u00e1znam po\u0159adu Ud\u00e1losti, koment\u00e1\u0159e Speci\u00e1l spust\u00edte kliknut\u00edm na obr\u00e1zek:<\/h6>\n<p><a href=\"https:\/\/ct24.ceskatelevize.cz\/clanek\/domaci\/rusko-v-pripade-vitezstvi-dal-nepujde-mini-klaus-jen-trotl-se-necha-podvest-dvakrat-rika-zeman-347050?fbclid=IwAR1RAv_UiiLbMeVRr37mrDHbT9Knc8_HZOx_DSqXLlws3nyd-iqYeAOeDuU\" target=\"_blank\" rel=\"noopener\"><img loading=\"lazy\" decoding=\"async\" class=\"aligncenter wp-image-300629 size-full\" src=\"https:\/\/zakrasnejsivimperk.cz\/wp-content\/uploads\/2024\/03\/13\/rozhovor-CT-Zeman-Klaus.jpg\" alt=\"\" width=\"929\" height=\"549\" srcset=\"https:\/\/zakrasnejsivimperk.cz\/wp-content\/uploads\/2024\/03\/13\/rozhovor-CT-Zeman-Klaus.jpg 929w, https:\/\/zakrasnejsivimperk.cz\/wp-content\/uploads\/2024\/03\/13\/rozhovor-CT-Zeman-Klaus-300x177.jpg 300w, https:\/\/zakrasnejsivimperk.cz\/wp-content\/uploads\/2024\/03\/13\/rozhovor-CT-Zeman-Klaus-768x454.jpg 768w, https:\/\/zakrasnejsivimperk.cz\/wp-content\/uploads\/2024\/03\/13\/rozhovor-CT-Zeman-Klaus-604x357.jpg 604w, https:\/\/zakrasnejsivimperk.cz\/wp-content\/uploads\/2024\/03\/13\/rozhovor-CT-Zeman-Klaus-817x483.jpg 817w\" sizes=\"(max-width: 929px) 100vw, 929px\" \/><\/a><\/p>\n<hr \/>\n<p>&nbsp;<\/p>\n","protected":false},"excerpt":{"rendered":"<p>Hosty speci\u00e1ln\u00edho <\/p>\n","protected":false},"author":2,"featured_media":300723,"comment_status":"open","ping_status":"open","sticky":false,"template":"","format":"gallery","meta":{"footnotes":""},"categories":[85,118],"tags":[],"jetpack_featured_media_url":"https:\/\/zakrasnejsivimperk.cz\/wp-content\/uploads\/2024\/03\/14\/ram-stepanek-neco.jpg","_links":{"self":[{"href":"https:\/\/zakrasnejsivimperk.cz\/index.php?rest_route=\/wp\/v2\/posts\/300722"}],"collection":[{"href":"https:\/\/zakrasnejsivimperk.cz\/index.php?rest_route=\/wp\/v2\/posts"}],"about":[{"href":"https:\/\/zakrasnejsivimperk.cz\/index.php?rest_route=\/wp\/v2\/types\/post"}],"author":[{"embeddable":true,"href":"https:\/\/zakrasnejsivimperk.cz\/index.php?rest_route=\/wp\/v2\/users\/2"}],"replies":[{"embeddable":true,"href":"https:\/\/zakrasnejsivimperk.cz\/index.php?rest_route=%2Fwp%2Fv2%2Fcomments&post=300722"}],"version-history":[{"count":2,"href":"https:\/\/zakrasnejsivimperk.cz\/index.php?rest_route=\/wp\/v2\/posts\/300722\/revisions"}],"predecessor-version":[{"id":300726,"href":"https:\/\/zakrasnejsivimperk.cz\/index.php?rest_route=\/wp\/v2\/posts\/300722\/revisions\/300726"}],"wp:featuredmedia":[{"embeddable":true,"href":"https:\/\/zakrasnejsivimperk.cz\/index.php?rest_route=\/wp\/v2\/media\/300723"}],"wp:attachment":[{"href":"https:\/\/zakrasnejsivimperk.cz\/index.php?rest_route=%2Fwp%2Fv2%2Fmedia&parent=300722"}],"wp:term":[{"taxonomy":"category","embeddable":true,"href":"https:\/\/zakrasnejsivimperk.cz\/index.php?rest_route=%2Fwp%2Fv2%2Fcategories&post=300722"},{"taxonomy":"post_tag","embeddable":true,"href":"https:\/\/zakrasnejsivimperk.cz\/index.php?rest_route=%2Fwp%2Fv2%2Ftags&post=300722"}],"curies":[{"name":"wp","href":"https:\/\/api.w.org\/{rel}","templated":true}]}}