{"id":300704,"date":"2024-03-14T15:00:37","date_gmt":"2024-03-14T14:00:37","guid":{"rendered":"https:\/\/zakrasnejsivimperk.cz\/?p=300704"},"modified":"2024-03-14T15:00:37","modified_gmt":"2024-03-14T14:00:37","slug":"nase-mesto-vimperk-zapis-ze-zasedani-mestske-rady-dne-11-brezna-2024","status":"publish","type":"post","link":"https:\/\/zakrasnejsivimperk.cz\/?p=300704","title":{"rendered":"NA\u0160E M\u011aSTO VIMPERK: Z\u00e1pis ze zased\u00e1n\u00ed m\u011bstsk\u00e9 rady \u2013 dne 11. b\u0159ezna 2024"},"content":{"rendered":"<p><img loading=\"lazy\" decoding=\"async\" class=\"aligncenter wp-image-129874 size-full\" src=\"https:\/\/zakrasnejsivimperk.cz\/wp-content\/uploads\/2018\/05\/06\/dokumenty.jpg\" alt=\"\" width=\"799\" height=\"527\" srcset=\"https:\/\/zakrasnejsivimperk.cz\/wp-content\/uploads\/2018\/05\/06\/dokumenty.jpg 799w, https:\/\/zakrasnejsivimperk.cz\/wp-content\/uploads\/2018\/05\/06\/dokumenty-300x198.jpg 300w, https:\/\/zakrasnejsivimperk.cz\/wp-content\/uploads\/2018\/05\/06\/dokumenty-768x507.jpg 768w, https:\/\/zakrasnejsivimperk.cz\/wp-content\/uploads\/2018\/05\/06\/dokumenty-100x65.jpg 100w, https:\/\/zakrasnejsivimperk.cz\/wp-content\/uploads\/2018\/05\/06\/dokumenty-541x357.jpg 541w, https:\/\/zakrasnejsivimperk.cz\/wp-content\/uploads\/2018\/05\/06\/dokumenty-732x483.jpg 732w\" sizes=\"(max-width: 799px) 100vw, 799px\" \/><\/p>\n<p>&nbsp;<\/p>\n<h6>Rada m\u011bsta Vimperk na sv\u00e9m zased\u00e1n\u00ed 11. b\u0159ezna 2024 krom\u011b jin\u00e9ho projednala a schv\u00e1lila <em>(p\u0159in\u00e1\u0161\u00edme doslovn\u00fd p\u0159epis n\u011bkter\u00fdch usnesen\u00ed bez redak\u010dn\u00ed \u00fapravy)<\/em>:<\/h6>\n<p>&nbsp;<\/p>\n<p><strong>Usnesen\u00ed \u010d. 300<\/strong><br \/>\nRada m\u011bsta rozhodla poskytnout dotaci z rozpo\u010dtu odboru soci\u00e1ln\u00edch v\u011bc\u00ed a zdravotnictv\u00ed ve v\u00fd\u0161i 3.000 K\u010d organizaci Portus Prachatice, o. p. s. na projekt Spolufinancov\u00e1n\u00ed aktivit Portus Prachatice, o. p. s. dle p\u0159edlo\u017een\u00e9ho n\u00e1vrhu. Vy\u00fa\u010dtov\u00e1n\u00ed dotace je po\u017eadov\u00e1no dolo\u017eit do 31.01.2025.<\/p>\n<p>&nbsp;<\/p>\n<p><strong>Usnesen\u00ed \u010d. 301<\/strong><br \/>\nRada m\u011bsta rozhodla poskytnout dotaci z rozpo\u010dtu odboru soci\u00e1ln\u00edch v\u011bc\u00ed a zdravotnictv\u00ed ve v\u00fd\u0161i 10.000 K\u010d organizaci APLA Ji\u017en\u00ed \u010cechy, z. \u00fa. na projekt Podpora soci\u00e1ln\u00edch slu\u017eeb pro ob\u010dany m\u011bsta Vimperk trp\u00edc\u00ed autismem a jejich rodiny dle p\u0159edlo\u017een\u00e9ho n\u00e1vrhu. Vy\u00fa\u010dtov\u00e1n\u00ed dotace je po\u017eadov\u00e1no dolo\u017eit do 31.01.2025.<\/p>\n<p>&nbsp;<\/p>\n<p><strong>Usnesen\u00ed \u010d. 302<\/strong><br \/>\nRada m\u011bsta rozhodla poskytnout dotaci z rozpo\u010dtu odboru soci\u00e1ln\u00edch v\u011bc\u00ed a zdravotnictv\u00ed ve v\u00fd\u0161i 15.000 K\u010d organizaci Poradna pro rodinu, man\u017eelstv\u00ed, mezilidsk\u00e9 vztahy, psychosoci\u00e1ln\u00ed, pracovn\u011b-profesn\u00ed a osobnostn\u00ed rozvoj, o. p. s. na projekt Odborn\u00e9 soci\u00e1ln\u00ed poradenstv\u00ed se zam\u011b\u0159en\u00edm na rodinu dle p\u0159edlo\u017een\u00e9ho n\u00e1vrhu. Vy\u00fa\u010dtov\u00e1n\u00ed dotace je po\u017eadov\u00e1no dolo\u017eit do 31.01.2025.<\/p>\n<p>&nbsp;<\/p>\n<p><strong>Usnesen\u00ed \u010d. 331<\/strong><br \/>\nRada m\u011bsta rozhodla pronajmout Spr\u00e1v\u011b N\u00e1rodn\u00edho parku \u0160umava, se s\u00eddlem 1. m\u00e1je 260, Vimperk \u010d\u00e1st pozemku zapsan\u00e9ho u Katastr\u00e1ln\u00edho \u00fa\u0159adu pro Jiho\u010desk\u00fd kraj, Katastr\u00e1ln\u00edho pracovi\u0161t\u011b Prachatice, v katastru nemovitost\u00ed pro obec a k. \u00fa. Vimperk, na LV \u010d. 10001 pro m\u011bsto Vimperk, ozna\u010den\u00e9ho jako parcela katastru nemovitost\u00ed parc. \u010d. 495 \u2013 ostatn\u00ed plocha, ostatn\u00ed komunikace, \u010d\u00e1st o v\u00fdm\u011b\u0159e 81 m2, za \u00fa\u010delem celoro\u010dn\u00edho vyu\u017eit\u00ed jako 7 parkovac\u00edch m\u00edst pro osobn\u00ed automobily Spr\u00e1vy N\u00e1rodn\u00edho parku \u0160umava v ulici Nad Stadi\u00f3nem. N\u00e1jemn\u00ed smlouva bude uzav\u0159ena od 15.03.2024 na dobu neur\u010ditou s t\u0159\u00edm\u011bs\u00ed\u010dn\u00ed v\u00fdpov\u011bdn\u00ed lh\u016ftou. N\u00e1jemn\u00e9 bude ve v\u00fd\u0161i 42.000 K\u010d\/rok bez DPH. Rada m\u011bsta pov\u011b\u0159uje starostku m\u011bsta podpisem n\u00e1jemn\u00ed smlouvy.<\/p>\n<p>&nbsp;<\/p>\n<p><strong>Usnesen\u00ed \u010d. 334<\/strong><br \/>\nRada m\u011bsta zastupuj\u00edc\u00ed m\u011bsto Vimperk jako vlastn\u00edka parcely parc. \u010d. 2440 \u2013 ostatn\u00ed plocha, sportovi\u0161t\u011b a rekrea\u010dn\u00ed plocha v k. \u00fa. Vimperk souhlas\u00ed s t\u00edm, aby tento pozemek byl vyu\u017eit pro skautsk\u00fd stanov\u00fd t\u00e1bor od 28.06.2024 do 13.08.2024 za p\u0159edpokladu, \u017ee nedojde k po\u0161kozen\u00ed tohoto a okoln\u00edch pozemk\u016f a nebude zm\u011bn\u011bn jeho sou\u010dasn\u00fd stav. Vyd\u00e1n\u00ed souhlasu je podm\u00edn\u011bno souhlasem org\u00e1n\u016f st\u00e1tn\u00ed spr\u00e1vy, p\u0159edev\u0161\u00edm ochrany p\u0159\u00edrody a krajiny, tj. Spr\u00e1vy N\u00e1rodn\u00edho parku \u0160umava. Souhlas je vyd\u00e1v\u00e1n spolku Jun\u00e1k \u2013 \u010desk\u00fd skaut, st\u0159edisku Ichthys Klobouky u Brna z. s., se s\u00eddlem Brn\u011bnsk\u00e1 218\/30, Klobouky u Brna.<\/p>\n<p>&nbsp;<\/p>\n<p><strong>Usnesen\u00ed \u010d. 335<\/strong><br \/>\nRada m\u011bsta zastupuj\u00edc\u00ed m\u011bsto Vimperk bere na v\u011bdom\u00ed a souhlas\u00ed s p\u0159edlo\u017een\u00fdm n\u00e1vrhem zaslan\u00fdm J. N., Ch\u00fdnovsk\u00e1 852, Plan\u00e1 nad Lu\u017enic\u00ed, \u00fapln\u00e9 uzav\u00edrky pro silni\u010dn\u00ed dopravu silnice II\/167 a stanoven\u00ed p\u0159echodn\u00e9 \u00fapravy provozu (veden\u00ed obj\u00edzdn\u00e9 trasy) na pozemn\u00edch komunikac\u00edch v zastav\u011bn\u00e9m a spr\u00e1vn\u00edm \u00fazem\u00ed m\u011bsta Vimperk, v d\u016fsledku pl\u00e1novan\u00e9 modernizace komunikace II\/167 Borov\u00e1 Lada \u2013 Horn\u00ed Vltavice, kter\u00e1 bude prob\u00edhat v n\u011bkolika etap\u00e1ch v term\u00ednu od 02.04.2024 do 20.07.2024.<\/p>\n<p>&nbsp;<\/p>\n<p><strong>Usnesen\u00ed \u010d. 337<\/strong><br \/>\nRada m\u011bsta rozhodla v souladu s vnit\u0159n\u00ed sm\u011brnic\u00ed \u010d. 2\/2020 O zad\u00e1v\u00e1n\u00ed ve\u0159ejn\u00fdch zak\u00e1zek mal\u00e9ho rozsahu, \u010dl\u00e1nek 5, odstavec 5.2., p\u00edsmeno a) uzav\u0159\u00edt kupn\u00ed smlouvu, jej\u00edm\u017e p\u0159edm\u011btem je n\u00e1kup nov\u00e9ho vozidla SUZUKI VITARA pro pot\u0159eby m\u011bstsk\u00e9ho \u00fa\u0159adu mezi prod\u00e1vaj\u00edc\u00edm spole\u010dnost\u00ed AUTOSTART \u010cesk\u00e9 Bud\u011bjovice s. r. o., I\u010c 47237911, se s\u00eddlem J. Boreck\u00e9ho 747, 37011 \u010cesk\u00e9 Bud\u011bjovice 2 a kupuj\u00edc\u00edm m\u011bstem Vimperk, Steinbrenerova 6, 385 17 Vimperk dle p\u0159edlo\u017een\u00e9ho n\u00e1vrhu.<\/p>\n<p>&nbsp;<\/p>\n<p><strong>Usnesen\u00ed \u010d. 338<\/strong><br \/>\nRada m\u011bsta rozhodla uzav\u0159\u00edt kupn\u00ed smlouvu, jej\u00edm\u017e p\u0159edm\u011btem je odprodej st\u00e1vaj\u00edc\u00edho slu\u017eebn\u00edho vozidla SUZUKI IGNIS, RZ 3C3 5020 mezi prod\u00e1vaj\u00edc\u00edm m\u011bstem Vimperk, Steinbrenerova 6, 385 17 Vimperk a kupuj\u00edc\u00edm spole\u010dnost\u00ed Auto \u0160ev\u010d\u00edk c. z., spol. s r. o., I\u010c 48207322, se s\u00eddlem Vina\u0159ick\u00e9ho 961, 389 01 Vod\u0148any.<\/p>\n<p>&nbsp;<\/p>\n<p>&nbsp;<\/p>\n<p><strong>Zdroj: M\u011aSTO VIMPERK<\/strong><\/p>\n<p>&nbsp;<\/p>\n<p><strong>(red)<\/strong><\/p>\n<p>Ilustra\u010dn\u00ed foto: archiv (red) \u2013 Za kr\u00e1sn\u011bj\u0161\u00ed Vimperk<\/p>\n<h6><a href=\"https:\/\/www.vimperk.cz\/zapisy-ze-zasedani-rady\/ds-1128\/p1=9521\" target=\"_blank\" rel=\"noopener\">Cel\u00fd z\u00e1pis z jedn\u00e1n\u00ed<\/a><\/h6>\n<hr \/>\n<p>&nbsp;<\/p>\n","protected":false},"excerpt":{"rendered":"<p>&nbsp; Rada <\/p>\n","protected":false},"author":2,"featured_media":100721,"comment_status":"open","ping_status":"open","sticky":false,"template":"","format":"gallery","meta":{"footnotes":""},"categories":[115],"tags":[],"jetpack_featured_media_url":"https:\/\/zakrasnejsivimperk.cz\/wp-content\/uploads\/2017\/06\/15\/dokumenty-2.jpg","_links":{"self":[{"href":"https:\/\/zakrasnejsivimperk.cz\/index.php?rest_route=\/wp\/v2\/posts\/300704"}],"collection":[{"href":"https:\/\/zakrasnejsivimperk.cz\/index.php?rest_route=\/wp\/v2\/posts"}],"about":[{"href":"https:\/\/zakrasnejsivimperk.cz\/index.php?rest_route=\/wp\/v2\/types\/post"}],"author":[{"embeddable":true,"href":"https:\/\/zakrasnejsivimperk.cz\/index.php?rest_route=\/wp\/v2\/users\/2"}],"replies":[{"embeddable":true,"href":"https:\/\/zakrasnejsivimperk.cz\/index.php?rest_route=%2Fwp%2Fv2%2Fcomments&post=300704"}],"version-history":[{"count":1,"href":"https:\/\/zakrasnejsivimperk.cz\/index.php?rest_route=\/wp\/v2\/posts\/300704\/revisions"}],"predecessor-version":[{"id":300705,"href":"https:\/\/zakrasnejsivimperk.cz\/index.php?rest_route=\/wp\/v2\/posts\/300704\/revisions\/300705"}],"wp:featuredmedia":[{"embeddable":true,"href":"https:\/\/zakrasnejsivimperk.cz\/index.php?rest_route=\/wp\/v2\/media\/100721"}],"wp:attachment":[{"href":"https:\/\/zakrasnejsivimperk.cz\/index.php?rest_route=%2Fwp%2Fv2%2Fmedia&parent=300704"}],"wp:term":[{"taxonomy":"category","embeddable":true,"href":"https:\/\/zakrasnejsivimperk.cz\/index.php?rest_route=%2Fwp%2Fv2%2Fcategories&post=300704"},{"taxonomy":"post_tag","embeddable":true,"href":"https:\/\/zakrasnejsivimperk.cz\/index.php?rest_route=%2Fwp%2Fv2%2Ftags&post=300704"}],"curies":[{"name":"wp","href":"https:\/\/api.w.org\/{rel}","templated":true}]}}