{"id":300701,"date":"2024-03-31T20:38:20","date_gmt":"2024-03-31T19:38:20","guid":{"rendered":"https:\/\/zakrasnejsivimperk.cz\/?p=300701"},"modified":"2024-04-03T13:36:01","modified_gmt":"2024-04-03T12:36:01","slug":"nase-mesto-vimperk-ptame-se-za-vas-pristavba-prodejny-penny","status":"publish","type":"post","link":"https:\/\/zakrasnejsivimperk.cz\/?p=300701","title":{"rendered":"NA\u0160E M\u011aSTO VIMPERK: Pt\u00e1me se za v\u00e1s \u2013 P\u0159\u00edstavba prodejny Penny"},"content":{"rendered":"<p><img loading=\"lazy\" decoding=\"async\" class=\"aligncenter wp-image-288139 size-full\" src=\"https:\/\/zakrasnejsivimperk.cz\/wp-content\/uploads\/2023\/10\/02\/ptame-se-za-vas-xx.jpg\" alt=\"\" width=\"771\" height=\"385\" srcset=\"https:\/\/zakrasnejsivimperk.cz\/wp-content\/uploads\/2023\/10\/02\/ptame-se-za-vas-xx.jpg 771w, https:\/\/zakrasnejsivimperk.cz\/wp-content\/uploads\/2023\/10\/02\/ptame-se-za-vas-xx-300x150.jpg 300w, https:\/\/zakrasnejsivimperk.cz\/wp-content\/uploads\/2023\/10\/02\/ptame-se-za-vas-xx-768x384.jpg 768w, https:\/\/zakrasnejsivimperk.cz\/wp-content\/uploads\/2023\/10\/02\/ptame-se-za-vas-xx-715x357.jpg 715w\" sizes=\"(max-width: 771px) 100vw, 771px\" \/><\/p>\n<p>&nbsp;<\/p>\n<p>&nbsp;<\/p>\n<h3>Podle loni zve\u0159ejn\u011bn\u00fdch a v\u00e1mi potvrzen\u00fdch informac\u00ed cht\u011bla spole\u010dnost Penny Market ud\u011blat letos rozs\u00e1hlej\u0161\u00ed modernizaci sv\u00e9 prodejny ve Vimperku. Plat\u00ed st\u00e1le tento z\u00e1m\u011br a pokud ano, kdy se tak stane?<\/h3>\n<h4>Odpov\u00edd\u00e1 Tom\u00e1\u0161 Kub\u00edk, vedouc\u00ed komunikace, spole\u010dnost Penny Market:<\/h4>\n<h6><em>Bohu\u017eel, term\u00edn modernizace nen\u00ed d\u00e1n, tak v\u00e1m je\u0161t\u011b st\u00e1le nemohu poskytnout bli\u017e\u0161\u00ed informace. A\u017e budeme m\u00edt konkr\u00e9tn\u011bj\u0161\u00ed pl\u00e1n, va\u0161im \u010dten\u00e1\u0159\u016fm r\u00e1di informace poskytneme.<\/em><\/h6>\n<p>&nbsp;<\/p>\n<p><strong>(red) &#8211; Za kr\u00e1sn\u011bj\u0161\u00ed Vimperk<\/strong><\/p>\n<hr \/>\n<p>&nbsp;<\/p>\n<p>&nbsp;<\/p>\n","protected":false},"excerpt":{"rendered":"<p>&nbsp; &nbsp; <\/p>\n","protected":false},"author":2,"featured_media":300703,"comment_status":"open","ping_status":"open","sticky":false,"template":"","format":"gallery","meta":{"footnotes":""},"categories":[119,108],"tags":[],"jetpack_featured_media_url":"https:\/\/zakrasnejsivimperk.cz\/wp-content\/uploads\/2024\/03\/14\/ram-odpoved-penny.jpg","_links":{"self":[{"href":"https:\/\/zakrasnejsivimperk.cz\/index.php?rest_route=\/wp\/v2\/posts\/300701"}],"collection":[{"href":"https:\/\/zakrasnejsivimperk.cz\/index.php?rest_route=\/wp\/v2\/posts"}],"about":[{"href":"https:\/\/zakrasnejsivimperk.cz\/index.php?rest_route=\/wp\/v2\/types\/post"}],"author":[{"embeddable":true,"href":"https:\/\/zakrasnejsivimperk.cz\/index.php?rest_route=\/wp\/v2\/users\/2"}],"replies":[{"embeddable":true,"href":"https:\/\/zakrasnejsivimperk.cz\/index.php?rest_route=%2Fwp%2Fv2%2Fcomments&post=300701"}],"version-history":[{"count":3,"href":"https:\/\/zakrasnejsivimperk.cz\/index.php?rest_route=\/wp\/v2\/posts\/300701\/revisions"}],"predecessor-version":[{"id":302669,"href":"https:\/\/zakrasnejsivimperk.cz\/index.php?rest_route=\/wp\/v2\/posts\/300701\/revisions\/302669"}],"wp:featuredmedia":[{"embeddable":true,"href":"https:\/\/zakrasnejsivimperk.cz\/index.php?rest_route=\/wp\/v2\/media\/300703"}],"wp:attachment":[{"href":"https:\/\/zakrasnejsivimperk.cz\/index.php?rest_route=%2Fwp%2Fv2%2Fmedia&parent=300701"}],"wp:term":[{"taxonomy":"category","embeddable":true,"href":"https:\/\/zakrasnejsivimperk.cz\/index.php?rest_route=%2Fwp%2Fv2%2Fcategories&post=300701"},{"taxonomy":"post_tag","embeddable":true,"href":"https:\/\/zakrasnejsivimperk.cz\/index.php?rest_route=%2Fwp%2Fv2%2Ftags&post=300701"}],"curies":[{"name":"wp","href":"https:\/\/api.w.org\/{rel}","templated":true}]}}