{"id":300413,"date":"2024-05-23T06:36:20","date_gmt":"2024-05-23T05:36:20","guid":{"rendered":"https:\/\/zakrasnejsivimperk.cz\/?p=300413"},"modified":"2024-05-25T10:14:53","modified_gmt":"2024-05-25T09:14:53","slug":"nase-mesto-vimperk-z-historie-vimperska-devadesata-fotbaliste-sumavanu-1","status":"publish","type":"post","link":"https:\/\/zakrasnejsivimperk.cz\/?p=300413","title":{"rendered":"NA\u0160E M\u011aSTO VIMPERK \u2013 Z HISTORIE: Vimpersk\u00e1 devades\u00e1t\u00e1 &#8211; Fotbalist\u00e9 \u0160umavanu (1)"},"content":{"rendered":"<h6><img loading=\"lazy\" decoding=\"async\" class=\"aligncenter wp-image-300426 size-full\" src=\"https:\/\/zakrasnejsivimperk.cz\/wp-content\/uploads\/2024\/03\/11\/vpk-fotbal-1-12.jpg\" alt=\"\" width=\"984\" height=\"478\" srcset=\"https:\/\/zakrasnejsivimperk.cz\/wp-content\/uploads\/2024\/03\/11\/vpk-fotbal-1-12.jpg 984w, https:\/\/zakrasnejsivimperk.cz\/wp-content\/uploads\/2024\/03\/11\/vpk-fotbal-1-12-300x146.jpg 300w, https:\/\/zakrasnejsivimperk.cz\/wp-content\/uploads\/2024\/03\/11\/vpk-fotbal-1-12-768x373.jpg 768w, https:\/\/zakrasnejsivimperk.cz\/wp-content\/uploads\/2024\/03\/11\/vpk-fotbal-1-12-326x159.jpg 326w, https:\/\/zakrasnejsivimperk.cz\/wp-content\/uploads\/2024\/03\/11\/vpk-fotbal-1-12-735x357.jpg 735w\" sizes=\"(max-width: 984px) 100vw, 984px\" \/><\/h6>\n<p>&nbsp;<\/p>\n<h6>V polovin\u011b devades\u00e1t\u00fdch let se vimpersk\u00fdm fotbalist\u016fm, hr\u00e1\u010d\u016fm prvn\u00edho mu\u017estva odd\u00edlu kopan\u00e9 t\u011blov\u00fdchovn\u00e9 jednoty \u0160umavan, mimo\u0159\u00e1dn\u011b da\u0159ilo. Pod veden\u00ed tren\u00e9r\u016f Mare\u0161e, Kop\u00e1\u010dika, Ko\u0161ky, Markyt\u00e1na, Churav\u00e9ho a Pe\u0161ka pat\u0159ili k p\u0159edn\u00edm t\u00fdm\u016fm krajsk\u00e9ho p\u0159eboru. Sn\u00edmky v tomto seri\u00e1lu na pokra\u010dov\u00e1n\u00ed jsou z tr\u00e9nink\u016f a z\u00e1pas\u016f na dom\u00e1c\u00edm i soupe\u0159ov\u00fdch h\u0159i\u0161t\u00edch:<\/h6>\n<p><strong>Foto: Zden\u011bk JUNGVIRT<\/strong><\/p>\n<p>&nbsp;<\/p>\n<p><img loading=\"lazy\" decoding=\"async\" class=\"aligncenter wp-image-300429 size-full\" src=\"https:\/\/zakrasnejsivimperk.cz\/wp-content\/uploads\/2024\/03\/11\/vpk-fotbal-1-15.jpg\" alt=\"\" width=\"967\" height=\"650\" srcset=\"https:\/\/zakrasnejsivimperk.cz\/wp-content\/uploads\/2024\/03\/11\/vpk-fotbal-1-15.jpg 967w, https:\/\/zakrasnejsivimperk.cz\/wp-content\/uploads\/2024\/03\/11\/vpk-fotbal-1-15-300x202.jpg 300w, https:\/\/zakrasnejsivimperk.cz\/wp-content\/uploads\/2024\/03\/11\/vpk-fotbal-1-15-768x516.jpg 768w, https:\/\/zakrasnejsivimperk.cz\/wp-content\/uploads\/2024\/03\/11\/vpk-fotbal-1-15-531x357.jpg 531w, https:\/\/zakrasnejsivimperk.cz\/wp-content\/uploads\/2024\/03\/11\/vpk-fotbal-1-15-719x483.jpg 719w\" sizes=\"(max-width: 967px) 100vw, 967px\" \/><\/p>\n<p>&nbsp;<\/p>\n<p><img loading=\"lazy\" decoding=\"async\" class=\"aligncenter wp-image-300427 size-full\" src=\"https:\/\/zakrasnejsivimperk.cz\/wp-content\/uploads\/2024\/03\/11\/vpk-fotbal-1-13.jpg\" alt=\"\" width=\"978\" height=\"643\" srcset=\"https:\/\/zakrasnejsivimperk.cz\/wp-content\/uploads\/2024\/03\/11\/vpk-fotbal-1-13.jpg 978w, https:\/\/zakrasnejsivimperk.cz\/wp-content\/uploads\/2024\/03\/11\/vpk-fotbal-1-13-300x197.jpg 300w, https:\/\/zakrasnejsivimperk.cz\/wp-content\/uploads\/2024\/03\/11\/vpk-fotbal-1-13-768x505.jpg 768w, https:\/\/zakrasnejsivimperk.cz\/wp-content\/uploads\/2024\/03\/11\/vpk-fotbal-1-13-100x65.jpg 100w, https:\/\/zakrasnejsivimperk.cz\/wp-content\/uploads\/2024\/03\/11\/vpk-fotbal-1-13-543x357.jpg 543w, https:\/\/zakrasnejsivimperk.cz\/wp-content\/uploads\/2024\/03\/11\/vpk-fotbal-1-13-735x483.jpg 735w\" sizes=\"(max-width: 978px) 100vw, 978px\" \/><\/p>\n<p>&nbsp;<\/p>\n<p><img loading=\"lazy\" decoding=\"async\" class=\"aligncenter wp-image-300425 size-full\" src=\"https:\/\/zakrasnejsivimperk.cz\/wp-content\/uploads\/2024\/03\/11\/vpk-fotbal-1-11.jpg\" alt=\"\" width=\"981\" height=\"667\" srcset=\"https:\/\/zakrasnejsivimperk.cz\/wp-content\/uploads\/2024\/03\/11\/vpk-fotbal-1-11.jpg 981w, https:\/\/zakrasnejsivimperk.cz\/wp-content\/uploads\/2024\/03\/11\/vpk-fotbal-1-11-300x204.jpg 300w, https:\/\/zakrasnejsivimperk.cz\/wp-content\/uploads\/2024\/03\/11\/vpk-fotbal-1-11-768x522.jpg 768w, https:\/\/zakrasnejsivimperk.cz\/wp-content\/uploads\/2024\/03\/11\/vpk-fotbal-1-11-525x357.jpg 525w, https:\/\/zakrasnejsivimperk.cz\/wp-content\/uploads\/2024\/03\/11\/vpk-fotbal-1-11-710x483.jpg 710w\" sizes=\"(max-width: 981px) 100vw, 981px\" \/><\/p>\n<p>&nbsp;<\/p>\n<p><img loading=\"lazy\" decoding=\"async\" class=\"aligncenter wp-image-300424 size-full\" src=\"https:\/\/zakrasnejsivimperk.cz\/wp-content\/uploads\/2024\/03\/11\/vpk-fotbal-1-10.jpg\" alt=\"\" width=\"968\" height=\"650\" srcset=\"https:\/\/zakrasnejsivimperk.cz\/wp-content\/uploads\/2024\/03\/11\/vpk-fotbal-1-10.jpg 968w, https:\/\/zakrasnejsivimperk.cz\/wp-content\/uploads\/2024\/03\/11\/vpk-fotbal-1-10-300x201.jpg 300w, https:\/\/zakrasnejsivimperk.cz\/wp-content\/uploads\/2024\/03\/11\/vpk-fotbal-1-10-768x516.jpg 768w, https:\/\/zakrasnejsivimperk.cz\/wp-content\/uploads\/2024\/03\/11\/vpk-fotbal-1-10-532x357.jpg 532w, https:\/\/zakrasnejsivimperk.cz\/wp-content\/uploads\/2024\/03\/11\/vpk-fotbal-1-10-719x483.jpg 719w\" sizes=\"(max-width: 968px) 100vw, 968px\" \/><\/p>\n<p>&nbsp;<\/p>\n<p><img loading=\"lazy\" decoding=\"async\" class=\"aligncenter wp-image-300423 size-full\" src=\"https:\/\/zakrasnejsivimperk.cz\/wp-content\/uploads\/2024\/03\/11\/vpk-fotbal-1-9.jpg\" alt=\"\" width=\"971\" height=\"647\" srcset=\"https:\/\/zakrasnejsivimperk.cz\/wp-content\/uploads\/2024\/03\/11\/vpk-fotbal-1-9.jpg 971w, https:\/\/zakrasnejsivimperk.cz\/wp-content\/uploads\/2024\/03\/11\/vpk-fotbal-1-9-300x200.jpg 300w, https:\/\/zakrasnejsivimperk.cz\/wp-content\/uploads\/2024\/03\/11\/vpk-fotbal-1-9-768x512.jpg 768w, https:\/\/zakrasnejsivimperk.cz\/wp-content\/uploads\/2024\/03\/11\/vpk-fotbal-1-9-536x357.jpg 536w, https:\/\/zakrasnejsivimperk.cz\/wp-content\/uploads\/2024\/03\/11\/vpk-fotbal-1-9-725x483.jpg 725w\" sizes=\"(max-width: 971px) 100vw, 971px\" \/><\/p>\n<p>&nbsp;<\/p>\n<p><img loading=\"lazy\" decoding=\"async\" class=\"aligncenter wp-image-300428 size-full\" src=\"https:\/\/zakrasnejsivimperk.cz\/wp-content\/uploads\/2024\/03\/11\/vpk-fotbal-1-14.jpg\" alt=\"\" width=\"971\" height=\"646\" srcset=\"https:\/\/zakrasnejsivimperk.cz\/wp-content\/uploads\/2024\/03\/11\/vpk-fotbal-1-14.jpg 971w, https:\/\/zakrasnejsivimperk.cz\/wp-content\/uploads\/2024\/03\/11\/vpk-fotbal-1-14-300x200.jpg 300w, https:\/\/zakrasnejsivimperk.cz\/wp-content\/uploads\/2024\/03\/11\/vpk-fotbal-1-14-768x511.jpg 768w, https:\/\/zakrasnejsivimperk.cz\/wp-content\/uploads\/2024\/03\/11\/vpk-fotbal-1-14-537x357.jpg 537w, https:\/\/zakrasnejsivimperk.cz\/wp-content\/uploads\/2024\/03\/11\/vpk-fotbal-1-14-726x483.jpg 726w\" sizes=\"(max-width: 971px) 100vw, 971px\" \/><\/p>\n<p>&nbsp;<\/p>\n<p><img loading=\"lazy\" decoding=\"async\" class=\"aligncenter wp-image-300422 size-full\" src=\"https:\/\/zakrasnejsivimperk.cz\/wp-content\/uploads\/2024\/03\/11\/vpk-fotbal-1-8.jpg\" alt=\"\" width=\"979\" height=\"640\" srcset=\"https:\/\/zakrasnejsivimperk.cz\/wp-content\/uploads\/2024\/03\/11\/vpk-fotbal-1-8.jpg 979w, https:\/\/zakrasnejsivimperk.cz\/wp-content\/uploads\/2024\/03\/11\/vpk-fotbal-1-8-300x196.jpg 300w, https:\/\/zakrasnejsivimperk.cz\/wp-content\/uploads\/2024\/03\/11\/vpk-fotbal-1-8-768x502.jpg 768w, https:\/\/zakrasnejsivimperk.cz\/wp-content\/uploads\/2024\/03\/11\/vpk-fotbal-1-8-100x65.jpg 100w, https:\/\/zakrasnejsivimperk.cz\/wp-content\/uploads\/2024\/03\/11\/vpk-fotbal-1-8-546x357.jpg 546w, https:\/\/zakrasnejsivimperk.cz\/wp-content\/uploads\/2024\/03\/11\/vpk-fotbal-1-8-739x483.jpg 739w\" sizes=\"(max-width: 979px) 100vw, 979px\" \/><\/p>\n<p>&nbsp;<\/p>\n<p><img loading=\"lazy\" decoding=\"async\" class=\"aligncenter wp-image-300421 size-full\" src=\"https:\/\/zakrasnejsivimperk.cz\/wp-content\/uploads\/2024\/03\/11\/vpk-fotbal-1-7.jpg\" alt=\"\" width=\"951\" height=\"619\" srcset=\"https:\/\/zakrasnejsivimperk.cz\/wp-content\/uploads\/2024\/03\/11\/vpk-fotbal-1-7.jpg 951w, https:\/\/zakrasnejsivimperk.cz\/wp-content\/uploads\/2024\/03\/11\/vpk-fotbal-1-7-300x195.jpg 300w, https:\/\/zakrasnejsivimperk.cz\/wp-content\/uploads\/2024\/03\/11\/vpk-fotbal-1-7-768x500.jpg 768w, https:\/\/zakrasnejsivimperk.cz\/wp-content\/uploads\/2024\/03\/11\/vpk-fotbal-1-7-100x65.jpg 100w, https:\/\/zakrasnejsivimperk.cz\/wp-content\/uploads\/2024\/03\/11\/vpk-fotbal-1-7-548x357.jpg 548w, https:\/\/zakrasnejsivimperk.cz\/wp-content\/uploads\/2024\/03\/11\/vpk-fotbal-1-7-742x483.jpg 742w\" sizes=\"(max-width: 951px) 100vw, 951px\" \/><\/p>\n<p>&nbsp;<\/p>\n<p><img loading=\"lazy\" decoding=\"async\" class=\"aligncenter wp-image-300420 size-full\" src=\"https:\/\/zakrasnejsivimperk.cz\/wp-content\/uploads\/2024\/03\/11\/vpk-fotbal-1-6.jpg\" alt=\"\" width=\"974\" height=\"659\" srcset=\"https:\/\/zakrasnejsivimperk.cz\/wp-content\/uploads\/2024\/03\/11\/vpk-fotbal-1-6.jpg 974w, https:\/\/zakrasnejsivimperk.cz\/wp-content\/uploads\/2024\/03\/11\/vpk-fotbal-1-6-300x203.jpg 300w, https:\/\/zakrasnejsivimperk.cz\/wp-content\/uploads\/2024\/03\/11\/vpk-fotbal-1-6-768x520.jpg 768w, https:\/\/zakrasnejsivimperk.cz\/wp-content\/uploads\/2024\/03\/11\/vpk-fotbal-1-6-528x357.jpg 528w, https:\/\/zakrasnejsivimperk.cz\/wp-content\/uploads\/2024\/03\/11\/vpk-fotbal-1-6-714x483.jpg 714w\" sizes=\"(max-width: 974px) 100vw, 974px\" \/><\/p>\n<p>&nbsp;<\/p>\n<p><img loading=\"lazy\" decoding=\"async\" class=\"aligncenter wp-image-300419 size-full\" src=\"https:\/\/zakrasnejsivimperk.cz\/wp-content\/uploads\/2024\/03\/11\/vpk-fotbal-1-5.jpg\" alt=\"\" width=\"971\" height=\"670\" srcset=\"https:\/\/zakrasnejsivimperk.cz\/wp-content\/uploads\/2024\/03\/11\/vpk-fotbal-1-5.jpg 971w, https:\/\/zakrasnejsivimperk.cz\/wp-content\/uploads\/2024\/03\/11\/vpk-fotbal-1-5-300x207.jpg 300w, https:\/\/zakrasnejsivimperk.cz\/wp-content\/uploads\/2024\/03\/11\/vpk-fotbal-1-5-768x530.jpg 768w, https:\/\/zakrasnejsivimperk.cz\/wp-content\/uploads\/2024\/03\/11\/vpk-fotbal-1-5-517x357.jpg 517w, https:\/\/zakrasnejsivimperk.cz\/wp-content\/uploads\/2024\/03\/11\/vpk-fotbal-1-5-700x483.jpg 700w\" sizes=\"(max-width: 971px) 100vw, 971px\" \/><\/p>\n<p>&nbsp;<\/p>\n<p><img loading=\"lazy\" decoding=\"async\" class=\"aligncenter wp-image-300418 size-full\" src=\"https:\/\/zakrasnejsivimperk.cz\/wp-content\/uploads\/2024\/03\/11\/vpk-fotbal-1-4.jpg\" alt=\"\" width=\"971\" height=\"647\" srcset=\"https:\/\/zakrasnejsivimperk.cz\/wp-content\/uploads\/2024\/03\/11\/vpk-fotbal-1-4.jpg 971w, https:\/\/zakrasnejsivimperk.cz\/wp-content\/uploads\/2024\/03\/11\/vpk-fotbal-1-4-300x200.jpg 300w, https:\/\/zakrasnejsivimperk.cz\/wp-content\/uploads\/2024\/03\/11\/vpk-fotbal-1-4-768x512.jpg 768w, https:\/\/zakrasnejsivimperk.cz\/wp-content\/uploads\/2024\/03\/11\/vpk-fotbal-1-4-536x357.jpg 536w, https:\/\/zakrasnejsivimperk.cz\/wp-content\/uploads\/2024\/03\/11\/vpk-fotbal-1-4-725x483.jpg 725w\" sizes=\"(max-width: 971px) 100vw, 971px\" \/><\/p>\n<p>&nbsp;<\/p>\n<p><img loading=\"lazy\" decoding=\"async\" class=\"aligncenter wp-image-300417 size-full\" src=\"https:\/\/zakrasnejsivimperk.cz\/wp-content\/uploads\/2024\/03\/11\/vpk-fotbal-1-3.jpg\" alt=\"\" width=\"976\" height=\"646\" srcset=\"https:\/\/zakrasnejsivimperk.cz\/wp-content\/uploads\/2024\/03\/11\/vpk-fotbal-1-3.jpg 976w, https:\/\/zakrasnejsivimperk.cz\/wp-content\/uploads\/2024\/03\/11\/vpk-fotbal-1-3-300x199.jpg 300w, https:\/\/zakrasnejsivimperk.cz\/wp-content\/uploads\/2024\/03\/11\/vpk-fotbal-1-3-768x508.jpg 768w, https:\/\/zakrasnejsivimperk.cz\/wp-content\/uploads\/2024\/03\/11\/vpk-fotbal-1-3-100x65.jpg 100w, https:\/\/zakrasnejsivimperk.cz\/wp-content\/uploads\/2024\/03\/11\/vpk-fotbal-1-3-539x357.jpg 539w, https:\/\/zakrasnejsivimperk.cz\/wp-content\/uploads\/2024\/03\/11\/vpk-fotbal-1-3-730x483.jpg 730w\" sizes=\"(max-width: 976px) 100vw, 976px\" \/><\/p>\n<p>&nbsp;<\/p>\n<p><img loading=\"lazy\" decoding=\"async\" class=\"aligncenter wp-image-300416 size-full\" src=\"https:\/\/zakrasnejsivimperk.cz\/wp-content\/uploads\/2024\/03\/11\/vpk-fotbal-1-2.jpg\" alt=\"\" width=\"978\" height=\"634\" srcset=\"https:\/\/zakrasnejsivimperk.cz\/wp-content\/uploads\/2024\/03\/11\/vpk-fotbal-1-2.jpg 978w, https:\/\/zakrasnejsivimperk.cz\/wp-content\/uploads\/2024\/03\/11\/vpk-fotbal-1-2-300x194.jpg 300w, https:\/\/zakrasnejsivimperk.cz\/wp-content\/uploads\/2024\/03\/11\/vpk-fotbal-1-2-768x498.jpg 768w, https:\/\/zakrasnejsivimperk.cz\/wp-content\/uploads\/2024\/03\/11\/vpk-fotbal-1-2-100x65.jpg 100w, https:\/\/zakrasnejsivimperk.cz\/wp-content\/uploads\/2024\/03\/11\/vpk-fotbal-1-2-551x357.jpg 551w, https:\/\/zakrasnejsivimperk.cz\/wp-content\/uploads\/2024\/03\/11\/vpk-fotbal-1-2-745x483.jpg 745w\" sizes=\"(max-width: 978px) 100vw, 978px\" \/><\/p>\n<p>&nbsp;<\/p>\n<p><img loading=\"lazy\" decoding=\"async\" class=\"aligncenter wp-image-300415 size-full\" src=\"https:\/\/zakrasnejsivimperk.cz\/wp-content\/uploads\/2024\/03\/11\/vpk-fotbal-1-1.jpg\" alt=\"\" width=\"984\" height=\"671\" srcset=\"https:\/\/zakrasnejsivimperk.cz\/wp-content\/uploads\/2024\/03\/11\/vpk-fotbal-1-1.jpg 984w, https:\/\/zakrasnejsivimperk.cz\/wp-content\/uploads\/2024\/03\/11\/vpk-fotbal-1-1-300x205.jpg 300w, https:\/\/zakrasnejsivimperk.cz\/wp-content\/uploads\/2024\/03\/11\/vpk-fotbal-1-1-768x524.jpg 768w, https:\/\/zakrasnejsivimperk.cz\/wp-content\/uploads\/2024\/03\/11\/vpk-fotbal-1-1-524x357.jpg 524w, https:\/\/zakrasnejsivimperk.cz\/wp-content\/uploads\/2024\/03\/11\/vpk-fotbal-1-1-708x483.jpg 708w\" sizes=\"(max-width: 984px) 100vw, 984px\" \/><\/p>\n<p>&nbsp;<\/p>\n<p style=\"text-align: center;\"><strong>Autor u\u017e nezn\u00e1 p\u0159esnou dataci tohoto a dal\u0161\u00edch zde pod t\u00edmto titulkem zve\u0159ej\u0148ovan\u00fdch sn\u00edmk\u016f, p\u0159esto se domn\u00edv\u00e1, \u017ee by nem\u011bly z\u016fstat pouze v jeho archivu, ale \u017ee mohou zaj\u00edmat i mnoh\u00e9 \u010dten\u00e1\u0159e.<\/strong><\/p>\n<hr \/>\n<p>&nbsp;<\/p>\n<h6>Informovali jsme:<\/h6>\n<h4><a href=\"https:\/\/zakrasnejsivimperk.cz\/?p=287673\" target=\"_blank\" rel=\"noopener\">NA\u0160E M\u011aSTO VIMPERK -Z HISTORIE : P\u0159\u00edznivci, funkcion\u00e1\u0159i a hr\u00e1\u010di odd\u00edlu kopan\u00e9 TJ \u0160umavan \u2013 prvn\u00ed polovina osmdes\u00e1t\u00fdch let<\/a><\/h4>\n<h4><a href=\"https:\/\/zakrasnejsivimperk.cz\/?p=271292\" target=\"_blank\" rel=\"noopener\">NA\u0160E M\u011aSTO VIMPERK: Fotografie ze star\u00e9ho alba \u2013 Vimpersk\u00e1 devades\u00e1t\u00e1 &#8211; T\u011blocvi\u010dna Z\u00e1kladn\u00ed \u0161koly Smetanova Vimperk \u2013 radost v\u00edt\u011bz\u016f halov\u00e9ho fotbalov\u00e9ho turnaje<\/a><\/h4>\n<h4><a href=\"https:\/\/zakrasnejsivimperk.cz\/?p=270134\" target=\"_blank\" rel=\"noopener\">NA\u0160E M\u011aSTO VIMPERK: Fotografie ze star\u00e9ho alba \u2013 Vimpersk\u00e1 devades\u00e1t\u00e1 &#8211; V\u00edt\u011bzov\u00e9 \u017e\u00e1kovsk\u00e9ho fotbalov\u00e9ho turnaje v t\u011blocvi\u010dn\u011b Z\u0160 Smetanova<\/a><\/h4>\n<h4><a href=\"https:\/\/zakrasnejsivimperk.cz\/?p=270109\" target=\"_blank\" rel=\"noopener\">NA\u0160E M\u011aSTO VIMPERK: Fotografie ze star\u00e9ho alba \u2013 Vimpersk\u00e1 devades\u00e1t\u00e1 &#8211; Fotbalist\u00e9 vimpersk\u00e9ho \u0160umavanu s tren\u00e9rem Mare\u0161em p\u0159i silvestrovsk\u00e9m tr\u00e9ninku<\/a><\/h4>\n<h4><a href=\"https:\/\/zakrasnejsivimperk.cz\/?p=267399\" target=\"_blank\" rel=\"noopener\">NA\u0160E M\u011aSTO VIMPERK: Fotografie ze star\u00e9ho alba \u2013 Vimpersk\u00e1 devades\u00e1t\u00e1 &#8211; \u00da\u010dastn\u00edci turnaje v s\u00e1lov\u00e9 kopan\u00e9, kter\u00fd se hr\u00e1l v t\u011blocvi\u010dn\u011b Z\u00e1kladn\u00ed \u0161koly Smetanova<\/a><\/h4>\n<hr \/>\n<p>&nbsp;<\/p>\n<p>&nbsp;<\/p>\n","protected":false},"excerpt":{"rendered":"<p>&nbsp; V <\/p>\n","protected":false},"author":2,"featured_media":300433,"comment_status":"open","ping_status":"open","sticky":false,"template":"","format":"gallery","meta":{"footnotes":""},"categories":[74,86],"tags":[],"jetpack_featured_media_url":"https:\/\/zakrasnejsivimperk.cz\/wp-content\/uploads\/2024\/03\/11\/ram-fotbal.jpg","_links":{"self":[{"href":"https:\/\/zakrasnejsivimperk.cz\/index.php?rest_route=\/wp\/v2\/posts\/300413"}],"collection":[{"href":"https:\/\/zakrasnejsivimperk.cz\/index.php?rest_route=\/wp\/v2\/posts"}],"about":[{"href":"https:\/\/zakrasnejsivimperk.cz\/index.php?rest_route=\/wp\/v2\/types\/post"}],"author":[{"embeddable":true,"href":"https:\/\/zakrasnejsivimperk.cz\/index.php?rest_route=\/wp\/v2\/users\/2"}],"replies":[{"embeddable":true,"href":"https:\/\/zakrasnejsivimperk.cz\/index.php?rest_route=%2Fwp%2Fv2%2Fcomments&post=300413"}],"version-history":[{"count":12,"href":"https:\/\/zakrasnejsivimperk.cz\/index.php?rest_route=\/wp\/v2\/posts\/300413\/revisions"}],"predecessor-version":[{"id":307826,"href":"https:\/\/zakrasnejsivimperk.cz\/index.php?rest_route=\/wp\/v2\/posts\/300413\/revisions\/307826"}],"wp:featuredmedia":[{"embeddable":true,"href":"https:\/\/zakrasnejsivimperk.cz\/index.php?rest_route=\/wp\/v2\/media\/300433"}],"wp:attachment":[{"href":"https:\/\/zakrasnejsivimperk.cz\/index.php?rest_route=%2Fwp%2Fv2%2Fmedia&parent=300413"}],"wp:term":[{"taxonomy":"category","embeddable":true,"href":"https:\/\/zakrasnejsivimperk.cz\/index.php?rest_route=%2Fwp%2Fv2%2Fcategories&post=300413"},{"taxonomy":"post_tag","embeddable":true,"href":"https:\/\/zakrasnejsivimperk.cz\/index.php?rest_route=%2Fwp%2Fv2%2Ftags&post=300413"}],"curies":[{"name":"wp","href":"https:\/\/api.w.org\/{rel}","templated":true}]}}