{"id":300267,"date":"2024-03-11T16:07:12","date_gmt":"2024-03-11T15:07:12","guid":{"rendered":"https:\/\/zakrasnejsivimperk.cz\/?p=300267"},"modified":"2024-03-12T18:35:25","modified_gmt":"2024-03-12T17:35:25","slug":"petr-stepanek-do-prahy-priletel-masovy-vrah-bill-clinton","status":"publish","type":"post","link":"https:\/\/zakrasnejsivimperk.cz\/?p=300267","title":{"rendered":"PETR \u0160T\u011aP\u00c1NEK: &#8230; do Prahy p\u0159ilet\u011bl masov\u00fd vrah Bill Clinton, &#8230;"},"content":{"rendered":"<h6>Pokud pou\u017eijeme stejnou logiku a slovn\u00edk, jak\u00fdmi n\u00e1s v posledn\u00edch dvou letech v souvislosti s ukrajinskou v\u00e1lkou zahrnuj\u00ed politici a novin\u00e1\u0159i hlavn\u00edho proudu, pak na oslavy 25. v\u00fdro\u010d\u00ed na\u0161eho vstupu do NATO do Prahy p\u0159ilet\u011bl masov\u00fd vrah Bill Clinton, vrah mnoha nevinn\u00fdch d\u011bt\u00ed a \u017een, vrah p\u016fl t\u0159et\u00edho tis\u00edce nevinn\u00fdch civilist\u016f. 42. prezident USA je toti\u017e osobn\u011b odpov\u011bdn\u00fd za leteck\u00e9 \u00fadery USA a NATO na Jugosl\u00e1vii v roce 1999, kter\u00e9 ni\u010dily srbskou civiln\u00ed infrastrukturu. Bez mand\u00e1tu OSN.<\/h6>\n<p><img loading=\"lazy\" decoding=\"async\" class=\"size-full wp-image-274438 alignright\" src=\"https:\/\/zakrasnejsivimperk.cz\/wp-content\/uploads\/2023\/03\/04\/petr-stepanek-x.jpg\" alt=\"\" width=\"300\" height=\"288\" \/>Balk\u00e1nsk\u00e1 \u0159eznice Madla, Clintonova ministryn\u011b zahrani\u010dn\u00edch v\u011bc\u00ed a dodnes modla mnoha na\u0161ich politik\u016f, nep\u0159ilet\u011bla nebo\u0165 u\u017e se po z\u00e1sluze sma\u017e\u00ed v pekle. P\u0159edt\u00edm ov\u0161em stihla poh\u00e1dkov\u011b zbohatnout, kdy\u017e si v pov\u00e1le\u010dn\u00e9m, od Srbska n\u00e1siln\u011b odtr\u017een\u00e9m Kosovu po\u0159\u00eddila m\u00edstn\u00ed telecom a pak ho v\u00fdhodn\u011b st\u0159elila Slovinc\u016fm.<\/p>\n<p>Jin\u00fd masov\u00fd vrah d\u011bt\u00ed a \u017een, 43. prezident USA George Bush ml., kter\u00fd je spolu s b\u00fdval\u00fdm britsk\u00fdm p\u0159edsedou vl\u00e1dy Tony Blairem odpov\u011bdn\u00fd za rozpout\u00e1n\u00ed v\u00e1lky v Ir\u00e1ku v roce 2003, si d\u00e1l u\u017e\u00edv\u00e1 sv\u00e9ho politick\u00e9ho d\u016fchodu a na na\u0161e oslavy se nedostav\u00ed. Za p\u0159ipomenut\u00ed stoj\u00ed dv\u011b skute\u010dnosti. Smy\u0161lenou z\u00e1minkou k rozpout\u00e1n\u00ed t\u00e9to v\u00e1lky byly vylhan\u00e9 informace o zbran\u00edch hromadn\u00e9ho ni\u010den\u00ed, kter\u00e9 se ov\u0161em nikdy nena\u0161ly. Mezit\u00edm ale v Ir\u00e1ku zem\u0159elo a\u017e milion lid\u00ed. D\u011bt\u00ed, \u017een, civilist\u016f. Zem\u011b se z t\u00e9to pohromy dodnes nevzpamatovala. Podobn\u011b jako mnoh\u00e9 dal\u0161\u00ed zem\u011b, kam Z\u00e1pad za pomoci zbran\u00ed a s vedlej\u0161\u00edm efektem tis\u00edc\u016f mrtv\u00fdch importuje sv\u00e9 p\u0159edstavy o \u201edemokracii\u201c.<\/p>\n<p>Co maj\u00ed tyto a mnoh\u00e9 dal\u0161\u00ed vojensk\u00e9 akce spole\u010dn\u00e9ho se sou\u010dasnou v\u00e1lkou na Ukrajin\u011b? V logice d\u00e1vn\u00e9 Clausewitzovy teze, \u017ee v\u00e1lka je pokra\u010dov\u00e1n\u00edm politiky jin\u00fdmi prost\u0159edky, si brut\u00e1ln\u00ed vojenskou silou vynucuj\u00ed \u0159e\u0161en\u00ed, kter\u00e1 se p\u0159edt\u00edm nepoda\u0159ilo dohodnout \u010di prosadit u jednac\u00edho stolu. Takhle to chod\u00ed, co je sv\u011bt sv\u011btem. Na z\u00e1pad\u011b, na v\u00fdchod\u011b, na severu i na jihu.<\/p>\n<p>Ale chod\u00ed to i tak, \u017ee zat\u00edmco dal\u0161\u00ed z v\u00e1le\u010dn\u00edk\u016f, toti\u017e 44. prezident USA Barack Obama, obdr\u017eel prakticky za nic a tak n\u011bjak \u00fapln\u011b dop\u0159edu Nobelovu cenu m\u00edru a je sme\u010dkou \u201epokrokov\u00fdch\u201c novin\u00e1\u0159\u016f cel\u00e9ho sv\u011bta dodnes milov\u00e1n, veleben a obdivov\u00e1n, 45. prezident USA Donald Trump, kter\u00fd na rozd\u00edl od v\u0161ech sv\u00fdch p\u0159edch\u016fdc\u016f \u017e\u00e1dnou v\u00e1lku nerozpoutal, je tou samou sme\u010dkou nen\u00e1vid\u011bn, pomlouv\u00e1n a dehonestov\u00e1n.<\/p>\n<p>Smyslem tohoto textu nen\u00ed vyvi\u0148ovat \u017e\u00e1dn\u00e9ho ze sou\u010dasn\u00fdch politik\u016f odpov\u011bdn\u00fdch za ukrajinsk\u00e9 v\u00e1le\u010dn\u00e9 b\u011bsn\u011bn\u00ed, pouze chce p\u0159ipomenout, \u017ee v\u0161em by se m\u011blo m\u011b\u0159it stejn\u00fdm metrem. Ch\u00e1pu ov\u0161em, \u017ee po\u017eadovat n\u011bco takov\u00e9ho v zemi, je\u017e se z\u00e1sluhou a p\u0159i\u010din\u011bn\u00edm zdej\u0161\u00edch prodejn\u00fdch, slu\u017eebn\u00fdch presstitut\u016f a lokajsk\u00fdch politik\u016f u\u017e d\u00e1vno m\u011bla z \u010cesk\u00e9 republiky p\u0159ejmenovat na Zemi dvoj\u00edho metru, je zcela po\u0161etil\u00e9.<\/p>\n<p>&nbsp;<\/p>\n<p><strong>Petr \u0160T\u011aP\u00c1NEK, publicista, hudebn\u00edk, politik<\/strong><\/p>\n<hr \/>\n<p>&nbsp;<\/p>\n","protected":false},"excerpt":{"rendered":"<p>Pokud pou\u017eijeme <\/p>\n","protected":false},"author":2,"featured_media":300374,"comment_status":"open","ping_status":"open","sticky":false,"template":"","format":"gallery","meta":{"footnotes":""},"categories":[85,118],"tags":[],"jetpack_featured_media_url":"https:\/\/zakrasnejsivimperk.cz\/wp-content\/uploads\/2024\/03\/11\/ram-clinton.jpg","_links":{"self":[{"href":"https:\/\/zakrasnejsivimperk.cz\/index.php?rest_route=\/wp\/v2\/posts\/300267"}],"collection":[{"href":"https:\/\/zakrasnejsivimperk.cz\/index.php?rest_route=\/wp\/v2\/posts"}],"about":[{"href":"https:\/\/zakrasnejsivimperk.cz\/index.php?rest_route=\/wp\/v2\/types\/post"}],"author":[{"embeddable":true,"href":"https:\/\/zakrasnejsivimperk.cz\/index.php?rest_route=\/wp\/v2\/users\/2"}],"replies":[{"embeddable":true,"href":"https:\/\/zakrasnejsivimperk.cz\/index.php?rest_route=%2Fwp%2Fv2%2Fcomments&post=300267"}],"version-history":[{"count":4,"href":"https:\/\/zakrasnejsivimperk.cz\/index.php?rest_route=\/wp\/v2\/posts\/300267\/revisions"}],"predecessor-version":[{"id":300376,"href":"https:\/\/zakrasnejsivimperk.cz\/index.php?rest_route=\/wp\/v2\/posts\/300267\/revisions\/300376"}],"wp:featuredmedia":[{"embeddable":true,"href":"https:\/\/zakrasnejsivimperk.cz\/index.php?rest_route=\/wp\/v2\/media\/300374"}],"wp:attachment":[{"href":"https:\/\/zakrasnejsivimperk.cz\/index.php?rest_route=%2Fwp%2Fv2%2Fmedia&parent=300267"}],"wp:term":[{"taxonomy":"category","embeddable":true,"href":"https:\/\/zakrasnejsivimperk.cz\/index.php?rest_route=%2Fwp%2Fv2%2Fcategories&post=300267"},{"taxonomy":"post_tag","embeddable":true,"href":"https:\/\/zakrasnejsivimperk.cz\/index.php?rest_route=%2Fwp%2Fv2%2Ftags&post=300267"}],"curies":[{"name":"wp","href":"https:\/\/api.w.org\/{rel}","templated":true}]}}