{"id":299819,"date":"2024-03-07T22:42:31","date_gmt":"2024-03-07T21:42:31","guid":{"rendered":"https:\/\/zakrasnejsivimperk.cz\/?p=299819"},"modified":"2024-03-08T20:52:13","modified_gmt":"2024-03-08T19:52:13","slug":"nase-mesto-vimperk-pred-jednanim-zastupitelstva-mesta-11-brezna-2024","status":"publish","type":"post","link":"https:\/\/zakrasnejsivimperk.cz\/?p=299819","title":{"rendered":"NA\u0160E M\u011aSTO VIMPERK: P\u0159ed jedn\u00e1n\u00edm zastupitelstva m\u011bsta 11. b\u0159ezna 2024"},"content":{"rendered":"<p><img loading=\"lazy\" decoding=\"async\" class=\"aligncenter wp-image-299820 size-full\" src=\"https:\/\/zakrasnejsivimperk.cz\/wp-content\/uploads\/2024\/03\/05\/ram-mluvci.jpg\" alt=\"\" width=\"919\" height=\"1100\" srcset=\"https:\/\/zakrasnejsivimperk.cz\/wp-content\/uploads\/2024\/03\/05\/ram-mluvci.jpg 919w, https:\/\/zakrasnejsivimperk.cz\/wp-content\/uploads\/2024\/03\/05\/ram-mluvci-251x300.jpg 251w, https:\/\/zakrasnejsivimperk.cz\/wp-content\/uploads\/2024\/03\/05\/ram-mluvci-856x1024.jpg 856w, https:\/\/zakrasnejsivimperk.cz\/wp-content\/uploads\/2024\/03\/05\/ram-mluvci-768x919.jpg 768w, https:\/\/zakrasnejsivimperk.cz\/wp-content\/uploads\/2024\/03\/05\/ram-mluvci-298x357.jpg 298w, https:\/\/zakrasnejsivimperk.cz\/wp-content\/uploads\/2024\/03\/05\/ram-mluvci-404x483.jpg 404w\" sizes=\"(max-width: 919px) 100vw, 919px\" \/><\/p>\n<p>&nbsp;<\/p>\n<h4>Podkladov\u00e9 materi\u00e1ly pro jedn\u00e1n\u00ed zastupitel\u016f:<\/h4>\n<h4><a href=\"https:\/\/zakrasnejsivimperk.cz\/wp-content\/uploads\/2024\/03\/05\/tiskovy-mluvci-vpk-2.pdf\" target=\"_blank\" rel=\"noopener\">Z\u0159\u00edzen\u00ed pozice pracovn\u00edka vztah\u016f k ve\u0159ejnosti m\u011bsta Vimperk<\/a> <em>(form\u00e1t PDF)<\/em><\/h4>\n<h4><a href=\"https:\/\/zakrasnejsivimperk.cz\/wp-content\/uploads\/2024\/03\/05\/tiskovy-mluvci-vpk-napln.pdf\" target=\"_blank\" rel=\"noopener\">Pracovn\u00ed n\u00e1pl\u0148 pracovn\u00edka vztah\u016f k ve\u0159ejnosti m\u011bsta Vimperk<\/a> <em>(form\u00e1t PDF)<\/em><\/h4>\n<p>&nbsp;<\/p>\n<p><strong>Zdroj: M\u011aSTO VIMPERK<\/strong><\/p>\n<p>(red) &#8211; Za kr\u00e1sn\u011bj\u0161\u00ed Vimperk<\/p>\n<hr \/>\n<p>&nbsp;<\/p>\n<h6>Informujeme:<\/h6>\n<h4><a href=\"https:\/\/zakrasnejsivimperk.cz\/?p=299752\" target=\"_blank\" rel=\"noopener\">NA\u0160E M\u011aSTO VIMPERK: Pt\u00e1me se za v\u00e1s \u2013 Vimpersk\u00e9 televizn\u00ed zpravodajstv\u00ed<\/a><\/h4>\n<hr \/>\n<p>&nbsp;<\/p>\n","protected":false},"excerpt":{"rendered":"<p>&nbsp; Podkladov\u00e9 <\/p>\n","protected":false},"author":2,"featured_media":299820,"comment_status":"open","ping_status":"open","sticky":false,"template":"","format":"gallery","meta":{"footnotes":""},"categories":[121,107,108],"tags":[],"jetpack_featured_media_url":"https:\/\/zakrasnejsivimperk.cz\/wp-content\/uploads\/2024\/03\/05\/ram-mluvci.jpg","_links":{"self":[{"href":"https:\/\/zakrasnejsivimperk.cz\/index.php?rest_route=\/wp\/v2\/posts\/299819"}],"collection":[{"href":"https:\/\/zakrasnejsivimperk.cz\/index.php?rest_route=\/wp\/v2\/posts"}],"about":[{"href":"https:\/\/zakrasnejsivimperk.cz\/index.php?rest_route=\/wp\/v2\/types\/post"}],"author":[{"embeddable":true,"href":"https:\/\/zakrasnejsivimperk.cz\/index.php?rest_route=\/wp\/v2\/users\/2"}],"replies":[{"embeddable":true,"href":"https:\/\/zakrasnejsivimperk.cz\/index.php?rest_route=%2Fwp%2Fv2%2Fcomments&post=299819"}],"version-history":[{"count":2,"href":"https:\/\/zakrasnejsivimperk.cz\/index.php?rest_route=\/wp\/v2\/posts\/299819\/revisions"}],"predecessor-version":[{"id":299962,"href":"https:\/\/zakrasnejsivimperk.cz\/index.php?rest_route=\/wp\/v2\/posts\/299819\/revisions\/299962"}],"wp:featuredmedia":[{"embeddable":true,"href":"https:\/\/zakrasnejsivimperk.cz\/index.php?rest_route=\/wp\/v2\/media\/299820"}],"wp:attachment":[{"href":"https:\/\/zakrasnejsivimperk.cz\/index.php?rest_route=%2Fwp%2Fv2%2Fmedia&parent=299819"}],"wp:term":[{"taxonomy":"category","embeddable":true,"href":"https:\/\/zakrasnejsivimperk.cz\/index.php?rest_route=%2Fwp%2Fv2%2Fcategories&post=299819"},{"taxonomy":"post_tag","embeddable":true,"href":"https:\/\/zakrasnejsivimperk.cz\/index.php?rest_route=%2Fwp%2Fv2%2Ftags&post=299819"}],"curies":[{"name":"wp","href":"https:\/\/api.w.org\/{rel}","templated":true}]}}