{"id":299752,"date":"2024-03-06T22:45:02","date_gmt":"2024-03-06T21:45:02","guid":{"rendered":"https:\/\/zakrasnejsivimperk.cz\/?p=299752"},"modified":"2024-03-08T18:15:10","modified_gmt":"2024-03-08T17:15:10","slug":"nase-mesto-vimperk-ptame-se-za-vas-vimperske-televizni-zpravodajstvi","status":"publish","type":"post","link":"https:\/\/zakrasnejsivimperk.cz\/?p=299752","title":{"rendered":"NA\u0160E M\u011aSTO VIMPERK: Pt\u00e1me se za v\u00e1s &#8211; Vimpersk\u00e9 televizn\u00ed zpravodajstv\u00ed"},"content":{"rendered":"<p><img loading=\"lazy\" decoding=\"async\" class=\"aligncenter wp-image-288139 size-full\" src=\"https:\/\/zakrasnejsivimperk.cz\/wp-content\/uploads\/2023\/10\/02\/ptame-se-za-vas-xx.jpg\" alt=\"\" width=\"771\" height=\"385\" srcset=\"https:\/\/zakrasnejsivimperk.cz\/wp-content\/uploads\/2023\/10\/02\/ptame-se-za-vas-xx.jpg 771w, https:\/\/zakrasnejsivimperk.cz\/wp-content\/uploads\/2023\/10\/02\/ptame-se-za-vas-xx-300x150.jpg 300w, https:\/\/zakrasnejsivimperk.cz\/wp-content\/uploads\/2023\/10\/02\/ptame-se-za-vas-xx-768x384.jpg 768w, https:\/\/zakrasnejsivimperk.cz\/wp-content\/uploads\/2023\/10\/02\/ptame-se-za-vas-xx-715x357.jpg 715w\" sizes=\"(max-width: 771px) 100vw, 771px\" \/><\/p>\n<p>&nbsp;<\/p>\n<p>&nbsp;<\/p>\n<h3>Jak\u00e9 konkr\u00e9tn\u00ed d\u016fvody vedly radu m\u011bsta k ukon\u010den\u00ed smlouvy o realizaci audiovizu\u00e1ln\u00ed prezentace m\u011bsta Vimperk k 31.08.2024 uzav\u0159en\u00e9 mezi m\u011bstem Vimperk a St\u0159edn\u00ed \u0161kolou a Z\u00e1kladn\u00ed \u0161kolou, Vimperk, Nerudova 267? Co bude d\u00e1l s vimpersk\u00fdm televizn\u00edm zpravodajstv\u00edm od 1. z\u00e1\u0159\u00ed leto\u0161n\u00edho roku?<\/h3>\n<h4>Odpov\u00edd\u00e1 Zden\u011bk Kuncl, m\u00edstostarosta m\u011bsta Vimperk:<\/h4>\n<h6><em>Rada m\u011bsta rozhodla o ukon\u010den\u00ed smlouvy o realizaci audiovizu\u00e1ln\u00ed prezentace m\u011bsta Vimperk k\u00a031.8.2024 uzav\u0159en\u00e9 mezi m\u011bstem Vimperk a St\u0159edn\u00ed \u0161kolou a Z\u00e1kladn\u00ed \u0161kolou Vimperk, Nerudova 267 v\u00a0souladu s\u00a0\u010dl\u00e1nkem 7.2 smlouvy uzav\u0159en\u00e9 mezi m\u011bstem Vimperk a S\u0160 a Z\u0160 Nerudova. Tato smlouva byla uzav\u0159ena dne 28.08.2019 na z\u00e1klad\u011b usnesen\u00ed RM \u010d. 788.<\/em><\/h6>\n<h6><em>Podkladem pro rozhodov\u00e1n\u00ed byla Marketingov\u00e1 a komunika\u010dn\u00ed strategie m\u011bsta, kterou schv\u00e1lilo Zastupitelstvo m\u011bsta Vimperk dne 24.04.2023, podrobn\u00e9 anal\u00fdzy a data dodan\u00e9 ze strany koleg\u016f z\u00a0Odboru \u0161kolstv\u00ed, kultury a cestovn\u00edho ruchu a pracovn\u00ed sch\u016fzky, kter\u00e9 prob\u011bhly i se z\u00e1stupci Z\u0160 a S\u0160 Nerudova.<\/em><\/h6>\n<h6><em>Jm\u00e9nem m\u011bsta bylo pod\u011bkov\u00e1no panu \u0159editeli \u0161koly \u017duravsk\u00e9mu a zejm\u00e9na panu Petru Krejsovi za l\u00e9ta v\u00fdborn\u00e9 spolupr\u00e1ce, jej\u00edm\u017e p\u0159edm\u011btem bylo provozov\u00e1n\u00ed kabelov\u00e9 televize. S\u00a0v\u00fdvojem doby doch\u00e1z\u00ed ke zm\u011bn\u011b sd\u011blovac\u00edch prost\u0159edk\u016f a formy sd\u011blov\u00e1n\u00ed informac\u00ed, kter\u00e9 vyu\u017e\u00edv\u00e1 spole\u010dnost. V\u011b\u0159\u00edme, \u017ee i nad\u00e1le budeme m\u00edt p\u0159\u00edle\u017eitost spolupracovat se Z\u0160 a S\u0160 Nerudova na dokumentov\u00e1n\u00ed v\u00fdznamn\u00fdch ud\u00e1lost\u00ed pro na\u0161e m\u011bsto i jin\u00fdch akc\u00edch.<\/em><\/h6>\n<h6><em>Dal\u0161\u00ed v\u00fdvoj a kroky v\u00a0t\u00e9to oblasti budou p\u0159edm\u011btem jedn\u00e1n\u00ed ZM dne 11.3.2024.<\/em><\/h6>\n<p>&nbsp;<\/p>\n<p><strong>(red) \u2013 Za kr\u00e1sn\u011bj\u0161\u00ed Vimperk<\/strong><\/p>\n<hr \/>\n<p>&nbsp;<\/p>\n<h6>Informujeme:<\/h6>\n<h4><a href=\"https:\/\/zakrasnejsivimperk.cz\/?p=299819\" target=\"_blank\" rel=\"noopener\">NA\u0160E M\u011aSTO VIMPERK: P\u0159ed jedn\u00e1n\u00edm zastupitelstva m\u011bsta 11. b\u0159ezna 2024<\/a><\/h4>\n<hr \/>\n<p>&nbsp;<\/p>\n","protected":false},"excerpt":{"rendered":"<p>&nbsp; &nbsp; <\/p>\n","protected":false},"author":2,"featured_media":299753,"comment_status":"open","ping_status":"open","sticky":false,"template":"","format":"gallery","meta":{"footnotes":""},"categories":[121,108],"tags":[],"jetpack_featured_media_url":"https:\/\/zakrasnejsivimperk.cz\/wp-content\/uploads\/2024\/03\/05\/odpoved-kuncl.jpg","_links":{"self":[{"href":"https:\/\/zakrasnejsivimperk.cz\/index.php?rest_route=\/wp\/v2\/posts\/299752"}],"collection":[{"href":"https:\/\/zakrasnejsivimperk.cz\/index.php?rest_route=\/wp\/v2\/posts"}],"about":[{"href":"https:\/\/zakrasnejsivimperk.cz\/index.php?rest_route=\/wp\/v2\/types\/post"}],"author":[{"embeddable":true,"href":"https:\/\/zakrasnejsivimperk.cz\/index.php?rest_route=\/wp\/v2\/users\/2"}],"replies":[{"embeddable":true,"href":"https:\/\/zakrasnejsivimperk.cz\/index.php?rest_route=%2Fwp%2Fv2%2Fcomments&post=299752"}],"version-history":[{"count":2,"href":"https:\/\/zakrasnejsivimperk.cz\/index.php?rest_route=\/wp\/v2\/posts\/299752\/revisions"}],"predecessor-version":[{"id":299964,"href":"https:\/\/zakrasnejsivimperk.cz\/index.php?rest_route=\/wp\/v2\/posts\/299752\/revisions\/299964"}],"wp:featuredmedia":[{"embeddable":true,"href":"https:\/\/zakrasnejsivimperk.cz\/index.php?rest_route=\/wp\/v2\/media\/299753"}],"wp:attachment":[{"href":"https:\/\/zakrasnejsivimperk.cz\/index.php?rest_route=%2Fwp%2Fv2%2Fmedia&parent=299752"}],"wp:term":[{"taxonomy":"category","embeddable":true,"href":"https:\/\/zakrasnejsivimperk.cz\/index.php?rest_route=%2Fwp%2Fv2%2Fcategories&post=299752"},{"taxonomy":"post_tag","embeddable":true,"href":"https:\/\/zakrasnejsivimperk.cz\/index.php?rest_route=%2Fwp%2Fv2%2Ftags&post=299752"}],"curies":[{"name":"wp","href":"https:\/\/api.w.org\/{rel}","templated":true}]}}