{"id":299602,"date":"2024-03-03T19:46:29","date_gmt":"2024-03-03T18:46:29","guid":{"rendered":"https:\/\/zakrasnejsivimperk.cz\/?p=299602"},"modified":"2024-03-03T19:46:29","modified_gmt":"2024-03-03T18:46:29","slug":"cesky-hydrometeorologicky-ustav-vyvoj-situace-a-predpoved-pocasi-pro-ceskou-republiku-do-11-brezna","status":"publish","type":"post","link":"https:\/\/zakrasnejsivimperk.cz\/?p=299602","title":{"rendered":"\u010cESK\u00dd HYDROMETEOROLOGICK\u00dd \u00daSTAV: V\u00fdvoj situace a p\u0159edpov\u011b\u010f po\u010das\u00ed pro \u010ceskou republiku do 11. b\u0159ezna"},"content":{"rendered":"<figure id=\"attachment_299603\" aria-describedby=\"caption-attachment-299603\" style=\"width: 962px\" class=\"wp-caption aligncenter\"><img loading=\"lazy\" decoding=\"async\" class=\"wp-image-299603 size-full\" src=\"https:\/\/zakrasnejsivimperk.cz\/wp-content\/uploads\/2024\/03\/03\/vpk-jaro.jpg\" alt=\"\" width=\"962\" height=\"1100\" srcset=\"https:\/\/zakrasnejsivimperk.cz\/wp-content\/uploads\/2024\/03\/03\/vpk-jaro.jpg 962w, https:\/\/zakrasnejsivimperk.cz\/wp-content\/uploads\/2024\/03\/03\/vpk-jaro-262x300.jpg 262w, https:\/\/zakrasnejsivimperk.cz\/wp-content\/uploads\/2024\/03\/03\/vpk-jaro-896x1024.jpg 896w, https:\/\/zakrasnejsivimperk.cz\/wp-content\/uploads\/2024\/03\/03\/vpk-jaro-768x878.jpg 768w, https:\/\/zakrasnejsivimperk.cz\/wp-content\/uploads\/2024\/03\/03\/vpk-jaro-312x357.jpg 312w, https:\/\/zakrasnejsivimperk.cz\/wp-content\/uploads\/2024\/03\/03\/vpk-jaro-422x483.jpg 422w\" sizes=\"(max-width: 962px) 100vw, 962px\" \/><figcaption id=\"caption-attachment-299603\" class=\"wp-caption-text\">Ilustra\u010dn\u00ed foto: (red) &#8211; Za kr\u00e1sn\u011bj\u0161\u00ed Vimperk<\/figcaption><\/figure>\n<hr \/>\n<p>&nbsp;<\/p>\n<h6 class=\"textik1\">Situace: P\u0159\u00edliv\u00a0tepl\u00e9ho vzduchu od jihov\u00fdchodu kolem tlakov\u00e9 n\u00ed\u017ee nad It\u00e1li\u00ed bude postupn\u011b sl\u00e1bnout. Tlakov\u00e1 n\u00ed\u017ee bude postupovat p\u0159es\u00a0St\u0159edomo\u0159\u00ed k\u00a0v\u00fdchodu a po jej\u00ed zadn\u00ed stran\u011b k\u00a0n\u00e1m pronikne chladn\u011bj\u0161\u00ed vzduch od severov\u00fdchodu. Ve \u010dtvrtek\u00a0se k\u00a0n\u00e1m roz\u0161\u00ed\u0159\u00ed v\u00fdb\u011b\u017eek\u00a0tlakov\u00e9 v\u00fd\u0161e nad Skandin\u00e1vi\u00ed a od severov\u00fdchodu k\u00a0n\u00e1m bude proudit chladn\u011bj\u0161\u00ed vzduch. Koncem obdob\u00ed postoup\u00ed ze z\u00e1padn\u00ed do st\u0159edn\u00ed Evropy br\u00e1zda ni\u017e\u0161\u00edho tlaku vzduchu.<\/h6>\n<p>&nbsp;<\/p>\n<h6 class=\"textik1\"><img loading=\"lazy\" decoding=\"async\" class=\"alignright wp-image-191184\" src=\"https:\/\/zakrasnejsivimperk.cz\/wp-content\/uploads\/2020\/05\/07\/\u010dhm\u00fa-logo-nov\u00e9-300x123.jpg\" alt=\"\" width=\"400\" height=\"164\" srcset=\"https:\/\/zakrasnejsivimperk.cz\/wp-content\/uploads\/2020\/05\/07\/\u010dhm\u00fa-logo-nov\u00e9-300x123.jpg 300w, https:\/\/zakrasnejsivimperk.cz\/wp-content\/uploads\/2020\/05\/07\/\u010dhm\u00fa-logo-nov\u00e9-768x316.jpg 768w, https:\/\/zakrasnejsivimperk.cz\/wp-content\/uploads\/2020\/05\/07\/\u010dhm\u00fa-logo-nov\u00e9.jpg 861w\" sizes=\"(max-width: 400px) 100vw, 400px\" \/>P\u0159edpov\u011b\u010f na pond\u011bl\u00ed 4. b\u0159ezna:<\/h6>\n<p class=\"textik2\">Zpo\u010d\u00e1tku m\u00edsty mlhy nebo n\u00edzk\u00e1 obla\u010dnost, zejm\u00e9na v\u00a0\u010cech\u00e1ch a na z\u00e1pad\u011b Moravy. Jinak\u00a0v\u011bt\u0161inou polojasno a postupn\u011b ojedin\u011ble p\u0159eh\u00e1\u0148ky nebo slab\u00fd d\u00e9\u0161\u0165, zejm\u00e9na na severu a severov\u00fdchod\u011b. Nejni\u017e\u0161\u00ed no\u010dn\u00ed teploty 8 a\u017e 4\u00a0\u00b0C, p\u0159i mal\u00e9 obla\u010dnosti a uklidn\u011bn\u00ed v\u011btru a\u017e 0\u00a0\u00b0C. Nejvy\u0161\u0161\u00ed denn\u00ed teploty 12 a\u017e 16\u00a0\u00b0C, p\u0159i d\u00e9letrvaj\u00edc\u00ed mlze nebo n\u00edzk\u00e9 obla\u010dnosti kolem 10\u00a0\u00b0C, v\u00a01000 m na hor\u00e1ch kolem 9\u00a0\u00b0C. Slab\u00fd prom\u011bnliv\u00fd nebo severn\u00ed v\u00edtr do 4 m\/s, na v\u00fdchod\u011b v\u011bt\u0161inou v\u00edtr m\u00edrn\u00fd ji\u017en\u00ed a\u017e jihoz\u00e1padn\u00ed 2 a\u017e 5 m\/s.<\/p>\n<p>&nbsp;<\/p>\n<h6 class=\"textik1\">P\u0159edpov\u011b\u010f na \u00fater\u00fd 5. b\u0159ezna:<\/h6>\n<p class=\"textik2\">P\u0159ev\u00e1\u017en\u011b obla\u010dno a postupn\u011b na v\u011bt\u0161in\u011b \u00fazem\u00ed p\u0159eh\u00e1\u0148ky, na severu postupn\u011b nad 800 m, na \u0160umav\u011b pozd\u011bji nad 1200 m sm\u00ed\u0161en\u00e9 nebo sn\u011bhov\u00e9. Zpo\u010d\u00e1tku m\u00edsty mlhy nebo n\u00edzk\u00e1 obla\u010dnost. Nejni\u017e\u0161\u00ed no\u010dn\u00ed teploty 6 a\u017e 2\u00a0\u00b0C. Nejvy\u0161\u0161\u00ed denn\u00ed teploty 6 a\u017e 10\u00a0\u00b0C, na ji\u017en\u00ed Morav\u011b a\u017e 13\u00a0\u00b0C. Slab\u00fd prom\u011bnliv\u00fd nebo severov\u00fdchodn\u00ed v\u00edtr do 4 m\/s.<\/p>\n<p>&nbsp;<\/p>\n<h6 class=\"textik1\">P\u0159edpov\u011b\u010f na st\u0159edu 6. b\u0159ezna:<\/h6>\n<p class=\"textik2\">V\u011bt\u0161inou obla\u010dno a ojedin\u011ble p\u0159eh\u00e1\u0148ky, nad 800 m, na \u0160umav\u011b nad 1100 m sm\u00ed\u0161en\u00e9 nebo sn\u011bhov\u00e9. R\u00e1no ojedin\u011ble mlhy. Nejni\u017e\u0161\u00ed no\u010dn\u00ed teploty 4 a\u017e 0\u00a0\u00b0C, ojedin\u011ble p\u0159i zmen\u0161en\u00e9 obla\u010dnosti a\u017e -2\u00a0\u00b0C. Nejvy\u0161\u0161\u00ed denn\u00ed teploty 7 a\u017e 11\u00a0\u00b0C. M\u00edrn\u00fd severov\u00fdchodn\u00ed a\u017e severn\u00ed v\u00edtr 2 a\u017e 6 m\/s, na z\u00e1pad\u011b jen slab\u00fd prom\u011bnliv\u00fd do 4 m\/s.<\/p>\n<p>&nbsp;<\/p>\n<h6 class=\"textik1\">P\u0159edpov\u011b\u010f na \u010dtvrtek 7. b\u0159ezna:<\/h6>\n<p class=\"textik2\">Polojasno a\u017e obla\u010dno a zpo\u010d\u00e1tku ojedin\u011ble p\u0159eh\u00e1\u0148ky, nad 800 m sm\u00ed\u0161en\u00e9 nebo sn\u011bhov\u00e9. K\u00a0ve\u010deru \u010d\u00e1ste\u010dn\u00e9 ub\u00fdv\u00e1n\u00ed obla\u010dnosti. Ojedin\u011ble mlhy. Nejni\u017e\u0161\u00ed no\u010dn\u00ed teploty +3 a\u017e -1\u00a0\u00b0C. Nejvy\u0161\u0161\u00ed denn\u00ed teploty 6 a\u017e 10\u00a0\u00b0C. Slab\u00fd prom\u011bnliv\u00fd v\u00edtr do 4 m\/s, na Morav\u011b a ve Slezsku p\u0159echodn\u011b m\u00edrn\u00fd severov\u00fdchodn\u00ed 2 a\u017e 6 m\/s.<\/p>\n<p>&nbsp;<\/p>\n<h6 class=\"textik1\">P\u0159edpov\u011b\u010f na p\u00e1tek 8. b\u0159ezna:<\/h6>\n<p class=\"textik2\">Jasno a\u017e polojasno, ojedin\u011ble mlhy. Nejni\u017e\u0161\u00ed no\u010dn\u00ed teploty 0 a\u017e -4\u00a0\u00b0C. Nejvy\u0161\u0161\u00ed denn\u00ed teploty 8 a\u017e 12\u00a0\u00b0C. Slab\u00fd prom\u011bnliv\u00fd nebo v\u00fdchodn\u00ed v\u00edtr do 4 m\/s.<\/p>\n<p>&nbsp;<\/p>\n<h6 class=\"textik1\">Vyhl\u00eddka po\u010das\u00ed od soboty 9. b\u0159ezna do pond\u011bl\u00ed 11. b\u0159ezna:<\/h6>\n<p class=\"textik2\">V\u00a0sobotu v\u011bt\u0161inou polojasno a ojedin\u011ble mlhy, v\u00a0dal\u0161\u00edch dnech postupn\u011b p\u0159ib\u00fdv\u00e1n\u00ed obla\u010dnosti a m\u00edsty d\u00e9\u0161\u0165. Nejni\u017e\u0161\u00ed no\u010dn\u00ed teploty +2 a\u017e -2\u00a0\u00b0C, postupn\u011b 6 a\u017e 2\u00a0\u00b0C. Nejvy\u0161\u0161\u00ed denn\u00ed teploty 7 a\u017e 12\u00a0\u00b0C.<\/p>\n<p>&nbsp;<\/p>\n<p>&nbsp;<\/p>\n<p><a href=\"https:\/\/www.chmi.cz\/\" target=\"_blank\" rel=\"noopener\"><strong>\u010cESK\u00dd HYDROMETEOROLOGICK\u00dd \u00daSTAV<\/strong><\/a><\/p>\n<p>&nbsp;<\/p>\n<h4><a href=\"https:\/\/zakrasnejsivimperk.cz\/?p=231510\" target=\"_blank\" rel=\"noopener\">V\u00fdstrahy \u010cesk\u00e9ho hydrometeorologick\u00e9ho \u00fastavu pro regiony a m\u011bsta najdete ZDE<\/a><\/h4>\n<hr \/>\n<p>&nbsp;<\/p>\n","protected":false},"excerpt":{"rendered":"<p>&nbsp; Situace: <\/p>\n","protected":false},"author":2,"featured_media":299605,"comment_status":"open","ping_status":"open","sticky":false,"template":"","format":"gallery","meta":{"footnotes":""},"categories":[110],"tags":[],"jetpack_featured_media_url":"https:\/\/zakrasnejsivimperk.cz\/wp-content\/uploads\/2024\/03\/03\/ram-pocasi.jpg","_links":{"self":[{"href":"https:\/\/zakrasnejsivimperk.cz\/index.php?rest_route=\/wp\/v2\/posts\/299602"}],"collection":[{"href":"https:\/\/zakrasnejsivimperk.cz\/index.php?rest_route=\/wp\/v2\/posts"}],"about":[{"href":"https:\/\/zakrasnejsivimperk.cz\/index.php?rest_route=\/wp\/v2\/types\/post"}],"author":[{"embeddable":true,"href":"https:\/\/zakrasnejsivimperk.cz\/index.php?rest_route=\/wp\/v2\/users\/2"}],"replies":[{"embeddable":true,"href":"https:\/\/zakrasnejsivimperk.cz\/index.php?rest_route=%2Fwp%2Fv2%2Fcomments&post=299602"}],"version-history":[{"count":1,"href":"https:\/\/zakrasnejsivimperk.cz\/index.php?rest_route=\/wp\/v2\/posts\/299602\/revisions"}],"predecessor-version":[{"id":299604,"href":"https:\/\/zakrasnejsivimperk.cz\/index.php?rest_route=\/wp\/v2\/posts\/299602\/revisions\/299604"}],"wp:featuredmedia":[{"embeddable":true,"href":"https:\/\/zakrasnejsivimperk.cz\/index.php?rest_route=\/wp\/v2\/media\/299605"}],"wp:attachment":[{"href":"https:\/\/zakrasnejsivimperk.cz\/index.php?rest_route=%2Fwp%2Fv2%2Fmedia&parent=299602"}],"wp:term":[{"taxonomy":"category","embeddable":true,"href":"https:\/\/zakrasnejsivimperk.cz\/index.php?rest_route=%2Fwp%2Fv2%2Fcategories&post=299602"},{"taxonomy":"post_tag","embeddable":true,"href":"https:\/\/zakrasnejsivimperk.cz\/index.php?rest_route=%2Fwp%2Fv2%2Ftags&post=299602"}],"curies":[{"name":"wp","href":"https:\/\/api.w.org\/{rel}","templated":true}]}}