{"id":29957,"date":"2016-10-30T11:36:34","date_gmt":"2016-10-30T10:36:34","guid":{"rendered":"http:\/\/zakrasnejsivimperk.cz\/?p=29957"},"modified":"2016-10-30T13:56:23","modified_gmt":"2016-10-30T12:56:23","slug":"recepty-ze-sumavske-vesnice-tymianova-jatra-podle-stareho-receptu-z-filipovy-huti","status":"publish","type":"post","link":"https:\/\/zakrasnejsivimperk.cz\/?p=29957","title":{"rendered":"RECEPTY ZE \u0160UMAVSK\u00c9 VESNICE: Tymi\u00e1nov\u00e1 j\u00e1tra podle star\u00e9ho receptu z Filipovy Huti. Dobrou chu\u0165!"},"content":{"rendered":"<p><strong>TYMI\u00c1NOV\u00c1 J\u00c1TRA (Filipova Hu\u0165)<\/strong><\/p>\n<p>Suroviny:<\/p>\n<p>50 dkg jater (hus\u00ed, ku\u0159ec\u00ed, mlad\u00e1 telec\u00ed)<br \/>\n1 cibule<br \/>\n10 dkg s\u00e1dla<span class=\"text_exposed_show\"><br \/>\n10 dkg slaniny<br \/>\n8 kuli\u010dek jalovce, \u010dern\u00fd cel\u00fd pep\u0159 (utlouct)<br \/>\n2-3 strou\u017eky \u010desneku<br \/>\nsvazek tymi\u00e1nu<br \/>\n1,5 dcl v\u00edna ( j\u00e1 zvolila leh\u010d\u00ed b\u00edl\u00e9 )<br \/>\n1 dcl vody<br \/>\ns\u016fl<br \/>\n1 l\u017e\u00edce hladk\u00e9 mouky<\/span><\/p>\n<div class=\"text_exposed_show\">\n<p style=\"text-align: justify;\">O\u010di\u0161t\u011bn\u00e1 j\u00e1tra nakr\u00e1j\u00edme na kousky a promneme s prolisovan\u00fdm \u010desnekem.<br \/>\nNa s\u00e1dle osmahneme cibulku se slaninou, p\u0159id\u00e1me j\u00e1tra a zarestujeme. Podlijeme vodou a dus\u00edme s jednou\u00a0sn\u00edtkou tymi\u00e1nu dokud j\u00e1tra nejsou m\u011bkk\u00e1. Zapr\u00e1\u0161\u00edme moukou, podlijeme v\u00ednem, osol\u00edme a p\u0159id\u00e1me utlu\u010den\u00e9 ko\u0159en\u00ed. Chvilku pova\u0159\u00edme. P\u0159id\u00e1me zbytek nasekan\u00e9ho tymi\u00e1nu, dochut\u00edme a pod\u00e1v\u00e1me s brambory.<\/p>\n<p style=\"text-align: justify;\"><strong>P\u0159ipravuje:\u00a0Lucie KOHOUTOV\u00c1<\/strong><\/p>\n<div id='gallery-1' class='gallery galleryid-29957 gallery-columns-3 gallery-size-medium'><figure class='gallery-item'>\n\t\t\t<div class='gallery-icon landscape'>\n\t\t\t\t<a href='https:\/\/zakrasnejsivimperk.cz\/?attachment_id=29958'><img loading=\"lazy\" decoding=\"async\" width=\"300\" height=\"225\" src=\"https:\/\/zakrasnejsivimperk.cz\/wp-content\/uploads\/2015\/09\/j\u00e1tra-300x225.jpg\" class=\"attachment-medium size-medium\" alt=\"\" srcset=\"https:\/\/zakrasnejsivimperk.cz\/wp-content\/uploads\/2015\/09\/j\u00e1tra-300x225.jpg 300w, https:\/\/zakrasnejsivimperk.cz\/wp-content\/uploads\/2015\/09\/j\u00e1tra-476x357.jpg 476w, https:\/\/zakrasnejsivimperk.cz\/wp-content\/uploads\/2015\/09\/j\u00e1tra-644x483.jpg 644w, https:\/\/zakrasnejsivimperk.cz\/wp-content\/uploads\/2015\/09\/j\u00e1tra.jpg 960w\" sizes=\"(max-width: 300px) 100vw, 300px\" \/><\/a>\n\t\t\t<\/div><\/figure><figure class='gallery-item'>\n\t\t\t<div class='gallery-icon landscape'>\n\t\t\t\t<a href='https:\/\/zakrasnejsivimperk.cz\/?attachment_id=29959'><img loading=\"lazy\" decoding=\"async\" width=\"300\" height=\"225\" src=\"https:\/\/zakrasnejsivimperk.cz\/wp-content\/uploads\/2015\/09\/j\u00e1tra-2-300x225.jpg\" class=\"attachment-medium size-medium\" alt=\"\" srcset=\"https:\/\/zakrasnejsivimperk.cz\/wp-content\/uploads\/2015\/09\/j\u00e1tra-2-300x225.jpg 300w, https:\/\/zakrasnejsivimperk.cz\/wp-content\/uploads\/2015\/09\/j\u00e1tra-2-476x357.jpg 476w, https:\/\/zakrasnejsivimperk.cz\/wp-content\/uploads\/2015\/09\/j\u00e1tra-2-644x483.jpg 644w, https:\/\/zakrasnejsivimperk.cz\/wp-content\/uploads\/2015\/09\/j\u00e1tra-2.jpg 960w\" sizes=\"(max-width: 300px) 100vw, 300px\" \/><\/a>\n\t\t\t<\/div><\/figure><figure class='gallery-item'>\n\t\t\t<div class='gallery-icon landscape'>\n\t\t\t\t<a href='https:\/\/zakrasnejsivimperk.cz\/?attachment_id=29960'><img loading=\"lazy\" decoding=\"async\" width=\"300\" height=\"225\" src=\"https:\/\/zakrasnejsivimperk.cz\/wp-content\/uploads\/2015\/09\/j\u00e1tra-3-300x225.jpg\" class=\"attachment-medium size-medium\" alt=\"\" srcset=\"https:\/\/zakrasnejsivimperk.cz\/wp-content\/uploads\/2015\/09\/j\u00e1tra-3-300x225.jpg 300w, https:\/\/zakrasnejsivimperk.cz\/wp-content\/uploads\/2015\/09\/j\u00e1tra-3-476x357.jpg 476w, https:\/\/zakrasnejsivimperk.cz\/wp-content\/uploads\/2015\/09\/j\u00e1tra-3-644x483.jpg 644w, https:\/\/zakrasnejsivimperk.cz\/wp-content\/uploads\/2015\/09\/j\u00e1tra-3.jpg 960w\" sizes=\"(max-width: 300px) 100vw, 300px\" \/><\/a>\n\t\t\t<\/div><\/figure><figure class='gallery-item'>\n\t\t\t<div class='gallery-icon landscape'>\n\t\t\t\t<a href='https:\/\/zakrasnejsivimperk.cz\/?attachment_id=29961'><img loading=\"lazy\" decoding=\"async\" width=\"300\" height=\"225\" src=\"https:\/\/zakrasnejsivimperk.cz\/wp-content\/uploads\/2015\/09\/j\u00e1tra-4-300x225.jpg\" class=\"attachment-medium size-medium\" alt=\"\" srcset=\"https:\/\/zakrasnejsivimperk.cz\/wp-content\/uploads\/2015\/09\/j\u00e1tra-4-300x225.jpg 300w, https:\/\/zakrasnejsivimperk.cz\/wp-content\/uploads\/2015\/09\/j\u00e1tra-4-476x357.jpg 476w, https:\/\/zakrasnejsivimperk.cz\/wp-content\/uploads\/2015\/09\/j\u00e1tra-4-644x483.jpg 644w, https:\/\/zakrasnejsivimperk.cz\/wp-content\/uploads\/2015\/09\/j\u00e1tra-4.jpg 960w\" sizes=\"(max-width: 300px) 100vw, 300px\" \/><\/a>\n\t\t\t<\/div><\/figure>\n\t\t<\/div>\n\n<\/div>\n","protected":false},"excerpt":{"rendered":"<p>TYMI\u00c1NOV\u00c1 J\u00c1TRA <\/p>\n","protected":false},"author":2,"featured_media":29961,"comment_status":"open","ping_status":"open","sticky":false,"template":"","format":"gallery","meta":{"footnotes":""},"categories":[34],"tags":[],"jetpack_featured_media_url":"https:\/\/zakrasnejsivimperk.cz\/wp-content\/uploads\/2015\/09\/j\u00e1tra-4.jpg","_links":{"self":[{"href":"https:\/\/zakrasnejsivimperk.cz\/index.php?rest_route=\/wp\/v2\/posts\/29957"}],"collection":[{"href":"https:\/\/zakrasnejsivimperk.cz\/index.php?rest_route=\/wp\/v2\/posts"}],"about":[{"href":"https:\/\/zakrasnejsivimperk.cz\/index.php?rest_route=\/wp\/v2\/types\/post"}],"author":[{"embeddable":true,"href":"https:\/\/zakrasnejsivimperk.cz\/index.php?rest_route=\/wp\/v2\/users\/2"}],"replies":[{"embeddable":true,"href":"https:\/\/zakrasnejsivimperk.cz\/index.php?rest_route=%2Fwp%2Fv2%2Fcomments&post=29957"}],"version-history":[{"count":4,"href":"https:\/\/zakrasnejsivimperk.cz\/index.php?rest_route=\/wp\/v2\/posts\/29957\/revisions"}],"predecessor-version":[{"id":80197,"href":"https:\/\/zakrasnejsivimperk.cz\/index.php?rest_route=\/wp\/v2\/posts\/29957\/revisions\/80197"}],"wp:featuredmedia":[{"embeddable":true,"href":"https:\/\/zakrasnejsivimperk.cz\/index.php?rest_route=\/wp\/v2\/media\/29961"}],"wp:attachment":[{"href":"https:\/\/zakrasnejsivimperk.cz\/index.php?rest_route=%2Fwp%2Fv2%2Fmedia&parent=29957"}],"wp:term":[{"taxonomy":"category","embeddable":true,"href":"https:\/\/zakrasnejsivimperk.cz\/index.php?rest_route=%2Fwp%2Fv2%2Fcategories&post=29957"},{"taxonomy":"post_tag","embeddable":true,"href":"https:\/\/zakrasnejsivimperk.cz\/index.php?rest_route=%2Fwp%2Fv2%2Ftags&post=29957"}],"curies":[{"name":"wp","href":"https:\/\/api.w.org\/{rel}","templated":true}]}}