{"id":299453,"date":"2024-03-04T12:15:33","date_gmt":"2024-03-04T11:15:33","guid":{"rendered":"https:\/\/zakrasnejsivimperk.cz\/?p=299453"},"modified":"2024-03-06T13:21:04","modified_gmt":"2024-03-06T12:21:04","slug":"jizni-cechy-mesto-prachatice-opet-odpusti-poplatek-za-provozovani-predzahradek","status":"publish","type":"post","link":"https:\/\/zakrasnejsivimperk.cz\/?p=299453","title":{"rendered":"JI\u017dN\u00cd \u010cECHY: Prachatice op\u011bt odpust\u00ed poplatek za provozov\u00e1n\u00ed p\u0159edzahr\u00e1dek"},"content":{"rendered":"<p><img loading=\"lazy\" decoding=\"async\" class=\"aligncenter wp-image-299454 size-full\" src=\"https:\/\/zakrasnejsivimperk.cz\/wp-content\/uploads\/2024\/03\/01\/pt-predzahradka.jpg\" alt=\"\" width=\"1261\" height=\"890\" srcset=\"https:\/\/zakrasnejsivimperk.cz\/wp-content\/uploads\/2024\/03\/01\/pt-predzahradka.jpg 1261w, https:\/\/zakrasnejsivimperk.cz\/wp-content\/uploads\/2024\/03\/01\/pt-predzahradka-300x212.jpg 300w, https:\/\/zakrasnejsivimperk.cz\/wp-content\/uploads\/2024\/03\/01\/pt-predzahradka-1024x723.jpg 1024w, https:\/\/zakrasnejsivimperk.cz\/wp-content\/uploads\/2024\/03\/01\/pt-predzahradka-768x542.jpg 768w, https:\/\/zakrasnejsivimperk.cz\/wp-content\/uploads\/2024\/03\/01\/pt-predzahradka-506x357.jpg 506w, https:\/\/zakrasnejsivimperk.cz\/wp-content\/uploads\/2024\/03\/01\/pt-predzahradka-684x483.jpg 684w\" sizes=\"(max-width: 1261px) 100vw, 1261px\" \/><\/p>\n<p>&nbsp;<\/p>\n<h4>Prachati\u010dt\u00ed zastupitel\u00e9, stejn\u011b jako v p\u0159ede\u0161l\u00fdch letech, odpustili v\u0161em provozovatel\u016fm p\u0159edzahr\u00e1dek v historick\u00e9m centru poplatek za jejich provozov\u00e1n\u00ed.<\/h4>\n<h6><em>Jedn\u00e1 se o drobnou formu podpory podnik\u00e1n\u00ed ze strany zastupitel\u016f, kter\u00e1 m\u00e1 za c\u00edl pomoci v\u0161em, kte\u0159\u00ed provozuj\u00ed restaurace a kav\u00e1rny v historick\u00e9m centru m\u011bsta a vytv\u00e1\u0159ej\u00ed tak p\u0159\u00edjemn\u00e9 prost\u0159ed\u00ed pro obyvatele i n\u00e1v\u0161t\u011bvn\u00edky m\u011bsta.<\/em><\/h6>\n<p>&nbsp;<\/p>\n<p><strong>Text a foto: M\u011aSTO PRACHATICE<\/strong><\/p>\n<hr \/>\n<p>&nbsp;<\/p>\n","protected":false},"excerpt":{"rendered":"<p>&nbsp; Prachati\u010dt\u00ed <\/p>\n","protected":false},"author":2,"featured_media":299454,"comment_status":"open","ping_status":"open","sticky":false,"template":"","format":"gallery","meta":{"footnotes":""},"categories":[24],"tags":[],"jetpack_featured_media_url":"https:\/\/zakrasnejsivimperk.cz\/wp-content\/uploads\/2024\/03\/01\/pt-predzahradka.jpg","_links":{"self":[{"href":"https:\/\/zakrasnejsivimperk.cz\/index.php?rest_route=\/wp\/v2\/posts\/299453"}],"collection":[{"href":"https:\/\/zakrasnejsivimperk.cz\/index.php?rest_route=\/wp\/v2\/posts"}],"about":[{"href":"https:\/\/zakrasnejsivimperk.cz\/index.php?rest_route=\/wp\/v2\/types\/post"}],"author":[{"embeddable":true,"href":"https:\/\/zakrasnejsivimperk.cz\/index.php?rest_route=\/wp\/v2\/users\/2"}],"replies":[{"embeddable":true,"href":"https:\/\/zakrasnejsivimperk.cz\/index.php?rest_route=%2Fwp%2Fv2%2Fcomments&post=299453"}],"version-history":[{"count":2,"href":"https:\/\/zakrasnejsivimperk.cz\/index.php?rest_route=\/wp\/v2\/posts\/299453\/revisions"}],"predecessor-version":[{"id":299576,"href":"https:\/\/zakrasnejsivimperk.cz\/index.php?rest_route=\/wp\/v2\/posts\/299453\/revisions\/299576"}],"wp:featuredmedia":[{"embeddable":true,"href":"https:\/\/zakrasnejsivimperk.cz\/index.php?rest_route=\/wp\/v2\/media\/299454"}],"wp:attachment":[{"href":"https:\/\/zakrasnejsivimperk.cz\/index.php?rest_route=%2Fwp%2Fv2%2Fmedia&parent=299453"}],"wp:term":[{"taxonomy":"category","embeddable":true,"href":"https:\/\/zakrasnejsivimperk.cz\/index.php?rest_route=%2Fwp%2Fv2%2Fcategories&post=299453"},{"taxonomy":"post_tag","embeddable":true,"href":"https:\/\/zakrasnejsivimperk.cz\/index.php?rest_route=%2Fwp%2Fv2%2Ftags&post=299453"}],"curies":[{"name":"wp","href":"https:\/\/api.w.org\/{rel}","templated":true}]}}