{"id":299090,"date":"2024-02-29T12:16:34","date_gmt":"2024-02-29T11:16:34","guid":{"rendered":"https:\/\/zakrasnejsivimperk.cz\/?p=299090"},"modified":"2024-03-03T12:00:51","modified_gmt":"2024-03-03T11:00:51","slug":"nase-mesto-vimperk-radni-rozdavali-dotace-na-kulturni-akce-2","status":"publish","type":"post","link":"https:\/\/zakrasnejsivimperk.cz\/?p=299090","title":{"rendered":"NA\u0160E M\u011aSTO VIMPERK: Radn\u00ed rozd\u00e1vali dotace na kulturn\u00ed akce"},"content":{"rendered":"<p><img loading=\"lazy\" decoding=\"async\" class=\"aligncenter wp-image-299093 size-full\" src=\"https:\/\/zakrasnejsivimperk.cz\/wp-content\/uploads\/2024\/02\/27\/ram-230.jpg\" alt=\"\" width=\"923\" height=\"1100\" srcset=\"https:\/\/zakrasnejsivimperk.cz\/wp-content\/uploads\/2024\/02\/27\/ram-230.jpg 923w, https:\/\/zakrasnejsivimperk.cz\/wp-content\/uploads\/2024\/02\/27\/ram-230-252x300.jpg 252w, https:\/\/zakrasnejsivimperk.cz\/wp-content\/uploads\/2024\/02\/27\/ram-230-859x1024.jpg 859w, https:\/\/zakrasnejsivimperk.cz\/wp-content\/uploads\/2024\/02\/27\/ram-230-768x915.jpg 768w, https:\/\/zakrasnejsivimperk.cz\/wp-content\/uploads\/2024\/02\/27\/ram-230-300x357.jpg 300w, https:\/\/zakrasnejsivimperk.cz\/wp-content\/uploads\/2024\/02\/27\/ram-230-405x483.jpg 405w\" sizes=\"(max-width: 923px) 100vw, 923px\" \/><\/p>\n<p>&nbsp;<\/p>\n<h4>Usnesen\u00ed \u010d. 247 Rady m\u011bsta Vimperk ze dne 26. \u00fanora:<\/h4>\n<h6>Rada m\u011bsta bere na v\u011bdom\u00ed z\u00e1pis ze zased\u00e1n\u00ed kulturn\u00ed komise ze dne 21.02.2024 a rozhodla p\u0159id\u011blit dotace na jednor\u00e1zov\u00e9 kulturn\u00ed akce z rozpo\u010dtu m\u011bsta takto:<\/h6>\n<p><strong>&#8211; spolku MISSION Vimperk<\/strong>, zastoupen\u00e9mu M. P., p\u0159id\u011blit dotaci ve v\u00fd\u0161i 40.000 K\u010d na \u010d\u00e1ste\u010dnou \u00fahradu n\u00e1klad\u016f spojen\u00fdch s po\u0159\u00e1d\u00e1n\u00edm akce Maj\u00e1les Vimperk 2024,<\/p>\n<p><strong>&#8211; spole\u010dnosti GSI HOTELY s. r. o.<\/strong>, zastoupen\u00e9 J. K., p\u0159id\u011blit dotaci ve v\u00fd\u0161i 10.000 K\u010d na \u010d\u00e1ste\u010dnou \u00fahradu n\u00e1klad\u016f spojen\u00fdch s po\u0159\u00e1d\u00e1n\u00edm akce Silvestrovsk\u00e1 z\u00e1bava,<\/p>\n<p><strong>&#8211; spole\u010dnosti GSI HOTELY s. r. o.,<\/strong> zastoupen\u00e9 J. K., p\u0159id\u011blit dotaci ve v\u00fd\u0161i 15.000 K\u010d na \u010d\u00e1ste\u010dnou \u00fahradu n\u00e1klad\u016f spojen\u00fdch s po\u0159\u00e1d\u00e1n\u00edm akce Punkov\u00e9 V\u00e1noce,<\/p>\n<p><strong>&#8211; spole\u010dnosti GSI HOTELY s. r. o.<\/strong>, zastoupen\u00e9 J. K., p\u0159id\u011blit dotaci ve v\u00fd\u0161i 15.000 K\u010d na \u010d\u00e1ste\u010dnou \u00fahradu n\u00e1klad\u016f spojen\u00fdch s po\u0159\u00e1d\u00e1n\u00edm koncertu The Fialky, Tot\u00e1ln\u00ed nasazen\u00ed, Ne\u017efale\u0161,<\/p>\n<p><strong>&#8211; spole\u010dnosti GSI HOTELY s. r. o.<\/strong>, zastoupen\u00e9 J. K., p\u0159id\u011blit dotaci ve v\u00fd\u0161i 1.500 K\u010d na \u010d\u00e1ste\u010dnou \u00fahradu n\u00e1klad\u016f spojen\u00fdch s po\u0159\u00e1d\u00e1n\u00edm koncertu G-rock, \u010canga manga, Faustovo surikata,<\/p>\n<p><strong>&#8211; spolku Dechov\u00fd orchestr ZU\u0160 Vimperk,<\/strong> zastoupen\u00e9mu Mgr. P. V., p\u0159id\u011blit dotaci ve v\u00fd\u0161i 8.000 K\u010d na \u010d\u00e1ste\u010dnou \u00fahradu n\u00e1klad\u016f spojen\u00fdch s po\u0159\u00e1d\u00e1n\u00edm plesu Dechov\u00e9ho orchestru ZU\u0160 Vimperk,<\/p>\n<p><strong>&#8211; Z\u00e1kladn\u00ed um\u011bleck\u00e9 \u0161kole Vimperk,<\/strong> zastoupen\u00e9 Mgr. P. V., p\u0159id\u011blit dotaci ve v\u00fd\u0161i 4.000 K\u010d na \u010d\u00e1ste\u010dnou \u00fahradu n\u00e1klad\u016f spojen\u00fdch s po\u0159\u00e1d\u00e1n\u00edm v\u00e1no\u010dn\u00edch akc\u00ed ZU\u0160 Vimperk,<\/p>\n<p><strong>&#8211; zapsan\u00e9mu spolku Marcip\u00e1ni,<\/strong> zastoupen\u00e9mu Ing. P. M., p\u0159id\u011blit dotaci ve v\u00fd\u0161i 5.000 K\u010d na \u010d\u00e1ste\u010dnou \u00fahradu n\u00e1klad\u016f spojen\u00fdch s po\u0159\u00e1d\u00e1n\u00edm akce \u0160umavsk\u00fd coffee fest 2024,<\/p>\n<p><strong>&#8211; zapsan\u00e9mu spolku Marcip\u00e1ni,<\/strong> zastoupen\u00e9mu Ing. P. M., p\u0159id\u011blit dotaci ve v\u00fd\u0161i 5.000 K\u010d na \u010d\u00e1ste\u010dnou \u00fahradu n\u00e1klad\u016f spojen\u00fdch s po\u0159\u00e1d\u00e1n\u00edm akce \u0160umavsk\u00fd food festival,<\/p>\n<p><strong>&#8211; Kurz\u016fm Vimperk,<\/strong> zastoupen\u00fdm H. D., p\u0159id\u011blit dotaci 10.000 K\u010d na \u010d\u00e1ste\u010dnou \u00fahradu n\u00e1klad\u016f spojen\u00fdch s po\u0159\u00e1d\u00e1n\u00edm Letn\u00edch kurz\u016f \u017ees\u0165\u016f 2024,<\/p>\n<p><strong>&#8211; SH\u0160 Artego,<\/strong> zastoupen\u00e9mu Mgr. M. K., p\u0159id\u011blit dotaci ve v\u00fd\u0161i 30.000 K\u010d na \u010d\u00e1ste\u010dnou \u00fahradu n\u00e1klad\u016f spojen\u00fdch s po\u0159\u00e1d\u00e1n\u00edm akce M\u00e1jov\u00e9 setk\u00e1n\u00ed u ohn\u011b \u2013 Fire Jam,<\/p>\n<p><strong>&#8211; zapsan\u00e9mu spolku Vimpersko,<\/strong> zastoupen\u00e9mu V. V., p\u0159id\u011blit dotaci ve v\u00fd\u0161i 2.000 K\u010d na \u010d\u00e1ste\u010dnou \u00fahradu n\u00e1klad\u016f spojen\u00fdch s po\u0159\u00e1d\u00e1n\u00edm akce Malov\u00e1n\u00ed na asfalt a op\u00e9k\u00e1n\u00ed \u0161pek\u00e1\u010dk\u016f,<\/p>\n<p><strong>&#8211; zapsan\u00e9mu spolku Vimpersko,<\/strong> zastoupen\u00e9mu V. V., p\u0159id\u011blit dotaci ve v\u00fd\u0161i 17.000 K\u010d na \u010d\u00e1ste\u010dnou \u00fahradu n\u00e1klad\u016f spojen\u00fdch s po\u0159\u00e1d\u00e1n\u00edm akce Stezka odvahy,<\/p>\n<p><strong>&#8211; spolku MISSION Vimperk,<\/strong> zastoupen\u00e9mu M. P., p\u0159id\u011blit dotaci ve v\u00fd\u0161i 25.000 K\u010d na \u010d\u00e1ste\u010dnou \u00fahradu n\u00e1klad\u016f spojen\u00fdch s po\u0159\u00e1d\u00e1n\u00edm pou\u0165ov\u00e9 Parkboudy,<\/p>\n<p><strong>&#8211; spolku Vimperk \u017dije!,<\/strong> zastoupen\u00e9mu Mgr. A. J., p\u0159id\u011blit dotaci ve v\u00fd\u0161i 32.000 K\u010d na \u010d\u00e1ste\u010dnou \u00fahradu n\u00e1klad\u016f spojen\u00fdch s po\u0159\u00e1d\u00e1n\u00edm Vimpersk\u00e9ho m\u00e1je 2024,<\/p>\n<p><strong>&#8211; spolku \u0160umava Litera,<\/strong> zastoupen\u00e9mu V. V., p\u0159id\u011blit dotaci ve v\u00fd\u0161i 2.500 K\u010d na \u010d\u00e1ste\u010dnou \u00fahradu n\u00e1klad\u016f spojen\u00fdch s po\u0159\u00e1d\u00e1n\u00edm v\u00fdstavy socha\u0159ky G. Hanner,<\/p>\n<p><strong>&#8211; spolku \u0160umava Litera,<\/strong> zastoupen\u00e9mu V. V., p\u0159id\u011blit dotaci ve v\u00fd\u0161i 8.000 K\u010d na \u010d\u00e1ste\u010dnou \u00fahradu n\u00e1klad\u016f spojen\u00fdch s po\u0159\u00e1d\u00e1n\u00edm besed Co ve Vimperku b\u00fdvalo a na co jsme po\u0159\u00e1d hrdi.<\/p>\n<p>&nbsp;<\/p>\n<p>&nbsp;<\/p>\n<p><strong>Zdroj: M\u011aSTO VIMPERK<\/strong><\/p>\n<p>(red) \u2013 Za kr\u00e1sn\u011bj\u0161\u00ed Vimperk<\/p>\n<hr \/>\n<p>&nbsp;<\/p>\n<h6>Informujeme:<\/h6>\n<h4><a href=\"https:\/\/zakrasnejsivimperk.cz\/?p=299088\" target=\"_blank\" rel=\"noopener\">NA\u0160E M\u011aSTO VIMPERK: Z\u00e1pis ze zased\u00e1n\u00ed m\u011bstsk\u00e9 rady \u2013 dne 26. \u00fanora 2024<\/a><\/h4>\n<hr \/>\n<p>&nbsp;<\/p>\n","protected":false},"excerpt":{"rendered":"<p>&nbsp; Usnesen\u00ed <\/p>\n","protected":false},"author":2,"featured_media":299093,"comment_status":"open","ping_status":"open","sticky":false,"template":"","format":"gallery","meta":{"footnotes":""},"categories":[118,108],"tags":[],"jetpack_featured_media_url":"https:\/\/zakrasnejsivimperk.cz\/wp-content\/uploads\/2024\/02\/27\/ram-230.jpg","_links":{"self":[{"href":"https:\/\/zakrasnejsivimperk.cz\/index.php?rest_route=\/wp\/v2\/posts\/299090"}],"collection":[{"href":"https:\/\/zakrasnejsivimperk.cz\/index.php?rest_route=\/wp\/v2\/posts"}],"about":[{"href":"https:\/\/zakrasnejsivimperk.cz\/index.php?rest_route=\/wp\/v2\/types\/post"}],"author":[{"embeddable":true,"href":"https:\/\/zakrasnejsivimperk.cz\/index.php?rest_route=\/wp\/v2\/users\/2"}],"replies":[{"embeddable":true,"href":"https:\/\/zakrasnejsivimperk.cz\/index.php?rest_route=%2Fwp%2Fv2%2Fcomments&post=299090"}],"version-history":[{"count":5,"href":"https:\/\/zakrasnejsivimperk.cz\/index.php?rest_route=\/wp\/v2\/posts\/299090\/revisions"}],"predecessor-version":[{"id":299290,"href":"https:\/\/zakrasnejsivimperk.cz\/index.php?rest_route=\/wp\/v2\/posts\/299090\/revisions\/299290"}],"wp:featuredmedia":[{"embeddable":true,"href":"https:\/\/zakrasnejsivimperk.cz\/index.php?rest_route=\/wp\/v2\/media\/299093"}],"wp:attachment":[{"href":"https:\/\/zakrasnejsivimperk.cz\/index.php?rest_route=%2Fwp%2Fv2%2Fmedia&parent=299090"}],"wp:term":[{"taxonomy":"category","embeddable":true,"href":"https:\/\/zakrasnejsivimperk.cz\/index.php?rest_route=%2Fwp%2Fv2%2Fcategories&post=299090"},{"taxonomy":"post_tag","embeddable":true,"href":"https:\/\/zakrasnejsivimperk.cz\/index.php?rest_route=%2Fwp%2Fv2%2Ftags&post=299090"}],"curies":[{"name":"wp","href":"https:\/\/api.w.org\/{rel}","templated":true}]}}