{"id":299088,"date":"2024-02-29T12:25:11","date_gmt":"2024-02-29T11:25:11","guid":{"rendered":"https:\/\/zakrasnejsivimperk.cz\/?p=299088"},"modified":"2024-03-03T12:23:23","modified_gmt":"2024-03-03T11:23:23","slug":"nase-mesto-vimperk-zapis-ze-zasedani-mestske-rady-dne-26-unora-2024","status":"publish","type":"post","link":"https:\/\/zakrasnejsivimperk.cz\/?p=299088","title":{"rendered":"NA\u0160E M\u011aSTO VIMPERK: Z\u00e1pis ze zased\u00e1n\u00ed m\u011bstsk\u00e9 rady \u2013 dne 26. \u00fanora 2024"},"content":{"rendered":"<p><img loading=\"lazy\" decoding=\"async\" class=\"aligncenter wp-image-100721 size-full\" src=\"https:\/\/zakrasnejsivimperk.cz\/wp-content\/uploads\/2017\/06\/15\/dokumenty-2.jpg\" alt=\"\" width=\"960\" height=\"592\" srcset=\"https:\/\/zakrasnejsivimperk.cz\/wp-content\/uploads\/2017\/06\/15\/dokumenty-2.jpg 960w, https:\/\/zakrasnejsivimperk.cz\/wp-content\/uploads\/2017\/06\/15\/dokumenty-2-300x185.jpg 300w, https:\/\/zakrasnejsivimperk.cz\/wp-content\/uploads\/2017\/06\/15\/dokumenty-2-768x474.jpg 768w, https:\/\/zakrasnejsivimperk.cz\/wp-content\/uploads\/2017\/06\/15\/dokumenty-2-579x357.jpg 579w, https:\/\/zakrasnejsivimperk.cz\/wp-content\/uploads\/2017\/06\/15\/dokumenty-2-783x483.jpg 783w\" sizes=\"(max-width: 960px) 100vw, 960px\" \/><\/p>\n<p>&nbsp;<\/p>\n<h6>Rada m\u011bsta Vimperk na sv\u00e9m zased\u00e1n\u00ed 26. \u00fanora 2024 krom\u011b jin\u00e9ho projednala a schv\u00e1lila <em>(p\u0159in\u00e1\u0161\u00edme doslovn\u00fd p\u0159epis n\u011bkter\u00fdch usnesen\u00ed bez redak\u010dn\u00ed \u00fapravy)<\/em>:<\/h6>\n<p>&nbsp;<\/p>\n<p><strong>Usnesen\u00ed \u010d. 235<\/strong><br \/>\nRada m\u011bsta rozhodla uzav\u0159\u00edt smlouvu o odborn\u00e9 technick\u00e9 kontrole d\u011btsk\u00fdch h\u0159i\u0161\u0165 a sportovi\u0161\u0165 mezi m\u011bstem Vimperk a spole\u010dnost\u00ed Bezpe\u010dn\u00e9 h\u0159i\u0161t\u011b s. r. o., Nepomuck\u00e1 562\/173, \u010cernice, 326 00 Plze\u0148 dle p\u0159edlo\u017een\u00e9ho n\u00e1vrhu.<\/p>\n<p>&nbsp;<\/p>\n<p><strong>Usnesen\u00ed \u010d. 237<\/strong><br \/>\nRada m\u011bsta rozhodla poskytnout dotaci z rozpo\u010dtu odboru soci\u00e1ln\u00edch v\u011bc\u00ed a zdravotnictv\u00ed ve v\u00fd\u0161i 15.000 K\u010d pro rok 2024 organizaci Svaz t\u011blesn\u011b posti\u017een\u00fdch v \u010cR, m\u00edstn\u00ed organizace Vimperk na projekt Zaji\u0161t\u011bn\u00ed volno\u010dasov\u00fdch aktivit \u010dlen\u016f organizace dle p\u0159edlo\u017een\u00e9ho n\u00e1vrhu. Vy\u00fa\u010dtov\u00e1n\u00ed dotace je po\u017eadov\u00e1no dolo\u017eit do 31.01.2025.<\/p>\n<p>&nbsp;<\/p>\n<p><strong>Usnesen\u00ed \u010d. 238<\/strong><br \/>\nRada m\u011bsta rozhodla poskytnout dotaci z rozpo\u010dtu odboru soci\u00e1ln\u00edch v\u011bc\u00ed a zdravotnictv\u00ed ve v\u00fd\u0161i 20.000 K\u010d pro Hospic sv. Jana N. Neumanna, o. p. s., Prachatice, na projekt \u201eNep\u0159ich\u00e1z\u00ed um\u0159\u00edt, ale \u017e\u00edt do posledn\u00ed chv\u00edle\u201c \u2013 hospicov\u00e1 p\u00e9\u010de pro ob\u010dany v roce 2024 dle p\u0159edlo\u017een\u00e9ho n\u00e1vrhu. Vy\u00fa\u010dtov\u00e1n\u00ed dotace je po\u017eadov\u00e1no dolo\u017eit do 31.01.2025.<\/p>\n<p>&nbsp;<\/p>\n<p><strong>Usnesen\u00ed \u010d. 239<\/strong><br \/>\nRada m\u011bsta rozhodla poskytnout dotaci z rozpo\u010dtu odboru soci\u00e1ln\u00edch v\u011bc\u00ed a zdravotnictv\u00ed ve v\u00fd\u0161i 50.000 K\u010d pro Charitu Prachatice-Vimperk na zaji\u0161t\u011bn\u00ed projektu Nexus (krizov\u00e1 pomoc) dle p\u0159edlo\u017een\u00e9ho n\u00e1vrhu. Vy\u00fa\u010dtov\u00e1n\u00ed dotace je po\u017eadov\u00e1no dolo\u017eit do 31.01.2025.<\/p>\n<p>&nbsp;<\/p>\n<p><strong>Usnesen\u00ed \u010d. 240<\/strong><br \/>\nRada m\u011bsta rozhodla poskytnout dotaci z rozpo\u010dtu odboru soci\u00e1ln\u00edch v\u011bc\u00ed a zdravotnictv\u00ed ve v\u00fd\u0161i 2.000 K\u010d pro rok 2024 organizaci Linka bezpe\u010d\u00ed, z. s. na zaji\u0161t\u011bn\u00ed projektu Linka bezpe\u010d\u00ed pro d\u011bti a ml\u00e1de\u017e z m\u011bsta Vimperk dle p\u0159edlo\u017een\u00e9ho n\u00e1vrhu. Vy\u00fa\u010dtov\u00e1n\u00ed dotace je po\u017eadov\u00e1no dolo\u017eit do 31.01.2025.<\/p>\n<p>&nbsp;<\/p>\n<p><strong>Usnesen\u00ed \u010d. 241<\/strong><br \/>\nRada m\u011bsta rozhodla poskytnout dotaci z rozpo\u010dtu odboru soci\u00e1ln\u00edch v\u011bc\u00ed a zdravotnictv\u00ed ve v\u00fd\u0161i 5.000 K\u010d pro rok 2024 organizaci Jiho\u010desk\u00e9 centrum pro zdravotn\u011b posti\u017een\u00e9 a seniory, o. p. s., Prachatice na projekt Jiho\u010desk\u00e9 centrum pro zdravotn\u011b posti\u017een\u00e9 a seniory, o. p. s. dle p\u0159edlo\u017een\u00e9ho n\u00e1vrhu. Vy\u00fa\u010dtov\u00e1n\u00ed dotace je po\u017eadov\u00e1no dolo\u017eit do 31.01.2025.<\/p>\n<p>&nbsp;<\/p>\n<p><strong>Usnesen\u00ed \u010d. 242<\/strong><br \/>\nRada m\u011bsta bere na v\u011bdom\u00ed rezignaci \u0159editelky Z\u00e1kladn\u00ed \u0161koly T. G. Masaryka Vimperk, Mgr. Dagmar R\u00fcckerov\u00e1 na funkci \u0159editelky \u0161koly k 31.07.2024 z d\u016fvodu uplynut\u00ed funk\u010dn\u00edho obdob\u00ed a odchodu do starobn\u00edho d\u016fchodu.<\/p>\n<p>&nbsp;<\/p>\n<p><strong>Usnesen\u00ed \u010d. 243<\/strong><br \/>\nRada m\u011bsta pov\u011b\u0159uje odbor \u0161kolstv\u00ed, kultury a cestovn\u00edho ruchu vyhl\u00e1\u0161en\u00edm konkursu na m\u00edsto \u0159editele\/\u0159editelky Z\u00e1kladn\u00ed \u0161koly T. G. Masaryka Vimperk a u\u010din\u011bn\u00ed krok\u016f s t\u00edm souvisej\u00edc\u00edch.<\/p>\n<p>&nbsp;<\/p>\n<p><strong>Usnesen\u00ed \u010d. 245<\/strong><br \/>\nRada m\u011bsta rozhodla uzav\u0159\u00edt darovac\u00ed smlouvu mezi spole\u010dnost\u00ed Stroj\u00edrna Vimperk spol. s r. o., I\u010c 48245801 a m\u011bstem Vimperk na poskytnut\u00ed v\u011bcn\u00e9ho daru ve v\u00fd\u0161i 7.999 K\u010d v r\u00e1mci plesu m\u011bsta Vimperk dle p\u0159edlo\u017een\u00e9ho n\u00e1vrhu.<\/p>\n<p>&nbsp;<\/p>\n<p><strong>Usnesen\u00ed \u010d. 246<\/strong><br \/>\nRada m\u011bsta rozhodla uzav\u0159\u00edt darovac\u00ed smlouvu mezi spole\u010dnost\u00ed REPAM ELEKTRO s. r. o., I\u010c 00514136, a m\u011bstem Vimperk na poskytnut\u00ed v\u011bcn\u00fdch dar\u016f ve v\u00fd\u0161i 5.000 K\u010d v r\u00e1mci plesu m\u011bsta Vimperk dle p\u0159edlo\u017een\u00e9ho n\u00e1vrhu.<\/p>\n<p>&nbsp;<\/p>\n<p><strong>Usnesen\u00ed \u010d. 248<\/strong><br \/>\nRada m\u011bsta rozhodla o ukon\u010den\u00ed smlouvy o realizaci audiovizu\u00e1ln\u00ed prezentace m\u011bsta Vimperk k 31.08.2024 uzav\u0159en\u00e9 mezi m\u011bstem Vimperk a St\u0159edn\u00ed \u0161kolou a Z\u00e1kladn\u00ed \u0161kolou, Vimperk, Nerudova 267 v souladu s \u010dl\u00e1nkem 7.2 t\u00e9to smlouvy.<\/p>\n<p>&nbsp;<\/p>\n<p><strong>Usnesen\u00ed \u010d. 269<\/strong><br \/>\nRada m\u011bsta rozhodla, \u017ee m\u011bsto Vimperk v p\u016fsobnosti valn\u00e9 hromady jako jedin\u00fd spole\u010dn\u00edk spole\u010dnosti M\u011bstsk\u00e9 slu\u017eby Vimperk s. r. o., Steinbrenerova 6, 385 17 Vimperk, souhlas\u00ed s po\u0159\u00edzen\u00edm investice roz\u0161\u00ed\u0159en\u00ed skl\u00e1dky TKO Prav\u011bt\u00edn v rozsahu V. etapy a souhlas\u00ed s uzav\u00edr\u00e1n\u00edm obchod\u016f souvisej\u00edc\u00edch s roz\u0161\u00ed\u0159en\u00edm skl\u00e1dky, jejich\u017e hodnota p\u0159esahuje 500.000 K\u010d.<\/p>\n<p>&nbsp;<\/p>\n<p>&nbsp;<\/p>\n<p><strong>Zdroj: M\u011aSTO VIMPERK<\/strong><\/p>\n<p>&nbsp;<\/p>\n<p><strong>(red)<\/strong><\/p>\n<p>Ilustra\u010dn\u00ed foto: archiv (red) \u2013 Za kr\u00e1sn\u011bj\u0161\u00ed Vimperk<\/p>\n<h6><a href=\"https:\/\/www.vimperk.cz\/zapisy-ze-zasedani-rady\/ds-1128\/p1=9521\" target=\"_blank\" rel=\"noopener\">Cel\u00fd z\u00e1pis z jedn\u00e1n\u00ed<\/a><\/h6>\n<hr \/>\n<p>&nbsp;<\/p>\n<h6>Informujeme:<\/h6>\n<h4><a href=\"https:\/\/zakrasnejsivimperk.cz\/?p=299090\" target=\"_blank\" rel=\"noopener\">NA\u0160E M\u011aSTO VIMPERK: Radn\u00ed rozd\u00e1vali dotace na kulturn\u00ed akce<\/a><\/h4>\n<hr \/>\n<p>&nbsp;<\/p>\n","protected":false},"excerpt":{"rendered":"<p>&nbsp; Rada <\/p>\n","protected":false},"author":2,"featured_media":100721,"comment_status":"open","ping_status":"open","sticky":false,"template":"","format":"gallery","meta":{"footnotes":""},"categories":[115],"tags":[],"jetpack_featured_media_url":"https:\/\/zakrasnejsivimperk.cz\/wp-content\/uploads\/2017\/06\/15\/dokumenty-2.jpg","_links":{"self":[{"href":"https:\/\/zakrasnejsivimperk.cz\/index.php?rest_route=\/wp\/v2\/posts\/299088"}],"collection":[{"href":"https:\/\/zakrasnejsivimperk.cz\/index.php?rest_route=\/wp\/v2\/posts"}],"about":[{"href":"https:\/\/zakrasnejsivimperk.cz\/index.php?rest_route=\/wp\/v2\/types\/post"}],"author":[{"embeddable":true,"href":"https:\/\/zakrasnejsivimperk.cz\/index.php?rest_route=\/wp\/v2\/users\/2"}],"replies":[{"embeddable":true,"href":"https:\/\/zakrasnejsivimperk.cz\/index.php?rest_route=%2Fwp%2Fv2%2Fcomments&post=299088"}],"version-history":[{"count":3,"href":"https:\/\/zakrasnejsivimperk.cz\/index.php?rest_route=\/wp\/v2\/posts\/299088\/revisions"}],"predecessor-version":[{"id":299289,"href":"https:\/\/zakrasnejsivimperk.cz\/index.php?rest_route=\/wp\/v2\/posts\/299088\/revisions\/299289"}],"wp:featuredmedia":[{"embeddable":true,"href":"https:\/\/zakrasnejsivimperk.cz\/index.php?rest_route=\/wp\/v2\/media\/100721"}],"wp:attachment":[{"href":"https:\/\/zakrasnejsivimperk.cz\/index.php?rest_route=%2Fwp%2Fv2%2Fmedia&parent=299088"}],"wp:term":[{"taxonomy":"category","embeddable":true,"href":"https:\/\/zakrasnejsivimperk.cz\/index.php?rest_route=%2Fwp%2Fv2%2Fcategories&post=299088"},{"taxonomy":"post_tag","embeddable":true,"href":"https:\/\/zakrasnejsivimperk.cz\/index.php?rest_route=%2Fwp%2Fv2%2Ftags&post=299088"}],"curies":[{"name":"wp","href":"https:\/\/api.w.org\/{rel}","templated":true}]}}