{"id":298430,"date":"2024-02-21T13:58:43","date_gmt":"2024-02-21T12:58:43","guid":{"rendered":"https:\/\/zakrasnejsivimperk.cz\/?p=298430"},"modified":"2024-02-25T12:32:01","modified_gmt":"2024-02-25T11:32:01","slug":"nase-mesto-vimperk-zapis-ze-zasedani-mestske-rady-dne-19-unora-2024","status":"publish","type":"post","link":"https:\/\/zakrasnejsivimperk.cz\/?p=298430","title":{"rendered":"NA\u0160E M\u011aSTO VIMPERK: Z\u00e1pis ze zased\u00e1n\u00ed m\u011bstsk\u00e9 rady \u2013 dne 19. \u00fanora 2024"},"content":{"rendered":"<p><img loading=\"lazy\" decoding=\"async\" class=\"aligncenter wp-image-129874 size-full\" src=\"https:\/\/zakrasnejsivimperk.cz\/wp-content\/uploads\/2018\/05\/06\/dokumenty.jpg\" alt=\"\" width=\"799\" height=\"527\" srcset=\"https:\/\/zakrasnejsivimperk.cz\/wp-content\/uploads\/2018\/05\/06\/dokumenty.jpg 799w, https:\/\/zakrasnejsivimperk.cz\/wp-content\/uploads\/2018\/05\/06\/dokumenty-300x198.jpg 300w, https:\/\/zakrasnejsivimperk.cz\/wp-content\/uploads\/2018\/05\/06\/dokumenty-768x507.jpg 768w, https:\/\/zakrasnejsivimperk.cz\/wp-content\/uploads\/2018\/05\/06\/dokumenty-100x65.jpg 100w, https:\/\/zakrasnejsivimperk.cz\/wp-content\/uploads\/2018\/05\/06\/dokumenty-541x357.jpg 541w, https:\/\/zakrasnejsivimperk.cz\/wp-content\/uploads\/2018\/05\/06\/dokumenty-732x483.jpg 732w\" sizes=\"(max-width: 799px) 100vw, 799px\" \/><\/p>\n<p>&nbsp;<\/p>\n<h6>Rada m\u011bsta Vimperk na sv\u00e9m zased\u00e1n\u00ed 19. \u00fanora 2024 krom\u011b jin\u00e9ho projednala a schv\u00e1lila <em>(p\u0159in\u00e1\u0161\u00edme doslovn\u00fd p\u0159epis n\u011bkter\u00fdch usnesen\u00ed bez redak\u010dn\u00ed \u00fapravy)<\/em>:<\/h6>\n<p>&nbsp;<\/p>\n<p><strong>Usnesen\u00ed \u010d. 196<\/strong><br \/>\nRada m\u011bsta schvaluje dokument Informa\u010dn\u00ed koncepce m\u011bsta Vimperk dle p\u0159edlo\u017een\u00e9ho n\u00e1vrhu.<\/p>\n<p>&nbsp;<\/p>\n<p><strong>Usnesen\u00ed \u010d. 199<\/strong><br \/>\nRada m\u011bsta rozhodla poskytnout Senior klubu Vimperk z. s. logo m\u011bsta Vimperk v souvislosti s v\u00fdrobou reprezenta\u010dn\u00edch tri\u010dek z d\u016fvodu \u00fa\u010dasti \u010dlen\u016f spolku na Sportovn\u00ed lize senior\u016f v Prachatic\u00edch a pov\u011b\u0159uje odbor \u0161kolstv\u00ed vy\u0159\u00edzen\u00edm t\u00e9to \u017e\u00e1dosti.<\/p>\n<p>&nbsp;<\/p>\n<p><strong>Usnesen\u00ed \u010d. 200<\/strong><br \/>\nRada m\u011bsta rozhodla uzav\u0159\u00edt darovac\u00ed smlouvu mezi spole\u010dnost\u00ed EUROSYSTEM, I\u010c 68551452 a m\u011bstem Vimperk na poskytnut\u00ed finan\u010dn\u00edho daru v\u00fd\u0161i 3.000 K\u010d v r\u00e1mci plesu m\u011bsta Vimperk dle p\u0159edlo\u017een\u00e9ho n\u00e1vrhu.<\/p>\n<p>&nbsp;<\/p>\n<p><strong>Usnesen\u00ed \u010d. 201<\/strong><br \/>\nRada m\u011bsta p\u0159ijala zpr\u00e1vu o \u010dinnosti M\u011bstsk\u00e9 policie Vimperk za rok 2023.<\/p>\n<p>&nbsp;<\/p>\n<p><strong>Usnesen\u00ed \u010d. 203<\/strong><br \/>\nRada m\u011bsta rozhodla zve\u0159ejnit z\u00e1m\u011br pron\u00e1jmu \u010d\u00e1sti pozemku zapsan\u00e9ho u Katastr\u00e1ln\u00edho \u00fa\u0159adu pro Jiho\u010desk\u00fd kraj, Katastr\u00e1ln\u00edho pracovi\u0161t\u011b Prachatice, v katastru nemovitost\u00ed pro obec a k. \u00fa. Vimperk, na LV \u010d. 10001 pro m\u011bsto Vimperk, ozna\u010den\u00e9ho jako parcela katastru nemovitost\u00ed parc. \u010d. 495 \u2013 ostatn\u00ed plocha, ostatn\u00ed komunikace, \u010d\u00e1st o v\u00fdm\u011b\u0159e 81 m2, za \u00fa\u010delem 7 parkovac\u00edch m\u00edst pro osobn\u00ed automobily Spr\u00e1vy N\u00e1rodn\u00edho parku \u0160umava v ulici Nad Stadi\u00f3nem. N\u00e1jemn\u00ed smlouva bude uzav\u0159ena na dobu neur\u010ditou s t\u0159\u00edm\u011bs\u00ed\u010dn\u00ed v\u00fdpov\u011bdn\u00ed lh\u016ftou. N\u00e1jemn\u00e9 bude ve v\u00fd\u0161i 42.000 K\u010d bez DPH.<\/p>\n<p>&nbsp;<\/p>\n<p><strong>Usnesen\u00ed \u010d. 228<\/strong><br \/>\nRada m\u011bsta schvaluje <a href=\"https:\/\/zakrasnejsivimperk.cz\/?p=298461\" target=\"_blank\" rel=\"noopener\"><strong>cen\u00edk parkovn\u00e9ho<\/strong><\/a> stanovuj\u00edc\u00ed ceny parkovn\u00e9ho za st\u00e1n\u00ed silni\u010dn\u00edch motorov\u00fdch vozidel na ur\u010den\u00fdch \u00fasec\u00edch m\u00edstn\u00edch komunikac\u00ed ve m\u011bst\u011b Vimperk dle p\u0159edlo\u017een\u00e9ho n\u00e1vrhu.<\/p>\n<p>&nbsp;<\/p>\n<p><strong>Usnesen\u00ed \u010d. 229<\/strong><br \/>\nRada m\u011bsta rozhodla zah\u00e1jit v\u00fdb\u011br dodavatele stavebn\u00ed zak\u00e1zky \u201eRekonstrukce povrch\u016f v are\u00e1lu Z\u0160 Vimperk, Smetanova 405 \u2013 z\u00e1padn\u00ed \u010d\u00e1st a vodovodn\u00ed p\u0159\u00edpojka pro \u010dp. 406, Vimperk\u201c dle p\u0159edlo\u017een\u00e9ho n\u00e1vrhu.<\/p>\n<p>&nbsp;<\/p>\n<p><strong>Usnesen\u00ed \u010d. 231<\/strong><br \/>\nRada m\u011bsta rozhodla poskytnout dotaci ve v\u00fd\u0161i 17.000 K\u010d Bike Klubu Vimperk z. s., Zd\u00edkov \u010dp. 330, na zabezpe\u010den\u00ed fin\u00e1lov\u00e9ho z\u00e1vodu \u0160umavsk\u00e9ho poh\u00e1ru MTB 2024 ROUVY Velk\u00e1 cena Vimperk MTB XCO, kter\u00fd se uskute\u010dn\u00ed 15.09.2024 ve sportovn\u00edm are\u00e1lu Vodn\u00edk. Rada m\u011bsta po\u017eaduje p\u0159edlo\u017eit vy\u00fa\u010dtov\u00e1n\u00ed nejpozd\u011bji do 31.10.2024.<\/p>\n<p>&nbsp;<\/p>\n<p><strong>Zdroj: M\u011aSTO VIMPERK<\/strong><\/p>\n<p>&nbsp;<\/p>\n<p><strong>(red)<\/strong><\/p>\n<p>Ilustra\u010dn\u00ed foto: archiv (red) \u2013 Za kr\u00e1sn\u011bj\u0161\u00ed Vimperk<\/p>\n<h6><a href=\"https:\/\/www.vimperk.cz\/zapisy-ze-zasedani-rady\/ds-1128\/p1=9521\" target=\"_blank\" rel=\"noopener\">Cel\u00fd z\u00e1pis z jedn\u00e1n\u00ed<\/a><\/h6>\n<hr \/>\n<p>&nbsp;<\/p>\n<h6>Informujeme:<\/h6>\n<h4 class=\"entry-title\"><a href=\"https:\/\/zakrasnejsivimperk.cz\/?p=298461\" target=\"_blank\" rel=\"noopener\">NA\u0160E M\u011aSTO VIMPERK \u2013 DOKUMENT: Cen\u00edk parkovn\u00e9ho<\/a><\/h4>\n<hr \/>\n<p>&nbsp;<\/p>\n","protected":false},"excerpt":{"rendered":"<p>&nbsp; Rada <\/p>\n","protected":false},"author":2,"featured_media":129874,"comment_status":"open","ping_status":"open","sticky":false,"template":"","format":"gallery","meta":{"footnotes":""},"categories":[115],"tags":[],"jetpack_featured_media_url":"https:\/\/zakrasnejsivimperk.cz\/wp-content\/uploads\/2018\/05\/06\/dokumenty.jpg","_links":{"self":[{"href":"https:\/\/zakrasnejsivimperk.cz\/index.php?rest_route=\/wp\/v2\/posts\/298430"}],"collection":[{"href":"https:\/\/zakrasnejsivimperk.cz\/index.php?rest_route=\/wp\/v2\/posts"}],"about":[{"href":"https:\/\/zakrasnejsivimperk.cz\/index.php?rest_route=\/wp\/v2\/types\/post"}],"author":[{"embeddable":true,"href":"https:\/\/zakrasnejsivimperk.cz\/index.php?rest_route=\/wp\/v2\/users\/2"}],"replies":[{"embeddable":true,"href":"https:\/\/zakrasnejsivimperk.cz\/index.php?rest_route=%2Fwp%2Fv2%2Fcomments&post=298430"}],"version-history":[{"count":2,"href":"https:\/\/zakrasnejsivimperk.cz\/index.php?rest_route=\/wp\/v2\/posts\/298430\/revisions"}],"predecessor-version":[{"id":298468,"href":"https:\/\/zakrasnejsivimperk.cz\/index.php?rest_route=\/wp\/v2\/posts\/298430\/revisions\/298468"}],"wp:featuredmedia":[{"embeddable":true,"href":"https:\/\/zakrasnejsivimperk.cz\/index.php?rest_route=\/wp\/v2\/media\/129874"}],"wp:attachment":[{"href":"https:\/\/zakrasnejsivimperk.cz\/index.php?rest_route=%2Fwp%2Fv2%2Fmedia&parent=298430"}],"wp:term":[{"taxonomy":"category","embeddable":true,"href":"https:\/\/zakrasnejsivimperk.cz\/index.php?rest_route=%2Fwp%2Fv2%2Fcategories&post=298430"},{"taxonomy":"post_tag","embeddable":true,"href":"https:\/\/zakrasnejsivimperk.cz\/index.php?rest_route=%2Fwp%2Fv2%2Ftags&post=298430"}],"curies":[{"name":"wp","href":"https:\/\/api.w.org\/{rel}","templated":true}]}}