{"id":29823,"date":"2015-09-06T16:51:43","date_gmt":"2015-09-06T15:51:43","guid":{"rendered":"http:\/\/zakrasnejsivimperk.cz\/?p=29823"},"modified":"2015-09-11T07:08:07","modified_gmt":"2015-09-11T06:08:07","slug":"vesnice-roku-chlumany-jsou-mezi-finalisty-celostatniho-kola-souteze-oranzova-stuha","status":"publish","type":"post","link":"https:\/\/zakrasnejsivimperk.cz\/?p=29823","title":{"rendered":"VESNICE ROKU 2015: Chlumany jsou ve fin\u00e1le celost\u00e1tn\u00edho kola sout\u011b\u017ee Oran\u017eov\u00e1 stuha"},"content":{"rendered":"<h6 class=\"category-\" style=\"text-align: justify;\">Tradi\u010dn\u011b v z\u00e1\u0159\u00ed bude vyhl\u00e1\u0161en absolutn\u00ed v\u00edt\u011bz sout\u011b\u017ee Oran\u017eov\u00e1 stuha, kter\u00e1 se kon\u00e1 v r\u00e1mci Vesnice roku. Ocen\u011bn\u00ed z\u00edsk\u00e1 obec p\u0159\u00edkladn\u011b spolupracuj\u00edc\u00ed s m\u00edstn\u00edmi zem\u011bd\u011blsk\u00fdmi organizacemi a spolky, a t\u00edm p\u0159isp\u00edv\u00e1 k rozvoji venkova.<\/h6>\n<div class=\"post-content\">\n<p dir=\"ltr\">Leto\u0161n\u00ed dev\u00e1t\u00fd ro\u010dn\u00edk odstartovat ministr zem\u011bd\u011blstv\u00ed Marian Jure\u010dka u\u017e v b\u0159eznu. \u201eC\u00edlem sout\u011b\u017ee Oran\u017eov\u00e1 stuha je vyhled\u00e1vat, zve\u0159ej\u0148ovat a oce\u0148ovat p\u0159\u00edklady dobr\u00fdch v\u00fdsledk\u016f partnerstv\u00ed obce a zem\u011bd\u011blsk\u00e9ho subjektu (nap\u0159. zem\u011bd\u011blsk\u00e9ho nebo lesnick\u00e9ho podniku, m\u00edstn\u00ed organizace myslivc\u016f, ryb\u00e1\u0159\u016f nebo v\u010dela\u0159\u016f) p\u0159i obnov\u011b vesnice a rozvoji venkova,\u201d informovalo Ministerstvo zem\u011bd\u011blstv\u00ed (MZe).<\/p>\n<p>Hodnotitelsk\u00e9 komise se p\u0159i sv\u00e9 pr\u00e1ci zam\u011b\u0159uj\u00ed na spolupr\u00e1ci obc\u00ed a zem\u011bd\u011blsk\u00fdch subjekt\u016f v t\u011bchto oblastech:<\/p>\n<p dir=\"ltr\">1. \u00a0pod\u00edl m\u00edstn\u00edch zem\u011bd\u011blsk\u00fdch subjekt\u016f na zam\u011bstnanosti obyvatel obce<br \/>\n2. \u00a0p\u00e9\u010de o ve\u0159ejn\u00e1 prostranstv\u00ed a kulturn\u00ed krajinu<br \/>\n3. \u00a0koncep\u010dn\u00ed dokumenty a spole\u010dn\u00e9 projekty<br \/>\n4. \u00a0m\u00edstn\u00ed produkty a jejich marketing<br \/>\n5. \u00a0vyu\u017eit\u00ed netradi\u010dn\u00edch zdroj\u016f energie<br \/>\n6. \u00a0nezem\u011bd\u011blsk\u00e9 aktivity<\/p>\n<p>\u00da\u010dast v sout\u011b\u017ei se obc\u00edm vyplat\u00ed. Krom\u011b v\u011bt\u0161\u00ed publicity dostane ta v\u00edt\u011bzn\u00e1 dotace a\u017e do v\u00fd\u0161e 800 tis\u00edc korun, nejlep\u0161\u00ed v krajsk\u00fdch kolech pak podporu a\u017e 600 tis\u00edc korun. <a href=\"http:\/\/www.jentodobre.cz\/?p=8422\">Loni zv\u00edt\u011bzila obec Ho\u0161\u0165\u00e1lkov\u00e1<\/a>nedaleko Vset\u00edna ve Zl\u00ednsk\u00e9m kraji.<\/p>\n<p><strong>Leto\u0161n\u00ed finalist\u00e9<\/strong><\/p>\n<p>Jiho\u010desk\u00fd kraj \u2013 <strong>Chlumany<\/strong> (okres Prachatice)<br \/>\nJihomoravsk\u00fd kraj \u2013 <strong>Kozoj\u00eddky<\/strong> (okres Hodon\u00edn)<br \/>\nKarlovarsk\u00fd kraj \u2013 <strong>Valy<\/strong> (okres Cheb)<br \/>\nKr\u00e1lov\u00e9hradeck\u00fd kraj \u2013 <strong>\u017d\u010f\u00e1r nad Metuj\u00ed<\/strong> (okres N\u00e1chod)<br \/>\nLibereck\u00fd kraj \u2013 <strong>V\u0161e\u0148<\/strong> (okres Semily)<br \/>\nOlomouck\u00fd kraj \u2013 <strong>Ha\u0148ovice<\/strong> (okres Olomouc)<br \/>\nPardubick\u00fd kraj \u2013 <strong>Biskupice<\/strong> (okres Svitavy)<br \/>\nPlze\u0148sk\u00fd kraj \u2013 <strong>B\u0159asy<\/strong> (okres Rokycany)<br \/>\nSt\u0159edo\u010desk\u00fd kraj \u2013 <strong>\u010cechtice<\/strong> (okres Bene\u0161ov)<br \/>\n\u00dasteck\u00fd kraj \u2013 <strong>Vra\u017ekov<\/strong> (okres Litom\u011b\u0159ice)<br \/>\nKraj Vyso\u010dina \u2013 <strong>He\u0159manov<\/strong> (okres \u017d\u010f\u00e1r nad S\u00e1zavou)<br \/>\nZl\u00ednsk\u00fd kraj \u2013 <strong>Rajnochovice<\/strong> (okres Krom\u011b\u0159\u00ed\u017e)<\/p>\n<p>Slavnostn\u00ed vyhl\u00e1\u0161en\u00ed celkov\u00e9ho v\u00edt\u011bze se uskute\u010dn\u00ed 24. z\u00e1\u0159\u00ed.<\/p>\n<p><strong><a href=\"http:\/\/www.jentodobre.cz\/\" target=\"_blank\">JEN TO DOBR\u00c9<\/a><\/strong><\/p>\n<\/div>\n<p>&nbsp;<\/p>\n<p>&nbsp;<\/p>\n","protected":false},"excerpt":{"rendered":"<p>Tradi\u010dn\u011b v <\/p>\n","protected":false},"author":2,"featured_media":29824,"comment_status":"open","ping_status":"open","sticky":false,"template":"","format":"standard","meta":{"footnotes":""},"categories":[30],"tags":[],"jetpack_featured_media_url":"https:\/\/zakrasnejsivimperk.cz\/wp-content\/uploads\/2015\/08\/oranzova-stuha.jpg","_links":{"self":[{"href":"https:\/\/zakrasnejsivimperk.cz\/index.php?rest_route=\/wp\/v2\/posts\/29823"}],"collection":[{"href":"https:\/\/zakrasnejsivimperk.cz\/index.php?rest_route=\/wp\/v2\/posts"}],"about":[{"href":"https:\/\/zakrasnejsivimperk.cz\/index.php?rest_route=\/wp\/v2\/types\/post"}],"author":[{"embeddable":true,"href":"https:\/\/zakrasnejsivimperk.cz\/index.php?rest_route=\/wp\/v2\/users\/2"}],"replies":[{"embeddable":true,"href":"https:\/\/zakrasnejsivimperk.cz\/index.php?rest_route=%2Fwp%2Fv2%2Fcomments&post=29823"}],"version-history":[{"count":5,"href":"https:\/\/zakrasnejsivimperk.cz\/index.php?rest_route=\/wp\/v2\/posts\/29823\/revisions"}],"predecessor-version":[{"id":30290,"href":"https:\/\/zakrasnejsivimperk.cz\/index.php?rest_route=\/wp\/v2\/posts\/29823\/revisions\/30290"}],"wp:featuredmedia":[{"embeddable":true,"href":"https:\/\/zakrasnejsivimperk.cz\/index.php?rest_route=\/wp\/v2\/media\/29824"}],"wp:attachment":[{"href":"https:\/\/zakrasnejsivimperk.cz\/index.php?rest_route=%2Fwp%2Fv2%2Fmedia&parent=29823"}],"wp:term":[{"taxonomy":"category","embeddable":true,"href":"https:\/\/zakrasnejsivimperk.cz\/index.php?rest_route=%2Fwp%2Fv2%2Fcategories&post=29823"},{"taxonomy":"post_tag","embeddable":true,"href":"https:\/\/zakrasnejsivimperk.cz\/index.php?rest_route=%2Fwp%2Fv2%2Ftags&post=29823"}],"curies":[{"name":"wp","href":"https:\/\/api.w.org\/{rel}","templated":true}]}}