{"id":298147,"date":"2024-02-16T19:08:36","date_gmt":"2024-02-16T18:08:36","guid":{"rendered":"https:\/\/zakrasnejsivimperk.cz\/?p=298147"},"modified":"2024-02-20T14:55:35","modified_gmt":"2024-02-20T13:55:35","slug":"cesky-rozhlas-mesto-vimperk-koupilo-zchatrale-domy-johanna-steinbrenera-v-centru-v-planu-je-velka-revitalizace","status":"publish","type":"post","link":"https:\/\/zakrasnejsivimperk.cz\/?p=298147","title":{"rendered":"\u010cESK\u00dd ROZHLAS: M\u011bsto Vimperk koupilo zch\u00e1tral\u00e9 domy Johanna Steinbrenera v centru. V pl\u00e1nu je velk\u00e1 revitalizace"},"content":{"rendered":"<p><img loading=\"lazy\" decoding=\"async\" class=\"aligncenter wp-image-298148 size-full\" src=\"https:\/\/zakrasnejsivimperk.cz\/wp-content\/uploads\/2024\/02\/17\/ram-rozhlad-domy.jpg\" alt=\"\" width=\"925\" height=\"1100\" srcset=\"https:\/\/zakrasnejsivimperk.cz\/wp-content\/uploads\/2024\/02\/17\/ram-rozhlad-domy.jpg 925w, https:\/\/zakrasnejsivimperk.cz\/wp-content\/uploads\/2024\/02\/17\/ram-rozhlad-domy-252x300.jpg 252w, https:\/\/zakrasnejsivimperk.cz\/wp-content\/uploads\/2024\/02\/17\/ram-rozhlad-domy-861x1024.jpg 861w, https:\/\/zakrasnejsivimperk.cz\/wp-content\/uploads\/2024\/02\/17\/ram-rozhlad-domy-768x913.jpg 768w, https:\/\/zakrasnejsivimperk.cz\/wp-content\/uploads\/2024\/02\/17\/ram-rozhlad-domy-300x357.jpg 300w, https:\/\/zakrasnejsivimperk.cz\/wp-content\/uploads\/2024\/02\/17\/ram-rozhlad-domy-406x483.jpg 406w\" sizes=\"(max-width: 925px) 100vw, 925px\" \/><\/p>\n<p>&nbsp;<\/p>\n<h1 style=\"text-align: center;\"><a href=\"https:\/\/budejovice.rozhlas.cz\/mesto-vimperk-koupilo-zchatrale-domy-johanna-steinbrenera-v-centru-v-planu-je-9176110\" target=\"_blank\" rel=\"noopener\">CEL\u00dd \u010cL\u00c1NEK A ZVUKOV\u00dd Z\u00c1ZNAM REPORT\u00c1\u017dE<\/a><\/h1>\n<p>&nbsp;<\/p>\n<p>(red) &#8211; Za kr\u00e1sn\u011bj\u0161\u00ed Vimperk<\/p>\n<hr \/>\n<p>&nbsp;<\/p>\n","protected":false},"excerpt":{"rendered":"<p>&nbsp; CEL\u00dd <\/p>\n","protected":false},"author":2,"featured_media":298148,"comment_status":"open","ping_status":"open","sticky":false,"template":"","format":"gallery","meta":{"footnotes":""},"categories":[109,108],"tags":[],"jetpack_featured_media_url":"https:\/\/zakrasnejsivimperk.cz\/wp-content\/uploads\/2024\/02\/17\/ram-rozhlad-domy.jpg","_links":{"self":[{"href":"https:\/\/zakrasnejsivimperk.cz\/index.php?rest_route=\/wp\/v2\/posts\/298147"}],"collection":[{"href":"https:\/\/zakrasnejsivimperk.cz\/index.php?rest_route=\/wp\/v2\/posts"}],"about":[{"href":"https:\/\/zakrasnejsivimperk.cz\/index.php?rest_route=\/wp\/v2\/types\/post"}],"author":[{"embeddable":true,"href":"https:\/\/zakrasnejsivimperk.cz\/index.php?rest_route=\/wp\/v2\/users\/2"}],"replies":[{"embeddable":true,"href":"https:\/\/zakrasnejsivimperk.cz\/index.php?rest_route=%2Fwp%2Fv2%2Fcomments&post=298147"}],"version-history":[{"count":1,"href":"https:\/\/zakrasnejsivimperk.cz\/index.php?rest_route=\/wp\/v2\/posts\/298147\/revisions"}],"predecessor-version":[{"id":298149,"href":"https:\/\/zakrasnejsivimperk.cz\/index.php?rest_route=\/wp\/v2\/posts\/298147\/revisions\/298149"}],"wp:featuredmedia":[{"embeddable":true,"href":"https:\/\/zakrasnejsivimperk.cz\/index.php?rest_route=\/wp\/v2\/media\/298148"}],"wp:attachment":[{"href":"https:\/\/zakrasnejsivimperk.cz\/index.php?rest_route=%2Fwp%2Fv2%2Fmedia&parent=298147"}],"wp:term":[{"taxonomy":"category","embeddable":true,"href":"https:\/\/zakrasnejsivimperk.cz\/index.php?rest_route=%2Fwp%2Fv2%2Fcategories&post=298147"},{"taxonomy":"post_tag","embeddable":true,"href":"https:\/\/zakrasnejsivimperk.cz\/index.php?rest_route=%2Fwp%2Fv2%2Ftags&post=298147"}],"curies":[{"name":"wp","href":"https:\/\/api.w.org\/{rel}","templated":true}]}}