{"id":298004,"date":"2024-02-16T19:34:44","date_gmt":"2024-02-16T18:34:44","guid":{"rendered":"https:\/\/zakrasnejsivimperk.cz\/?p=298004"},"modified":"2024-02-18T13:16:39","modified_gmt":"2024-02-18T12:16:39","slug":"jaroslav-stefec-dva-lide-dva-osudy","status":"publish","type":"post","link":"https:\/\/zakrasnejsivimperk.cz\/?p=298004","title":{"rendered":"JAROSLAV \u0160TEFEC: Dva lid\u00e9, dva osudy"},"content":{"rendered":"<h6>16. \u00fanora 2024 zem\u0159el ve v\u011bku 47 let v n\u00e1pravn\u00e9 kolonii \u010d. 3 \u201ekdesi na Sibi\u0159i\u201c \u00fadajn\u011b v d\u016fsledku uvoln\u011bn\u00ed krevn\u00ed sra\u017eeniny rusk\u00fd opozi\u010dn\u00ed politik Alexej Navalnyj. Na jednu stranu odv\u00e1\u017en\u00fd kritik rusk\u00fdch pom\u011br\u016f, vyzdvihovan\u00fd z\u00e1padn\u00edmi m\u00e9dii jako \u201etv\u00e1\u0159 opozice\u201c, na druhou stranu tvrd\u00fd a nekompromisn\u00ed rusk\u00fd vlastenec, osobnost, kter\u00e1 si v ka\u017ed\u00e9m p\u0159\u00edpad\u011b zaslou\u017e\u00ed n\u00e1\u0161 obdiv. Kdybych ho m\u011bl p\u0159irovnat k n\u011bkter\u00e9 ze zn\u00e1m\u00fdch postav rusk\u00fdch d\u011bjin, zvolil bych z mnoha d\u016fvod\u016f nejsp\u00ed\u0161e admir\u00e1la Alexandra Vasiljevi\u010de Kol\u010daka.<\/h6>\n<p><img loading=\"lazy\" decoding=\"async\" class=\"size-medium wp-image-273661 alignright\" src=\"https:\/\/zakrasnejsivimperk.cz\/wp-content\/uploads\/2023\/02\/22\/jaroslav-stefec-243x300.png\" alt=\"\" width=\"243\" height=\"300\" srcset=\"https:\/\/zakrasnejsivimperk.cz\/wp-content\/uploads\/2023\/02\/22\/jaroslav-stefec-243x300.png 243w, https:\/\/zakrasnejsivimperk.cz\/wp-content\/uploads\/2023\/02\/22\/jaroslav-stefec-290x357.png 290w, https:\/\/zakrasnejsivimperk.cz\/wp-content\/uploads\/2023\/02\/22\/jaroslav-stefec.png 292w\" sizes=\"(max-width: 243px) 100vw, 243px\" \/>Navalnyj byl pro z\u00e1pad velmi rozporupln\u00e1 osobnost. Pro z\u00e1padn\u00ed politiky a m\u00e9dia byl \u201eu\u017eite\u010dn\u00fdm idiotem\u201c, tvrd\u011b kritizuj\u00edc\u00edm Putinovu stranu \u201eJednotn\u00e9 Rusko\u201c za jej\u00ed klientelismus a zkorumpovanost, pro (rovn\u011b\u017e z\u00e1padn\u00ed) lidskopr\u00e1vn\u00ed neziskovky byl zloduchem, tvrd\u011b odsuzovan\u00fdm za krajn\u011b nacionalistick\u00e9, prorusk\u00e9 postoje. Otev\u0159en\u011b nap\u0159\u00edklad prosazoval zaveden\u00ed v\u00edzov\u00e9ho re\u017eimu se st\u00e1ty St\u0159edn\u00ed Asie a rovn\u011b\u017e po\u017eadoval, aby rusk\u00e1 vl\u00e1da p\u0159estala dotovat severokavkazsk\u00e9 republiky. Velmi zn\u00e1m\u00fdm se stalo jeho kontroverzn\u00ed video na podporu leg\u00e1ln\u00edho dr\u017een\u00ed zbran\u00ed.<\/p>\n<p>Tyto jeho postoje byly z\u0159ejm\u011b tak\u00e9 hlavn\u00edm d\u016fvodem, pro\u010d mu tak dlouho \u201eproch\u00e1zelo\u201c jeho aktivn\u00ed vystupov\u00e1n\u00ed proti korupci, zpronev\u011br\u00e1m a \u0161patn\u00e9mu hospoda\u0159en\u00ed nejen rusk\u00fdch spole\u010dnost\u00ed, v\u010detn\u011b Rosn\u011bfti a Gazpromu, ale tak\u00e9 mnoha zahrani\u010dn\u00edch, v Rusku p\u016fsob\u00edc\u00edch korporac\u00ed a jejich management\u016f. I proto je Navalnyj pro mnoho Rus\u016f skute\u010dn\u00fdm vlastencem. Souzn\u011bl s jejich touhou \u201eo\u010distit\u201c Rusko od vlivu oligarch\u016f, korupce a klientelismu, co\u017e z\u0159ejm\u011b tak\u00e9 nakonec vedlo k jeho perzekuov\u00e1n\u00ed a st\u00edh\u00e1n\u00ed.<\/p>\n<p>Po zn\u00e1m\u00e9 af\u00e9\u0159e s dosud neobjasn\u011bnou otravou, z n\u00ed\u017e byl l\u00e9\u010den v N\u011bmecku, se p\u0159es rady zahrani\u010dn\u00edch organizac\u00ed, dom\u00e1c\u00ed rusk\u00e9 opozice a dost mo\u017en\u00e1 i rusk\u00fdch zpravodajsk\u00fdch slu\u017eeb Navalnyj vr\u00e1til do Ruska, kter\u00e9 skute\u010dn\u011b miloval. P\u0159i n\u00e1vratu byl zadr\u017een, obvin\u011bn z n\u011bkolika trestn\u00fdch \u010din\u016f a odsouzen k devaten\u00e1cti let\u016fm v\u011bzen\u00ed, co\u017e se mu nakonec stalo osudn\u00fdm.<\/p>\n<p>Americk\u00e9mu novin\u00e1\u0159i Gonzalu Lirovi, zn\u00e1m\u00e9mu jako Coach Red Pill, se stal osudn\u00fdm jin\u00fd &#8220;zlo\u010din&#8221;. Lira, americk\u00fd blogger a novin\u00e1\u0159, \u017eij\u00edc\u00ed v Charkov\u011b, kam se odst\u011bhoval za svou ukrajinskou man\u017eelkou, kritizoval Zelensk\u00e9ho re\u017eim a vyslovil se proti v\u00e1lce, veden\u00e9 proti sousedn\u00edmu Rusku s t\u00edm, \u017ee snahy Ukrajiny a USA jsou bezv\u00fdsledn\u00e9 a znamenaj\u00ed jen \u201epl\u00fdtv\u00e1n\u00ed \u017eivoty ve ztr\u00e1tov\u00e9m podniku\u201c. Za tyto politick\u00e9 n\u00e1zory a koment\u00e1\u0159e byl 1. kv\u011btna 2023 zat\u010den a uv\u011bzn\u011bn.<\/p>\n<p>Lirovo zadr\u017een\u00ed zd\u016fvodnil ukrajinsk\u00fd re\u017eim t\u00edm, \u017ee \u201epodporuje rusk\u00e9 okupanty a oslavuje jejich v\u00e1le\u010dn\u00e9 zlo\u010diny\u201c. Tvrdil tak\u00e9, \u017ee se americk\u00fd novin\u00e1\u0159 \u201epod\u00edlel na diskreditaci nejvy\u0161\u0161\u00edho vojensk\u00e9ho a politick\u00e9ho veden\u00ed a obrann\u00fdch sil ukrajinsk\u00e9ho st\u00e1tu\u201c. To je, jak zn\u00e1mo, na Ukrajin\u011b zlo\u010din smrteln\u00fd, srovnateln\u00fd snad jen se zlo\u010dinem hanoben\u00ed proroka Mohameda v isl\u00e1msk\u00fdch zem\u00edch.<\/p>\n<p>V \u0159\u00edjnu 2023 onemocn\u011bl Lira ve v\u011bzen\u00ed oboustrann\u00fdm z\u00e1palem plic. Podle sv\u011bdectv\u00ed jeho otce v\u011bze\u0148sk\u00e9 org\u00e1ny Lirovu nemoc ignorovaly, sna\u017eily se ji utajit p\u0159ed novin\u00e1\u0159ovou rodinou i pr\u00e1vn\u00edky a odm\u00edtaly mu zajistit pot\u0159ebn\u00e9 l\u00e9ky. Prosil proto velvyslanectv\u00ed USA v Kyjev\u011b, aby zas\u00e1hlo, av\u0161ak bezv\u00fdsledn\u011b. Kdy\u017e Lira 12. ledna 2024 ve v\u011bku 55 let zem\u0159el, vl\u00e1da USA sice pokrytecky vyj\u00e1d\u0159ila rodin\u011b hlubokou soustrast, ale re\u00e1ln\u011b pro jeho z\u00e1chranu nehnula ani prstem, p\u0159esto\u017ee to bylo v jej\u00ed moci.<\/p>\n<p>Dva lid\u00e9, dva osudy. Ale zat\u00edmco nad smrt\u00ed Alexeje Navaln\u00e9ho pokrytecky ron\u00ed krokod\u00fdl\u00ed slzy evrop\u0161t\u00ed i \u010de\u0161t\u00ed politici, kondoluj\u00ed (komu vlastn\u011b?) a maj\u00ed jasno i v tom, kdo ji zavinil (samoz\u0159ejm\u011b Vladimir Putin a jeho zlo\u010dineck\u00fd re\u017eim) po Gonzalu Lirovi ani pes v \u010desk\u00fdch ani evropsk\u00fdch m\u00e9di\u00edch ne\u0161t\u011bkne. Nejsp\u00ed\u0161 proto, \u017ee stejn\u011b jako se vyjad\u0159uj\u00ed o Vladim\u00edru Putinovi v p\u0159\u00edpad\u011b Navalnyj, museli by se vyj\u00e1d\u0159it i o Vladim\u00edru Zelensk\u00e9m v p\u0159\u00edpad\u011b Lima. A to se dnes p\u0159ece nenos\u00ed. Ani trochu.<\/p>\n<p>&nbsp;<\/p>\n<p><strong>FB \u2013\u00a0<\/strong><strong><a href=\"https:\/\/www.facebook.com\/profile.php?id=100016828963330\" target=\"_blank\" rel=\"noopener\">Jaroslav \u0160TEFEC<\/a>, vojensk\u00fd analytik<\/strong><\/p>\n<hr \/>\n<p>&nbsp;<\/p>\n","protected":false},"excerpt":{"rendered":"<p>16. \u00fanora <\/p>\n","protected":false},"author":2,"featured_media":298009,"comment_status":"open","ping_status":"open","sticky":false,"template":"","format":"gallery","meta":{"footnotes":""},"categories":[85,119],"tags":[],"jetpack_featured_media_url":"https:\/\/zakrasnejsivimperk.cz\/wp-content\/uploads\/2024\/02\/16\/stefec-160224.jpg","_links":{"self":[{"href":"https:\/\/zakrasnejsivimperk.cz\/index.php?rest_route=\/wp\/v2\/posts\/298004"}],"collection":[{"href":"https:\/\/zakrasnejsivimperk.cz\/index.php?rest_route=\/wp\/v2\/posts"}],"about":[{"href":"https:\/\/zakrasnejsivimperk.cz\/index.php?rest_route=\/wp\/v2\/types\/post"}],"author":[{"embeddable":true,"href":"https:\/\/zakrasnejsivimperk.cz\/index.php?rest_route=\/wp\/v2\/users\/2"}],"replies":[{"embeddable":true,"href":"https:\/\/zakrasnejsivimperk.cz\/index.php?rest_route=%2Fwp%2Fv2%2Fcomments&post=298004"}],"version-history":[{"count":2,"href":"https:\/\/zakrasnejsivimperk.cz\/index.php?rest_route=\/wp\/v2\/posts\/298004\/revisions"}],"predecessor-version":[{"id":298010,"href":"https:\/\/zakrasnejsivimperk.cz\/index.php?rest_route=\/wp\/v2\/posts\/298004\/revisions\/298010"}],"wp:featuredmedia":[{"embeddable":true,"href":"https:\/\/zakrasnejsivimperk.cz\/index.php?rest_route=\/wp\/v2\/media\/298009"}],"wp:attachment":[{"href":"https:\/\/zakrasnejsivimperk.cz\/index.php?rest_route=%2Fwp%2Fv2%2Fmedia&parent=298004"}],"wp:term":[{"taxonomy":"category","embeddable":true,"href":"https:\/\/zakrasnejsivimperk.cz\/index.php?rest_route=%2Fwp%2Fv2%2Fcategories&post=298004"},{"taxonomy":"post_tag","embeddable":true,"href":"https:\/\/zakrasnejsivimperk.cz\/index.php?rest_route=%2Fwp%2Fv2%2Ftags&post=298004"}],"curies":[{"name":"wp","href":"https:\/\/api.w.org\/{rel}","templated":true}]}}