{"id":297770,"date":"2024-02-14T20:42:57","date_gmt":"2024-02-14T19:42:57","guid":{"rendered":"https:\/\/zakrasnejsivimperk.cz\/?p=297770"},"modified":"2024-02-14T20:45:49","modified_gmt":"2024-02-14T19:45:49","slug":"nase-mesto-vimperk-financni-urad-pomuze-s-vyplnenim-a-podanim-danovych-priznani","status":"publish","type":"post","link":"https:\/\/zakrasnejsivimperk.cz\/?p=297770","title":{"rendered":"NA\u0160E M\u011aSTO VIMPERK: Finan\u010dn\u00ed \u00fa\u0159ad pom\u016f\u017ee s p\u0159izn\u00e1n\u00edm k dani z p\u0159\u00edjm\u016f fyzick\u00fdch osob za rok 2023"},"content":{"rendered":"<p><img loading=\"lazy\" decoding=\"async\" class=\"aligncenter wp-image-297771 size-full\" src=\"https:\/\/zakrasnejsivimperk.cz\/wp-content\/uploads\/2024\/02\/14\/financni-urad-oznameni.jpg\" alt=\"\" width=\"1240\" height=\"1754\" srcset=\"https:\/\/zakrasnejsivimperk.cz\/wp-content\/uploads\/2024\/02\/14\/financni-urad-oznameni.jpg 1240w, https:\/\/zakrasnejsivimperk.cz\/wp-content\/uploads\/2024\/02\/14\/financni-urad-oznameni-212x300.jpg 212w, https:\/\/zakrasnejsivimperk.cz\/wp-content\/uploads\/2024\/02\/14\/financni-urad-oznameni-724x1024.jpg 724w, https:\/\/zakrasnejsivimperk.cz\/wp-content\/uploads\/2024\/02\/14\/financni-urad-oznameni-768x1086.jpg 768w, https:\/\/zakrasnejsivimperk.cz\/wp-content\/uploads\/2024\/02\/14\/financni-urad-oznameni-1086x1536.jpg 1086w, https:\/\/zakrasnejsivimperk.cz\/wp-content\/uploads\/2024\/02\/14\/financni-urad-oznameni-252x357.jpg 252w, https:\/\/zakrasnejsivimperk.cz\/wp-content\/uploads\/2024\/02\/14\/financni-urad-oznameni-341x483.jpg 341w\" sizes=\"(max-width: 1240px) 100vw, 1240px\" \/><\/p>\n<hr \/>\n<p>&nbsp;<\/p>\n","protected":false},"excerpt":{"rendered":"<p>&nbsp;<\/p>\n","protected":false},"author":2,"featured_media":297773,"comment_status":"open","ping_status":"open","sticky":false,"template":"","format":"gallery","meta":{"footnotes":""},"categories":[128],"tags":[],"jetpack_featured_media_url":"https:\/\/zakrasnejsivimperk.cz\/wp-content\/uploads\/2024\/02\/14\/ram-financni-sprava.jpg","_links":{"self":[{"href":"https:\/\/zakrasnejsivimperk.cz\/index.php?rest_route=\/wp\/v2\/posts\/297770"}],"collection":[{"href":"https:\/\/zakrasnejsivimperk.cz\/index.php?rest_route=\/wp\/v2\/posts"}],"about":[{"href":"https:\/\/zakrasnejsivimperk.cz\/index.php?rest_route=\/wp\/v2\/types\/post"}],"author":[{"embeddable":true,"href":"https:\/\/zakrasnejsivimperk.cz\/index.php?rest_route=\/wp\/v2\/users\/2"}],"replies":[{"embeddable":true,"href":"https:\/\/zakrasnejsivimperk.cz\/index.php?rest_route=%2Fwp%2Fv2%2Fcomments&post=297770"}],"version-history":[{"count":5,"href":"https:\/\/zakrasnejsivimperk.cz\/index.php?rest_route=\/wp\/v2\/posts\/297770\/revisions"}],"predecessor-version":[{"id":297817,"href":"https:\/\/zakrasnejsivimperk.cz\/index.php?rest_route=\/wp\/v2\/posts\/297770\/revisions\/297817"}],"wp:featuredmedia":[{"embeddable":true,"href":"https:\/\/zakrasnejsivimperk.cz\/index.php?rest_route=\/wp\/v2\/media\/297773"}],"wp:attachment":[{"href":"https:\/\/zakrasnejsivimperk.cz\/index.php?rest_route=%2Fwp%2Fv2%2Fmedia&parent=297770"}],"wp:term":[{"taxonomy":"category","embeddable":true,"href":"https:\/\/zakrasnejsivimperk.cz\/index.php?rest_route=%2Fwp%2Fv2%2Fcategories&post=297770"},{"taxonomy":"post_tag","embeddable":true,"href":"https:\/\/zakrasnejsivimperk.cz\/index.php?rest_route=%2Fwp%2Fv2%2Ftags&post=297770"}],"curies":[{"name":"wp","href":"https:\/\/api.w.org\/{rel}","templated":true}]}}