{"id":29765,"date":"2015-08-31T20:37:34","date_gmt":"2015-08-31T19:37:34","guid":{"rendered":"http:\/\/zakrasnejsivimperk.cz\/?p=29765"},"modified":"2015-08-31T20:39:42","modified_gmt":"2015-08-31T19:39:42","slug":"mestska-zamecka-slavnost-letos-byla-polovicni-navstevnost-oproti-lonsku-co-je-toho-pricinou","status":"publish","type":"post","link":"https:\/\/zakrasnejsivimperk.cz\/?p=29765","title":{"rendered":"M\u011aSTSK\u00c1 Z\u00c1MECK\u00c1 SLAVNOST: Letos byla polovi\u010dn\u00ed n\u00e1v\u0161t\u011bvnost oproti lo\u0148sku. Pro\u010d?"},"content":{"rendered":"<p style=\"text-align: justify;\"><strong>Pond\u011bln\u00ed <a href=\"http:\/\/prachaticky.denik.cz\/zpravy_region\/zamecka-nadvori-ovladly-slavnosti-20150831.html\" target=\"_blank\">Prachatick\u00fd den\u00edk<\/a> p\u00ed\u0161e o M\u011bstsk\u00e9 z\u00e1meck\u00e9 slavnosti ve Vimperku:<\/strong>\u00a0V\u0161echna n\u00e1dvo\u0159\u00ed z\u00e1mku a hradu nab\u00eddla pestr\u00fd program, kter\u00fd se nav\u00edc roz\u0161\u00ed\u0159il o\u00a0do zahrad a ark\u00e1d. Kdo by ale \u010dekal, \u017ee na z\u00e1mku nebude k\u00a0hnut\u00ed, trochu by se p\u0159epo\u010d\u00edtal. Podle \u0159editele M\u011bKS Vimperk Jaroslava Pulkr\u00e1bka byla leto\u0161n\u00ed n\u00e1v\u0161t\u011bvnost zhruba polovi\u010dn\u00ed ve srovn\u00e1n\u00ed s\u00a0lo\u0148sk\u00fdm rokem. I\u00a0kdy\u017e slavnosti m\u011bly rozhodn\u011b co nab\u00eddnout, m\u011bly p\u0159ece jen velk\u00e9ho konkurenta v\u00a0po\u010das\u00ed. Tak\u00e9 posledn\u00ed pr\u00e1zdninov\u00fd v\u00edkend se toti\u017e nesl ve znamen\u00ed tropick\u00fdch teplot, a tak je mo\u017en\u00e9, \u017ee alespo\u0148 dopoledne a odpoledne dali lid\u00e9 p\u0159ednost koup\u00e1n\u00ed.<span id=\"copylink\"><br \/>\n<\/span><\/p>\n<p style=\"text-align: justify;\"><strong>Redakce Za kr\u00e1sn\u011bj\u0161\u00ed Vimperk poznamen\u00e1v\u00e1:<\/strong> Nebyla n\u00e1hodou p\u0159\u00ed\u010dinou n\u00edzk\u00e9 n\u00e1v\u0161t\u011bvnosti tak\u00e9 nedostate\u010dn\u00e1 propagace t\u00e9to akce? U\u017e v minul\u00e9m t\u00fddnu jsme upozornili <strong><a href=\"http:\/\/zakrasnejsivimperk.cz\/?p=29390\" target=\"_blank\">(ZDE)<\/a><\/strong>, \u017ee na plak\u00e1tovac\u00edch tabul\u00edch se kr\u010d\u00ed jeden plak\u00e1t na M\u011bstskou z\u00e1meckou slavnost zast\u00edn\u011bn jin\u00fdmi, i d\u00e1vno prob\u011bhnuv\u0161\u00edmi akcemi. Plak\u00e1t\u016f a jin\u00fdch pouta\u010d\u016f v\u0161ak ve m\u011bst\u011b a v okol\u00ed ani pot\u00e9 nep\u0159ibylo. Z\u0159ejm\u011b to organiz\u00e1tor\u016fm (M\u011bsto Vimperk a jeho kulturn\u00ed st\u0159edisko) sta\u010dilo.<\/p>\n<p style=\"text-align: justify;\">Organiz\u00e1to\u0159i by se tak\u00e9 podle na\u0161eho n\u00e1zoru m\u011bli zamyslet, zda lidi u\u017e neomrzel ka\u017edoro\u010dn\u011b prakticky stejn\u00fd program, zda po vzoru jin\u00fdch m\u011bst a obc\u00ed nep\u0159izvat do Vimperka na slavnost hlavn\u00edho hosta, kter\u00fd p\u0159it\u00e1hne div\u00e1ky. Podle n\u011bkter\u00fdch n\u00e1v\u0161t\u011bvn\u00edk\u016f, s nimi\u017e jsme m\u011bli mo\u017enost hovo\u0159it, byl t\u0159eba leto\u0161n\u00ed program ned\u00e1vn\u00fdch Volarsk\u00fdch slavnost\u00ed d\u0159eva daleko pest\u0159ej\u0161\u00ed, ne\u017e tomu bylo nyn\u00ed ve Vimperku. Kritick\u00e9 hlasy jsme zaslechli tak\u00e9 na sortiment ob\u010derstven\u00ed i na skute\u010dnost, \u017ee v sobotu v ur\u010dit\u00fd \u010das si lid\u00e9 nemohli koupit nealkoholick\u00e9 n\u00e1poje. Z jednoho prost\u00e9ho d\u016fvodu &#8211; byly vyprod\u00e1ny.<\/p>\n<p style=\"text-align: justify;\"><strong>(red)<\/strong><\/p>\n<p style=\"text-align: justify;\"><strong>Foto: Jan KUBITA<\/strong><\/p>\n<p>&nbsp;<\/p>\n<p>&nbsp;<\/p>\n<p>&nbsp;<\/p>\n<p>&nbsp;<\/p>\n<p>&nbsp;<\/p>\n<p>&nbsp;<\/p>\n","protected":false},"excerpt":{"rendered":"<p>Pond\u011bln\u00ed Prachatick\u00fd <\/p>\n","protected":false},"author":2,"featured_media":29634,"comment_status":"open","ping_status":"open","sticky":false,"template":"","format":"standard","meta":{"footnotes":""},"categories":[7],"tags":[],"jetpack_featured_media_url":"https:\/\/zakrasnejsivimperk.cz\/wp-content\/uploads\/2015\/08\/mestska-slavnost-9.jpg","_links":{"self":[{"href":"https:\/\/zakrasnejsivimperk.cz\/index.php?rest_route=\/wp\/v2\/posts\/29765"}],"collection":[{"href":"https:\/\/zakrasnejsivimperk.cz\/index.php?rest_route=\/wp\/v2\/posts"}],"about":[{"href":"https:\/\/zakrasnejsivimperk.cz\/index.php?rest_route=\/wp\/v2\/types\/post"}],"author":[{"embeddable":true,"href":"https:\/\/zakrasnejsivimperk.cz\/index.php?rest_route=\/wp\/v2\/users\/2"}],"replies":[{"embeddable":true,"href":"https:\/\/zakrasnejsivimperk.cz\/index.php?rest_route=%2Fwp%2Fv2%2Fcomments&post=29765"}],"version-history":[{"count":5,"href":"https:\/\/zakrasnejsivimperk.cz\/index.php?rest_route=\/wp\/v2\/posts\/29765\/revisions"}],"predecessor-version":[{"id":29829,"href":"https:\/\/zakrasnejsivimperk.cz\/index.php?rest_route=\/wp\/v2\/posts\/29765\/revisions\/29829"}],"wp:featuredmedia":[{"embeddable":true,"href":"https:\/\/zakrasnejsivimperk.cz\/index.php?rest_route=\/wp\/v2\/media\/29634"}],"wp:attachment":[{"href":"https:\/\/zakrasnejsivimperk.cz\/index.php?rest_route=%2Fwp%2Fv2%2Fmedia&parent=29765"}],"wp:term":[{"taxonomy":"category","embeddable":true,"href":"https:\/\/zakrasnejsivimperk.cz\/index.php?rest_route=%2Fwp%2Fv2%2Fcategories&post=29765"},{"taxonomy":"post_tag","embeddable":true,"href":"https:\/\/zakrasnejsivimperk.cz\/index.php?rest_route=%2Fwp%2Fv2%2Ftags&post=29765"}],"curies":[{"name":"wp","href":"https:\/\/api.w.org\/{rel}","templated":true}]}}