{"id":297413,"date":"2024-02-11T14:18:07","date_gmt":"2024-02-11T13:18:07","guid":{"rendered":"https:\/\/zakrasnejsivimperk.cz\/?p=297413"},"modified":"2024-02-14T13:40:44","modified_gmt":"2024-02-14T12:40:44","slug":"glosar-volynky-homolkove-11-unora-2024","status":"publish","type":"post","link":"https:\/\/zakrasnejsivimperk.cz\/?p=297413","title":{"rendered":"GLOS\u00c1\u0158 Voly\u0148ky Homolkov\u00e9: 11. \u00fanora 2024"},"content":{"rendered":"<figure id=\"attachment_251369\" aria-describedby=\"caption-attachment-251369\" style=\"width: 1100px\" class=\"wp-caption aligncenter\"><img loading=\"lazy\" decoding=\"async\" class=\"wp-image-251369 size-full\" src=\"https:\/\/zakrasnejsivimperk.cz\/wp-content\/uploads\/2022\/04\/08\/glos\u00e1\u0159-voly\u0148ky.jpg\" alt=\"\" width=\"1100\" height=\"734\" srcset=\"https:\/\/zakrasnejsivimperk.cz\/wp-content\/uploads\/2022\/04\/08\/glos\u00e1\u0159-voly\u0148ky.jpg 1100w, https:\/\/zakrasnejsivimperk.cz\/wp-content\/uploads\/2022\/04\/08\/glos\u00e1\u0159-voly\u0148ky-300x200.jpg 300w, https:\/\/zakrasnejsivimperk.cz\/wp-content\/uploads\/2022\/04\/08\/glos\u00e1\u0159-voly\u0148ky-768x512.jpg 768w, https:\/\/zakrasnejsivimperk.cz\/wp-content\/uploads\/2022\/04\/08\/glos\u00e1\u0159-voly\u0148ky-1024x683.jpg 1024w, https:\/\/zakrasnejsivimperk.cz\/wp-content\/uploads\/2022\/04\/08\/glos\u00e1\u0159-voly\u0148ky-535x357.jpg 535w, https:\/\/zakrasnejsivimperk.cz\/wp-content\/uploads\/2022\/04\/08\/glos\u00e1\u0159-voly\u0148ky-724x483.jpg 724w\" sizes=\"(max-width: 1100px) 100vw, 1100px\" \/><figcaption id=\"caption-attachment-251369\" class=\"wp-caption-text\">Kol\u00e1\u017e: (red) \u2013 Za kr\u00e1sn\u011bj\u0161\u00ed Vimperk<\/figcaption><\/figure>\n<hr \/>\n<p>&nbsp;<\/p>\n<h4>ad <a href=\"https:\/\/zakrasnejsivimperk.cz\/?p=296908\" target=\"_blank\" rel=\"noopener\">NA\u0160E M\u011aSTO VIMPERK: Zm\u011bna provozovatele nemocnice \u2013 vyj\u00e1d\u0159en\u00ed starostky a gener\u00e1ln\u00ed \u0159editelky<\/a><\/h4>\n<h6><em>Zat\u00edm nikdo srozumiteln\u011b nevysv\u011btlil, pro\u010d vlastn\u011b do\u0161lo ke zm\u011bn\u011b provozovatele, kdy\u017e s t\u00edm dosavadn\u00edm byla spokojenost a jak prohl\u00e1sila pan\u00ed starostka, da\u0159\u00ed se nemocnici za posledn\u00ed l\u00e9ta dob\u0159e. Ob\u00e1v\u00e1m se toho, aby citovan\u00fd nelehk\u00fd p\u0159\u00edb\u011bh na\u0161\u00ed nemocnice nepokra\u010doval.\u00a0\u00a0<\/em><\/h6>\n<p>&nbsp;<\/p>\n<h4>ad <a href=\"https:\/\/zakrasnejsivimperk.cz\/?p=296763\" target=\"_blank\" rel=\"noopener\">NAPSALI JSTE N\u00c1M: T\u0159\u00edkr\u00e1lov\u00e1 sb\u00edrka pom\u00e1h\u00e1 Charit\u011b poskytovat soci\u00e1ln\u00ed slu\u017eby a pomoc lidem v nouzi<\/a><\/h4>\n<h6><em>T\u0159\u00edkr\u00e1lov\u00e1 sb\u00edrka je sice dobr\u00e1 tradice, ale pom\u00e1hat Charit\u011b realizovat soci\u00e1ln\u00ed slu\u017eby a pomoc lidem v nouzi by m\u011bla p\u0159edev\u0161\u00edm m\u011bsta ze sv\u00fdch rozpo\u010dt\u016f, rozhodn\u011b v daleko v\u011bt\u0161\u00ed m\u00ed\u0159e, a to i bez po\u017eehn\u00e1n\u00ed. Sta\u010d\u00ed jen opustit nadbyte\u010dn\u00e9 megalomansk\u00e9 z\u00e1m\u011bry a pen\u011bz pro pot\u0159ebn\u00e9 bude dost a dost.<\/em><\/h6>\n<p>&nbsp;<\/p>\n<h4>ad <a href=\"https:\/\/www.vimperk.cz\/cinnost%2Dmestskeho%2Darchitekta%2Dv%2Droce%2D2019%2D2021\/d-21483\/p1=19714\" target=\"_blank\" rel=\"noopener\">\u010cinnost m\u011bstsk\u00e9ho architekta v roce 2019- 2021<\/a> (webov\u00e9 str\u00e1nky m\u011bsta Vimperk)<\/h4>\n<h6><em>Bylo by dobr\u00e9 doplnit na webu m\u011bsta p\u0159ehled\u00a0\u010dinnosti na\u0161eho m\u011bstsk\u00e9ho architekta za obdob\u00ed let 2022-2023. Sou\u010dasn\u011b by mohl pan architekt kriticky\u00a0vyhodnotit a sd\u011blit sv\u00e9 dosavadn\u00ed zku\u0161enosti v napl\u0148ov\u00e1n\u00ed jeho\u00a0\u00falohy,\u00a0co se mu zda\u0159ilo a co m\u00e9n\u011b, a zda na z\u00e1klad\u011b sv\u00fdch zku\u0161enost\u00ed vid\u00ed pozici m\u011bstsk\u00e9ho\u00a0architekta skute\u010dn\u011b nezbytnou, zejm\u00e9na pro m\u011bsta na\u0161\u00ed velikosti. Ur\u010dit\u011b by bylo dobr\u00e9, aby dosavadn\u00ed \u010dinnost na\u0161eho m\u011bstsk\u00e9ho architekta vyhodnotila na\u0161e samospr\u00e1va.<\/em><\/h6>\n<p>&nbsp;<\/p>\n<h4>ad <a href=\"https:\/\/zakrasnejsivimperk.cz\/?p=297207\" target=\"_blank\" rel=\"noopener\">NA\u0160E M\u011aSTO VIMPERK: Zpravodajstv\u00ed televizn\u00edho studia Epigon \u2013 6\/2024<\/a><\/h4>\n<h6><em>Moder\u00e1torka \u0159\u00edk\u00e1, \u017ee masky p\u0159i vep\u0159ov\u00fdch hodech 3. \u00fanora v m\u011bstsk\u00e9m parku ve Vimperku p\u0159edznamen\u00e1valy, \u017ee u\u017e se bl\u00ed\u017e\u00ed obdob\u00ed masopustu. Moder\u00e1torka uvedla nespr\u00e1vnou informaci. <a href=\"https:\/\/zakrasnejsivimperk.cz\/?p=181485\" target=\"_blank\" rel=\"noopener\">Masopustn\u00ed obdob\u00ed<\/a> letos za\u010dalo 7. ledna a kon\u010d\u00ed 13. \u00fanora.<\/em><\/h6>\n<p>&nbsp;<\/p>\n<p><strong>Voly\u0148ka HOMOLKOV\u00c1<\/strong><\/p>\n<hr \/>\n<p>&nbsp;<\/p>\n","protected":false},"excerpt":{"rendered":"<p>&nbsp; ad <\/p>\n","protected":false},"author":2,"featured_media":297416,"comment_status":"open","ping_status":"open","sticky":false,"template":"","format":"gallery","meta":{"footnotes":""},"categories":[85,119],"tags":[],"jetpack_featured_media_url":"https:\/\/zakrasnejsivimperk.cz\/wp-content\/uploads\/2024\/02\/11\/glosar-110224.jpg","_links":{"self":[{"href":"https:\/\/zakrasnejsivimperk.cz\/index.php?rest_route=\/wp\/v2\/posts\/297413"}],"collection":[{"href":"https:\/\/zakrasnejsivimperk.cz\/index.php?rest_route=\/wp\/v2\/posts"}],"about":[{"href":"https:\/\/zakrasnejsivimperk.cz\/index.php?rest_route=\/wp\/v2\/types\/post"}],"author":[{"embeddable":true,"href":"https:\/\/zakrasnejsivimperk.cz\/index.php?rest_route=\/wp\/v2\/users\/2"}],"replies":[{"embeddable":true,"href":"https:\/\/zakrasnejsivimperk.cz\/index.php?rest_route=%2Fwp%2Fv2%2Fcomments&post=297413"}],"version-history":[{"count":2,"href":"https:\/\/zakrasnejsivimperk.cz\/index.php?rest_route=\/wp\/v2\/posts\/297413\/revisions"}],"predecessor-version":[{"id":297415,"href":"https:\/\/zakrasnejsivimperk.cz\/index.php?rest_route=\/wp\/v2\/posts\/297413\/revisions\/297415"}],"wp:featuredmedia":[{"embeddable":true,"href":"https:\/\/zakrasnejsivimperk.cz\/index.php?rest_route=\/wp\/v2\/media\/297416"}],"wp:attachment":[{"href":"https:\/\/zakrasnejsivimperk.cz\/index.php?rest_route=%2Fwp%2Fv2%2Fmedia&parent=297413"}],"wp:term":[{"taxonomy":"category","embeddable":true,"href":"https:\/\/zakrasnejsivimperk.cz\/index.php?rest_route=%2Fwp%2Fv2%2Fcategories&post=297413"},{"taxonomy":"post_tag","embeddable":true,"href":"https:\/\/zakrasnejsivimperk.cz\/index.php?rest_route=%2Fwp%2Fv2%2Ftags&post=297413"}],"curies":[{"name":"wp","href":"https:\/\/api.w.org\/{rel}","templated":true}]}}