{"id":297284,"date":"2024-02-10T05:27:33","date_gmt":"2024-02-10T04:27:33","guid":{"rendered":"https:\/\/zakrasnejsivimperk.cz\/?p=297284"},"modified":"2024-02-10T14:40:37","modified_gmt":"2024-02-10T13:40:37","slug":"petr-stepanek-jako-za-starych-totalitnich-casu","status":"publish","type":"post","link":"https:\/\/zakrasnejsivimperk.cz\/?p=297284","title":{"rendered":"PETR \u0160T\u011aP\u00c1NEK: Jako za star\u00fdch totalitn\u00edch \u010das\u016f"},"content":{"rendered":"<h6>Jedn\u00edm z hlavn\u00edch \u00fakol\u016f \u017eurnalistiky je p\u0159in\u00e1\u0161et lidem informace. Nejen ty, kter\u00e9 se n\u00e1m l\u00edb\u00ed nebo se kter\u00fdmi se ztoto\u017e\u0148ujeme, ale i ty opa\u010dn\u00e9. Co si mysl\u00ed, z jak\u00e9ho p\u0159esv\u011bd\u010den\u00ed vych\u00e1z\u00ed a jak a pro\u010d kon\u00e1 jeden z nejmocn\u011bj\u0161\u00edch mu\u017e\u016f planety, toti\u017e prezident Rusk\u00e9 federace Vladimir Putin, kter\u00fd m\u00e1 prst na tla\u010d\u00edtku k obrovsk\u00e9mu arzen\u00e1lu atomov\u00fdch i konven\u010dn\u00edch zbran\u00ed, je nepochybn\u011b dobr\u00e9 v\u011bd\u011bt, a\u0165 u\u017e si o n\u011bm mysl\u00edme cokoli.<\/h6>\n<p><img loading=\"lazy\" decoding=\"async\" class=\"size-full wp-image-274438 alignright\" src=\"https:\/\/zakrasnejsivimperk.cz\/wp-content\/uploads\/2023\/03\/04\/petr-stepanek-x.jpg\" alt=\"\" width=\"300\" height=\"288\" \/>Putin poskytl po dvou letech ukrajinsk\u00e9ho v\u00e1le\u010dn\u00e9ho konfliktu rozhovor americk\u00e9mu novin\u00e1\u0159i Tuckeru Carlsonovi, kter\u00fd l\u00e1me v\u0161echny historick\u00e9 rekordy po\u010dtu zhl\u00e9dnut\u00ed. B\u011bhem jedin\u00e9ho dne jej na s\u00edti X zhl\u00e9dlo p\u0159es 100 milion\u016f lid\u00ed a ve chv\u00edli, kdy p\u00ed\u0161u tyto \u0159\u00e1dky, u\u017e se jejich po\u010det zdvojn\u00e1sobil. Jak k t\u00e9hle novin\u00e1\u0159sk\u00e9 ud\u00e1losti p\u0159istoupili \u010de\u0161t\u00ed novin\u00e1\u0159i hlavn\u00edho medi\u00e1ln\u00ed proudu?<\/p>\n<p>Za\u017e\u00edv\u00e1me kr\u00e1sn\u00e9 \u201edeja vu\u201c. R\u00e1zem se m\u016f\u017eeme c\u00edtit o mnoho let mlad\u0161\u00ed. Od na\u0161ich mainstreamov\u00fdch presstitut\u016f, jin\u00e9 pojmenov\u00e1n\u00ed si nezaslou\u017e\u00ed, se toti\u017e stejn\u011b jako za komunistick\u00fdch \u010das\u016f dozv\u00edd\u00e1me, co je ten Carlson za samozvance a ztroskotance, ale \u017ee by cel\u00fd rozhovor pustili, samoz\u0159ejm\u011b s p\u0159ekladem, aby si lid\u00e9 sami mohli ud\u011blali sv\u016fj vlastn\u00ed n\u00e1zor, to ne.<\/p>\n<p>Ve\u0159ejnopr\u00e1vn\u00ed televize Carlson\u016fv rozhovor ve sv\u00e9 hlavn\u00ed zpravodajsk\u00e9 relaci zm\u00ednila jako jak\u00e9si vedlej\u0161\u00ed t\u00e9ma v \u0161otu o n\u011b\u010dem jin\u00e9m, v Ud\u00e1lostech, koment\u00e1\u0159\u00edch se mu vyhnula \u00fapln\u011b. Rozhovor, kter\u00fd bour\u00e1 v\u0161echny dosavadn\u00ed statistiky, je z\u0159ejm\u011b nezaj\u00edmav\u00fd, televizn\u00ed poplatn\u00edci p\u0159ed n\u00edm musej\u00ed b\u00fdt ochr\u00e1n\u011bni.<\/p>\n<p>Na CNN Prima News si k okomentov\u00e1n\u00ed dvouhodinov\u00e9ho rozhovoru s rusk\u00fdm prezidentem pozvali politick\u00e9ho zlo\u010dince a kulturn\u00edho barbara Ji\u0159\u00edho Posp\u00ed\u0161ila z TOP 0,9. Sekundovalo mu u toho bezv\u00fdznamn\u00e9 p\u0159etrhd\u00edlo z je\u0161t\u011b bezv\u00fdznamn\u011bj\u0161\u00ed neziskovky \u010di instituce p\u0159is\u00e1t\u00e9 na ve\u0159ejn\u00e9 pen\u00edze, jeho\u017e jm\u00e9no ani nem\u00e1 cenu dohled\u00e1vat. Nam\u00edsto seri\u00f3zn\u00edho rozboru pouze tradi\u010dn\u00ed n\u00e1lepkov\u00e1n\u00ed, hlavn\u011b nevybo\u010dit z p\u0159edepsan\u00fdch mantinel\u016f.<\/p>\n<p>Zlatou plaketu sout\u011b\u017ee o nejidiot\u0161t\u011bj\u0161\u00edho presstituta nep\u0159ekvapiv\u011b z\u00edsk\u00e1v\u00e1 hroba\u0159, pardon, \u0161\u00e9fredaktor \u010dasopisu Reflex Martin Bartkovsk\u00fd, kter\u00fd \u010dten\u00e1\u0159\u016fm napsal, \u017ee se na rozhovor pod\u00edval, aby oni nemuseli.<br \/>\nNe, nep\u00ed\u0161e se rok 1977, kdy n\u00e1s komunist\u00e9 starostliv\u011b ochr\u00e1nili p\u0159ed textem Charty 77, le\u010d vy\u017eadovali jej\u00ed odsouzen\u00ed, p\u00ed\u0161e se rok 2024 a pr\u00fd \u017eijeme ve svobodn\u00e9 demokratick\u00e9 zemi. Opravdu?<\/p>\n<p>&nbsp;<\/p>\n<p><strong><a href=\"http:\/\/www.petrstepanek.cz\/web\/index.php\" target=\"_blank\" rel=\"noopener\">Petr \u0160T\u011aP\u00c1NEK<\/a>, publicista, hudebn\u00edk, politik<\/strong><\/p>\n<hr \/>\n<p>&nbsp;<\/p>\n","protected":false},"excerpt":{"rendered":"<p>Jedn\u00edm z <\/p>\n","protected":false},"author":2,"featured_media":297285,"comment_status":"open","ping_status":"open","sticky":false,"template":"","format":"gallery","meta":{"footnotes":""},"categories":[85,119],"tags":[],"jetpack_featured_media_url":"https:\/\/zakrasnejsivimperk.cz\/wp-content\/uploads\/2024\/02\/10\/stepanek-100224.jpg","_links":{"self":[{"href":"https:\/\/zakrasnejsivimperk.cz\/index.php?rest_route=\/wp\/v2\/posts\/297284"}],"collection":[{"href":"https:\/\/zakrasnejsivimperk.cz\/index.php?rest_route=\/wp\/v2\/posts"}],"about":[{"href":"https:\/\/zakrasnejsivimperk.cz\/index.php?rest_route=\/wp\/v2\/types\/post"}],"author":[{"embeddable":true,"href":"https:\/\/zakrasnejsivimperk.cz\/index.php?rest_route=\/wp\/v2\/users\/2"}],"replies":[{"embeddable":true,"href":"https:\/\/zakrasnejsivimperk.cz\/index.php?rest_route=%2Fwp%2Fv2%2Fcomments&post=297284"}],"version-history":[{"count":1,"href":"https:\/\/zakrasnejsivimperk.cz\/index.php?rest_route=\/wp\/v2\/posts\/297284\/revisions"}],"predecessor-version":[{"id":297286,"href":"https:\/\/zakrasnejsivimperk.cz\/index.php?rest_route=\/wp\/v2\/posts\/297284\/revisions\/297286"}],"wp:featuredmedia":[{"embeddable":true,"href":"https:\/\/zakrasnejsivimperk.cz\/index.php?rest_route=\/wp\/v2\/media\/297285"}],"wp:attachment":[{"href":"https:\/\/zakrasnejsivimperk.cz\/index.php?rest_route=%2Fwp%2Fv2%2Fmedia&parent=297284"}],"wp:term":[{"taxonomy":"category","embeddable":true,"href":"https:\/\/zakrasnejsivimperk.cz\/index.php?rest_route=%2Fwp%2Fv2%2Fcategories&post=297284"},{"taxonomy":"post_tag","embeddable":true,"href":"https:\/\/zakrasnejsivimperk.cz\/index.php?rest_route=%2Fwp%2Fv2%2Ftags&post=297284"}],"curies":[{"name":"wp","href":"https:\/\/api.w.org\/{rel}","templated":true}]}}