{"id":297207,"date":"2024-02-11T12:25:25","date_gmt":"2024-02-11T11:25:25","guid":{"rendered":"https:\/\/zakrasnejsivimperk.cz\/?p=297207"},"modified":"2024-02-11T12:25:25","modified_gmt":"2024-02-11T11:25:25","slug":"nase-mesto-vimperk-zpravodajstvi-televizniho-studia-epigon-6-2024","status":"publish","type":"post","link":"https:\/\/zakrasnejsivimperk.cz\/?p=297207","title":{"rendered":"NA\u0160E M\u011aSTO VIMPERK: Zpravodajstv\u00ed televizn\u00edho studia Epigon \u2013 6\/2024"},"content":{"rendered":"<h6><img loading=\"lazy\" decoding=\"async\" class=\"alignright wp-image-145695\" src=\"https:\/\/zakrasnejsivimperk.cz\/wp-content\/uploads\/2018\/11\/15\/tv-epigon-logo-300x300.jpg\" alt=\"\" width=\"150\" height=\"150\" srcset=\"https:\/\/zakrasnejsivimperk.cz\/wp-content\/uploads\/2018\/11\/15\/tv-epigon-logo-300x300.jpg 300w, https:\/\/zakrasnejsivimperk.cz\/wp-content\/uploads\/2018\/11\/15\/tv-epigon-logo-150x150.jpg 150w, https:\/\/zakrasnejsivimperk.cz\/wp-content\/uploads\/2018\/11\/15\/tv-epigon-logo-768x766.jpg 768w, https:\/\/zakrasnejsivimperk.cz\/wp-content\/uploads\/2018\/11\/15\/tv-epigon-logo-358x357.jpg 358w, https:\/\/zakrasnejsivimperk.cz\/wp-content\/uploads\/2018\/11\/15\/tv-epigon-logo-484x483.jpg 484w, https:\/\/zakrasnejsivimperk.cz\/wp-content\/uploads\/2018\/11\/15\/tv-epigon-logo-210x210.jpg 210w, https:\/\/zakrasnejsivimperk.cz\/wp-content\/uploads\/2018\/11\/15\/tv-epigon-logo.jpg 960w\" sizes=\"(max-width: 150px) 100vw, 150px\" \/>Dobr\u00fd den, v\u00e1\u017een\u00ed div\u00e1ci. V\u00edtejte u 6. vyd\u00e1n\u00ed Vimpersk\u00e9ho zpravodajstv\u00ed. V dne\u0161n\u00ed prvn\u00ed report\u00e1\u017ei se dozv\u00edte, o \u010dem jednalo ve st\u0159edu 7. \u00fanora studentsk\u00e9 zastupitelstvo. Pod\u00edv\u00e1me se tak\u00e9 na prvn\u00ed vep\u0159ov\u00e9 hody, kter\u00e9 hostil v sobotu 3. \u00fanora m\u011bstsk\u00fd park. Projektov\u00fdm dn\u016fm V\u0161eobecn\u00e9ho a sportovn\u00edho gymn\u00e1zia Vimperk je v\u011bnov\u00e1na n\u00e1sleduj\u00edc\u00ed \u010d\u00e1st vys\u00edl\u00e1n\u00ed. Vimperskou nemocnici provozuje od konce lo\u0148sk\u00e9ho roku spole\u010dnost Penta Hospitals CZ. Jak\u00e9 zm\u011bny nemocnici \u010dekaj\u00ed, v\u00e1m prozrad\u00edme v dal\u0161\u00ed z dne\u0161n\u00edch report\u00e1\u017e\u00ed. O p\u0159ij\u00edmac\u00edm \u0159\u00edzen\u00ed na St\u0159edn\u00ed \u0161kolu a Z\u00e1kladn\u00ed \u0161kolu Vimperk v Nerudov\u011b ulici jsme si pov\u00eddali s jej\u00edm \u0159editelem Petrem \u017duravsk\u00fdm. Vys\u00edl\u00e1n\u00ed uzav\u0159e tradi\u010dn\u00ed kulturn\u00ed p\u0159ehled.<\/h6>\n<p>&nbsp;<\/p>\n<h6 style=\"text-align: center;\">Video spust\u00edte kliknut\u00edm na obr\u00e1zek:<\/h6>\n<p>&nbsp;<\/p>\n<p><a href=\"https:\/\/youtu.be\/s2IuZO5u3cA\" target=\"_blank\" rel=\"noopener\"><img loading=\"lazy\" decoding=\"async\" class=\"aligncenter wp-image-259844 size-full\" src=\"https:\/\/zakrasnejsivimperk.cz\/wp-content\/uploads\/2022\/07\/28\/infokan\u00e1l-3022.jpg\" alt=\"\" width=\"946\" height=\"484\" srcset=\"https:\/\/zakrasnejsivimperk.cz\/wp-content\/uploads\/2022\/07\/28\/infokan\u00e1l-3022.jpg 946w, https:\/\/zakrasnejsivimperk.cz\/wp-content\/uploads\/2022\/07\/28\/infokan\u00e1l-3022-300x153.jpg 300w, https:\/\/zakrasnejsivimperk.cz\/wp-content\/uploads\/2022\/07\/28\/infokan\u00e1l-3022-768x393.jpg 768w, https:\/\/zakrasnejsivimperk.cz\/wp-content\/uploads\/2022\/07\/28\/infokan\u00e1l-3022-700x357.jpg 700w, https:\/\/zakrasnejsivimperk.cz\/wp-content\/uploads\/2022\/07\/28\/infokan\u00e1l-3022-698x357.jpg 698w, https:\/\/zakrasnejsivimperk.cz\/wp-content\/uploads\/2022\/07\/28\/infokan\u00e1l-3022-944x483.jpg 944w\" sizes=\"(max-width: 946px) 100vw, 946px\" \/><\/a><\/p>\n<p>&nbsp;<\/p>\n<p><strong>TV EPIGON<\/strong><\/p>\n<p>(red) \u2013 Za kr\u00e1sn\u011bj\u0161\u00ed Vimperk<\/p>\n<hr \/>\n<p>&nbsp;<\/p>\n","protected":false},"excerpt":{"rendered":"<p>Dobr\u00fd den, <\/p>\n","protected":false},"author":2,"featured_media":259844,"comment_status":"open","ping_status":"open","sticky":false,"template":"","format":"gallery","meta":{"footnotes":""},"categories":[103,10],"tags":[],"jetpack_featured_media_url":"https:\/\/zakrasnejsivimperk.cz\/wp-content\/uploads\/2022\/07\/28\/infokan\u00e1l-3022.jpg","_links":{"self":[{"href":"https:\/\/zakrasnejsivimperk.cz\/index.php?rest_route=\/wp\/v2\/posts\/297207"}],"collection":[{"href":"https:\/\/zakrasnejsivimperk.cz\/index.php?rest_route=\/wp\/v2\/posts"}],"about":[{"href":"https:\/\/zakrasnejsivimperk.cz\/index.php?rest_route=\/wp\/v2\/types\/post"}],"author":[{"embeddable":true,"href":"https:\/\/zakrasnejsivimperk.cz\/index.php?rest_route=\/wp\/v2\/users\/2"}],"replies":[{"embeddable":true,"href":"https:\/\/zakrasnejsivimperk.cz\/index.php?rest_route=%2Fwp%2Fv2%2Fcomments&post=297207"}],"version-history":[{"count":1,"href":"https:\/\/zakrasnejsivimperk.cz\/index.php?rest_route=\/wp\/v2\/posts\/297207\/revisions"}],"predecessor-version":[{"id":297208,"href":"https:\/\/zakrasnejsivimperk.cz\/index.php?rest_route=\/wp\/v2\/posts\/297207\/revisions\/297208"}],"wp:featuredmedia":[{"embeddable":true,"href":"https:\/\/zakrasnejsivimperk.cz\/index.php?rest_route=\/wp\/v2\/media\/259844"}],"wp:attachment":[{"href":"https:\/\/zakrasnejsivimperk.cz\/index.php?rest_route=%2Fwp%2Fv2%2Fmedia&parent=297207"}],"wp:term":[{"taxonomy":"category","embeddable":true,"href":"https:\/\/zakrasnejsivimperk.cz\/index.php?rest_route=%2Fwp%2Fv2%2Fcategories&post=297207"},{"taxonomy":"post_tag","embeddable":true,"href":"https:\/\/zakrasnejsivimperk.cz\/index.php?rest_route=%2Fwp%2Fv2%2Ftags&post=297207"}],"curies":[{"name":"wp","href":"https:\/\/api.w.org\/{rel}","templated":true}]}}