{"id":296908,"date":"2024-02-05T19:57:31","date_gmt":"2024-02-05T18:57:31","guid":{"rendered":"https:\/\/zakrasnejsivimperk.cz\/?p=296908"},"modified":"2024-02-09T18:57:50","modified_gmt":"2024-02-09T17:57:50","slug":"nase-mesto-vimperk-zmena-provozovatele-nemocnice-vyjadreni-starostky-a-generalni-reditelky","status":"publish","type":"post","link":"https:\/\/zakrasnejsivimperk.cz\/?p=296908","title":{"rendered":"NA\u0160E M\u011aSTO VIMPERK: Zm\u011bna provozovatele nemocnice &#8211; vyj\u00e1d\u0159en\u00ed starostky a gener\u00e1ln\u00ed \u0159editelky"},"content":{"rendered":"<p><img loading=\"lazy\" decoding=\"async\" class=\"aligncenter wp-image-296910 size-full\" src=\"https:\/\/zakrasnejsivimperk.cz\/wp-content\/uploads\/2024\/02\/05\/fb-penta-nemocnice.jpg\" alt=\"\" width=\"777\" height=\"605\" srcset=\"https:\/\/zakrasnejsivimperk.cz\/wp-content\/uploads\/2024\/02\/05\/fb-penta-nemocnice.jpg 777w, https:\/\/zakrasnejsivimperk.cz\/wp-content\/uploads\/2024\/02\/05\/fb-penta-nemocnice-300x234.jpg 300w, https:\/\/zakrasnejsivimperk.cz\/wp-content\/uploads\/2024\/02\/05\/fb-penta-nemocnice-768x598.jpg 768w, https:\/\/zakrasnejsivimperk.cz\/wp-content\/uploads\/2024\/02\/05\/fb-penta-nemocnice-458x357.jpg 458w, https:\/\/zakrasnejsivimperk.cz\/wp-content\/uploads\/2024\/02\/05\/fb-penta-nemocnice-620x483.jpg 620w\" sizes=\"(max-width: 777px) 100vw, 777px\" \/><\/p>\n<p>&nbsp;<\/p>\n<p>&nbsp;<\/p>\n<p><img loading=\"lazy\" decoding=\"async\" class=\"aligncenter wp-image-296909 size-full\" src=\"https:\/\/zakrasnejsivimperk.cz\/wp-content\/uploads\/2024\/02\/05\/fb-nemocnice-vpk.jpg\" alt=\"\" width=\"768\" height=\"711\" srcset=\"https:\/\/zakrasnejsivimperk.cz\/wp-content\/uploads\/2024\/02\/05\/fb-nemocnice-vpk.jpg 768w, https:\/\/zakrasnejsivimperk.cz\/wp-content\/uploads\/2024\/02\/05\/fb-nemocnice-vpk-300x278.jpg 300w, https:\/\/zakrasnejsivimperk.cz\/wp-content\/uploads\/2024\/02\/05\/fb-nemocnice-vpk-386x357.jpg 386w, https:\/\/zakrasnejsivimperk.cz\/wp-content\/uploads\/2024\/02\/05\/fb-nemocnice-vpk-522x483.jpg 522w\" sizes=\"(max-width: 768px) 100vw, 768px\" \/><\/p>\n<p>&nbsp;<\/p>\n<p><strong>Zdroj: Facebook<\/strong><\/p>\n<p>(red) &#8211; Za kr\u00e1sn\u011bj\u0161\u00ed Vimperk<\/p>\n<hr \/>\n<p>&nbsp;<\/p>\n","protected":false},"excerpt":{"rendered":"<p>&nbsp; &nbsp; <\/p>\n","protected":false},"author":2,"featured_media":296911,"comment_status":"open","ping_status":"open","sticky":false,"template":"","format":"gallery","meta":{"footnotes":""},"categories":[118,108],"tags":[],"jetpack_featured_media_url":"https:\/\/zakrasnejsivimperk.cz\/wp-content\/uploads\/2024\/02\/05\/ram-zmena.jpg","_links":{"self":[{"href":"https:\/\/zakrasnejsivimperk.cz\/index.php?rest_route=\/wp\/v2\/posts\/296908"}],"collection":[{"href":"https:\/\/zakrasnejsivimperk.cz\/index.php?rest_route=\/wp\/v2\/posts"}],"about":[{"href":"https:\/\/zakrasnejsivimperk.cz\/index.php?rest_route=\/wp\/v2\/types\/post"}],"author":[{"embeddable":true,"href":"https:\/\/zakrasnejsivimperk.cz\/index.php?rest_route=\/wp\/v2\/users\/2"}],"replies":[{"embeddable":true,"href":"https:\/\/zakrasnejsivimperk.cz\/index.php?rest_route=%2Fwp%2Fv2%2Fcomments&post=296908"}],"version-history":[{"count":1,"href":"https:\/\/zakrasnejsivimperk.cz\/index.php?rest_route=\/wp\/v2\/posts\/296908\/revisions"}],"predecessor-version":[{"id":296912,"href":"https:\/\/zakrasnejsivimperk.cz\/index.php?rest_route=\/wp\/v2\/posts\/296908\/revisions\/296912"}],"wp:featuredmedia":[{"embeddable":true,"href":"https:\/\/zakrasnejsivimperk.cz\/index.php?rest_route=\/wp\/v2\/media\/296911"}],"wp:attachment":[{"href":"https:\/\/zakrasnejsivimperk.cz\/index.php?rest_route=%2Fwp%2Fv2%2Fmedia&parent=296908"}],"wp:term":[{"taxonomy":"category","embeddable":true,"href":"https:\/\/zakrasnejsivimperk.cz\/index.php?rest_route=%2Fwp%2Fv2%2Fcategories&post=296908"},{"taxonomy":"post_tag","embeddable":true,"href":"https:\/\/zakrasnejsivimperk.cz\/index.php?rest_route=%2Fwp%2Fv2%2Ftags&post=296908"}],"curies":[{"name":"wp","href":"https:\/\/api.w.org\/{rel}","templated":true}]}}