{"id":296777,"date":"2024-02-05T14:09:35","date_gmt":"2024-02-05T13:09:35","guid":{"rendered":"https:\/\/zakrasnejsivimperk.cz\/?p=296777"},"modified":"2024-02-07T14:02:51","modified_gmt":"2024-02-07T13:02:51","slug":"glosar-volynky-homolkove-4-unora-2024","status":"publish","type":"post","link":"https:\/\/zakrasnejsivimperk.cz\/?p=296777","title":{"rendered":"GLOS\u00c1\u0158 Voly\u0148ky Homolkov\u00e9: 4. \u00fanora 2024"},"content":{"rendered":"<figure id=\"attachment_251369\" aria-describedby=\"caption-attachment-251369\" style=\"width: 1100px\" class=\"wp-caption aligncenter\"><img loading=\"lazy\" decoding=\"async\" class=\"wp-image-251369 size-full\" src=\"https:\/\/zakrasnejsivimperk.cz\/wp-content\/uploads\/2022\/04\/08\/glos\u00e1\u0159-voly\u0148ky.jpg\" alt=\"\" width=\"1100\" height=\"734\" srcset=\"https:\/\/zakrasnejsivimperk.cz\/wp-content\/uploads\/2022\/04\/08\/glos\u00e1\u0159-voly\u0148ky.jpg 1100w, https:\/\/zakrasnejsivimperk.cz\/wp-content\/uploads\/2022\/04\/08\/glos\u00e1\u0159-voly\u0148ky-300x200.jpg 300w, https:\/\/zakrasnejsivimperk.cz\/wp-content\/uploads\/2022\/04\/08\/glos\u00e1\u0159-voly\u0148ky-768x512.jpg 768w, https:\/\/zakrasnejsivimperk.cz\/wp-content\/uploads\/2022\/04\/08\/glos\u00e1\u0159-voly\u0148ky-1024x683.jpg 1024w, https:\/\/zakrasnejsivimperk.cz\/wp-content\/uploads\/2022\/04\/08\/glos\u00e1\u0159-voly\u0148ky-535x357.jpg 535w, https:\/\/zakrasnejsivimperk.cz\/wp-content\/uploads\/2022\/04\/08\/glos\u00e1\u0159-voly\u0148ky-724x483.jpg 724w\" sizes=\"(max-width: 1100px) 100vw, 1100px\" \/><figcaption id=\"caption-attachment-251369\" class=\"wp-caption-text\">Kol\u00e1\u017e: (red) \u2013 Za kr\u00e1sn\u011bj\u0161\u00ed Vimperk<\/figcaption><\/figure>\n<hr \/>\n<p>&nbsp;<\/p>\n<h4>ad <a href=\"https:\/\/zakrasnejsivimperk.cz\/?p=296710\" target=\"_blank\" rel=\"noopener\">PAVEL DVO\u0158\u00c1K: A pak, \u017ee pen\u00edze nejsou\u2026<\/a><\/h4>\n<h6><em>Perfektn\u00ed \u010dl\u00e1nek. Je\u0161t\u011b to chce, aby to takto zazn\u011blo i na zased\u00e1n\u00ed zastupitelstva.<\/em><\/h6>\n<p>&nbsp;<\/p>\n<h4>ad <a href=\"https:\/\/zakrasnejsivimperk.cz\/?p=296633\" target=\"_blank\" rel=\"noopener\">PRACHATICK\u00dd DEN\u00cdK: Z\u00e1stupci m\u011bst jednali o budoucnosti nemocnic ve Vimperku a Volyni<\/a><\/h4>\n<h6>&#8220;V\u00edce jasno budeme m\u00edt u\u017e v druh\u00e9 polovin\u011b leto\u0161n\u00edho roku,&#8221; uvedla Barbora Vacul\u00edkov\u00e1, gener\u00e1ln\u00ed \u0159editelka zdravotnick\u00e9ho holdingu Penta Hospitals.<\/h6>\n<h6><em>Nen\u00ed mi jasno, \u017ee si n\u011bkdo nejd\u0159\u00edve p\u0159evezme nemocnici a nem\u00e1 zcela jasno. Nezb\u00fdv\u00e1 tud\u00ed\u017e ne\u017e \u010dekat a doufat, \u017ee se vyjasn\u00ed.<\/em><\/h6>\n<p>&nbsp;<\/p>\n<h4>ad <a href=\"https:\/\/zakrasnejsivimperk.cz\/?p=296450\" target=\"_blank\" rel=\"noopener\">NA\u0160E M\u011aSTO VIMPERK: Zvukov\u00fd z\u00e1znam z 10. zased\u00e1n\u00ed zastupitelstva<\/a><\/h4>\n<h6><em>Tentokr\u00e1t byl pr\u016fb\u011bh zased\u00e1n\u00ed m\u00edsty pon\u011bkud ne\u0161\u0165astn\u00fd, mo\u017en\u00e1 i tragikomick\u00fd, zejm\u00e9na v rozprav\u011b k bodu R2 ve spojen\u00ed s pumptrackem u Voly\u0148ky, v rozprav\u011b k informaci o zm\u011bn\u00e1ch v na\u0161\u00ed nemocnici nebo k informaci o pl\u00e1novan\u00e9m schodi\u0161ti a skluzavce v parku. Je evidentn\u00ed, \u017ee i pro zastupitele i \u00fa\u0159edn\u00edky plat\u00ed zn\u00e1m\u00e1 pravidla: t\u011b\u017eko na cvi\u010di\u0161ti &#8211; lehko na boji\u0161ti, pr\u00e1ce kvapn\u00e1 &#8211; m\u00e1lo platn\u00e1, p\u0159\u00edpadn\u011b i t\u0159ikr\u00e1t m\u011b\u0159 &#8211; jednou \u0159e\u017e.\u00a0<\/em><\/h6>\n<p>&nbsp;<\/p>\n<p><strong>Voly\u0148ka HOMOLKOV\u00c1<\/strong><\/p>\n<hr \/>\n<p>&nbsp;<\/p>\n","protected":false},"excerpt":{"rendered":"<p>&nbsp; ad <\/p>\n","protected":false},"author":2,"featured_media":296778,"comment_status":"open","ping_status":"open","sticky":false,"template":"","format":"gallery","meta":{"footnotes":""},"categories":[85,118],"tags":[],"jetpack_featured_media_url":"https:\/\/zakrasnejsivimperk.cz\/wp-content\/uploads\/2024\/02\/02\/glosar-040224.jpg","_links":{"self":[{"href":"https:\/\/zakrasnejsivimperk.cz\/index.php?rest_route=\/wp\/v2\/posts\/296777"}],"collection":[{"href":"https:\/\/zakrasnejsivimperk.cz\/index.php?rest_route=\/wp\/v2\/posts"}],"about":[{"href":"https:\/\/zakrasnejsivimperk.cz\/index.php?rest_route=\/wp\/v2\/types\/post"}],"author":[{"embeddable":true,"href":"https:\/\/zakrasnejsivimperk.cz\/index.php?rest_route=\/wp\/v2\/users\/2"}],"replies":[{"embeddable":true,"href":"https:\/\/zakrasnejsivimperk.cz\/index.php?rest_route=%2Fwp%2Fv2%2Fcomments&post=296777"}],"version-history":[{"count":1,"href":"https:\/\/zakrasnejsivimperk.cz\/index.php?rest_route=\/wp\/v2\/posts\/296777\/revisions"}],"predecessor-version":[{"id":296779,"href":"https:\/\/zakrasnejsivimperk.cz\/index.php?rest_route=\/wp\/v2\/posts\/296777\/revisions\/296779"}],"wp:featuredmedia":[{"embeddable":true,"href":"https:\/\/zakrasnejsivimperk.cz\/index.php?rest_route=\/wp\/v2\/media\/296778"}],"wp:attachment":[{"href":"https:\/\/zakrasnejsivimperk.cz\/index.php?rest_route=%2Fwp%2Fv2%2Fmedia&parent=296777"}],"wp:term":[{"taxonomy":"category","embeddable":true,"href":"https:\/\/zakrasnejsivimperk.cz\/index.php?rest_route=%2Fwp%2Fv2%2Fcategories&post=296777"},{"taxonomy":"post_tag","embeddable":true,"href":"https:\/\/zakrasnejsivimperk.cz\/index.php?rest_route=%2Fwp%2Fv2%2Ftags&post=296777"}],"curies":[{"name":"wp","href":"https:\/\/api.w.org\/{rel}","templated":true}]}}