{"id":296584,"date":"2024-02-04T14:16:11","date_gmt":"2024-02-04T13:16:11","guid":{"rendered":"https:\/\/zakrasnejsivimperk.cz\/?p=296584"},"modified":"2024-02-04T14:16:11","modified_gmt":"2024-02-04T13:16:11","slug":"nase-mesto-vimperk-zapis-ze-zasedani-mestske-rady-dne-29-ledna-2024","status":"publish","type":"post","link":"https:\/\/zakrasnejsivimperk.cz\/?p=296584","title":{"rendered":"NA\u0160E M\u011aSTO VIMPERK: Z\u00e1pis ze zased\u00e1n\u00ed m\u011bstsk\u00e9 rady \u2013 dne 29. ledna 2024"},"content":{"rendered":"<p><img loading=\"lazy\" decoding=\"async\" class=\"aligncenter wp-image-100721 size-full\" src=\"https:\/\/zakrasnejsivimperk.cz\/wp-content\/uploads\/2017\/06\/15\/dokumenty-2.jpg\" alt=\"\" width=\"960\" height=\"592\" srcset=\"https:\/\/zakrasnejsivimperk.cz\/wp-content\/uploads\/2017\/06\/15\/dokumenty-2.jpg 960w, https:\/\/zakrasnejsivimperk.cz\/wp-content\/uploads\/2017\/06\/15\/dokumenty-2-300x185.jpg 300w, https:\/\/zakrasnejsivimperk.cz\/wp-content\/uploads\/2017\/06\/15\/dokumenty-2-768x474.jpg 768w, https:\/\/zakrasnejsivimperk.cz\/wp-content\/uploads\/2017\/06\/15\/dokumenty-2-579x357.jpg 579w, https:\/\/zakrasnejsivimperk.cz\/wp-content\/uploads\/2017\/06\/15\/dokumenty-2-783x483.jpg 783w\" sizes=\"(max-width: 960px) 100vw, 960px\" \/><\/p>\n<p>&nbsp;<\/p>\n<h6>Rada m\u011bsta Vimperk na sv\u00e9m zased\u00e1n\u00ed 29. ledna 2024 krom\u011b jin\u00e9ho projednala a schv\u00e1lila <em>(p\u0159in\u00e1\u0161\u00edme doslovn\u00fd p\u0159epis n\u011bkter\u00fdch usnesen\u00ed bez redak\u010dn\u00ed \u00fapravy)<\/em>:<\/h6>\n<p>&nbsp;<\/p>\n<p><strong>Usnesen\u00ed \u010d. 116<\/strong><br \/>\nRada m\u011bsta rozhodla p\u0159id\u011blit dotaci ve v\u00fd\u0161i 7.000 K\u010d spolku TJ \u0160UMAVAN VIMPERK z. s., 1. m\u00e1je 321, Vimperk na \u00fahradu n\u00e1klad\u016f p\u0159i po\u0159\u00e1d\u00e1n\u00ed dom\u00e1c\u00edch turnaj\u016f v r\u00e1mci 29. kola Region\u00e1ln\u00ed ligy mu\u017e\u016f ve florbalu, kter\u00e9 se konaly ve dnech 13.01.2024 a 02.03.2024 v Ka\u0161persk\u00fdch Hor\u00e1ch. Dotace bude poskytnuta z kapitoly rady m\u011bsta. Rada m\u011bsta po\u017eaduje p\u0159edlo\u017eit vy\u00fa\u010dtov\u00e1n\u00ed dotace do 31.05.2024.<\/p>\n<p>&nbsp;<\/p>\n<p><strong>Usnesen\u00ed \u010d. 118<\/strong><br \/>\nRada m\u011bsta rozhodla p\u0159id\u011blit dotaci ve v\u00fd\u0161i 10.000 K\u010d spolku Ski klubu \u0160umava z. s., 1. m\u00e1je 182\/16, 385 01 Vimperk na \u00fahradu n\u00e1klad\u016f p\u0159i po\u0159\u00e1d\u00e1n\u00ed \u010cesk\u00e9ho poh\u00e1ru \u017eactva v b\u011bhu na ly\u017e\u00edch, kter\u00fd se konal ve dnech 20.01.2024 a 21.01.2024 ve sportovn\u00edm are\u00e1lu na Vodn\u00edku. Dotace bude poskytnuta z kapitoly rady m\u011bsta. Rada m\u011bsta po\u017eaduje p\u0159edlo\u017eit vy\u00fa\u010dtov\u00e1n\u00ed dotace do 30.04.2024.<\/p>\n<p>&nbsp;<\/p>\n<p><strong>Usnesen\u00ed \u010d. 119<\/strong><br \/>\nRada m\u011bsta rozhodla p\u0159id\u011blit dotaci ve v\u00fd\u0161i 20.000 K\u010d Okresn\u00edmu sdru\u017een\u00ed \u010cUS Prachatice, z. s., U Stadionu 270, 383 01 Prachatice na \u010d\u00e1ste\u010dnou \u00fahradu n\u00e1klad\u016f spojen\u00fdch s po\u0159\u00e1d\u00e1n\u00edm akce \u201eSportovec okresu Prachatice za rok 2023\u201c. Slavnostn\u00ed vyhl\u00e1\u0161en\u00ed sportovce roku se bude konat dne 28.02.2024 v Prachatic\u00edch. Dotace bude poskytnuta z kapitoly rady m\u011bsta. Rada m\u011bsta po\u017eaduje p\u0159edlo\u017eit vy\u00fa\u010dtov\u00e1n\u00ed dotace do 31.05.2024.<\/p>\n<p>&nbsp;<\/p>\n<p><strong>Usnesen\u00ed \u010d. 139<\/strong><br \/>\nRada m\u011bsta na z\u00e1klad\u011b p\u0159edlo\u017een\u00e9 zpr\u00e1vy o hodnocen\u00ed nab\u00eddek pro ve\u0159ejnou zak\u00e1zku na stavebn\u00ed pr\u00e1ce v souladu se z\u00e1konem \u010d. 134\/2016 Sb., o zad\u00e1v\u00e1n\u00ed ve\u0159ejn\u00fdch zak\u00e1zek, ve zn\u011bn\u00ed pozd\u011bj\u0161\u00edch p\u0159edpis\u016f na akci \u201eVimperk, rekonstrukce ulice 1. m\u00e1je \u2013 II. etapa\u201c rozhodla vybrat dodavatele STRABAG Silnice a. s., Ka\u010d\u00edrkova 982\/4, Jinonice, 158 00 Praha, I\u010c 545359041, kter\u00fd podal nejv\u00fdhodn\u011bj\u0161\u00ed nab\u00eddku.<\/p>\n<p>&nbsp;<\/p>\n<p><strong>Usnesen\u00ed \u010d. 141<\/strong><br \/>\nRada m\u011bsta stanovila \u010d\u00e1stku pro hodinovou sazbu za opravu a \u00fadr\u017ebu ve\u0159ejn\u00e9ho osv\u011btlen\u00ed pro rok 2024 ve v\u00fd\u0161i 252 K\u010d\/hodina.<\/p>\n<p>&nbsp;<\/p>\n<p>&nbsp;<\/p>\n<p><strong>Zdroj: M\u011aSTO VIMPERK<\/strong><\/p>\n<p>&nbsp;<\/p>\n<p><strong>(red)<\/strong><\/p>\n<p>Ilustra\u010dn\u00ed foto: archiv (red) \u2013 Za kr\u00e1sn\u011bj\u0161\u00ed Vimperk<\/p>\n<h6><a href=\"https:\/\/www.vimperk.cz\/zapisy-ze-zasedani-rady\/ds-1128\/p1=9521\" target=\"_blank\" rel=\"noopener\">Cel\u00fd z\u00e1pis z jedn\u00e1n\u00ed<\/a><\/h6>\n<hr \/>\n<p>&nbsp;<\/p>\n<p>&nbsp;<\/p>\n","protected":false},"excerpt":{"rendered":"<p>&nbsp; Rada <\/p>\n","protected":false},"author":2,"featured_media":100721,"comment_status":"open","ping_status":"open","sticky":false,"template":"","format":"gallery","meta":{"footnotes":""},"categories":[115],"tags":[],"jetpack_featured_media_url":"https:\/\/zakrasnejsivimperk.cz\/wp-content\/uploads\/2017\/06\/15\/dokumenty-2.jpg","_links":{"self":[{"href":"https:\/\/zakrasnejsivimperk.cz\/index.php?rest_route=\/wp\/v2\/posts\/296584"}],"collection":[{"href":"https:\/\/zakrasnejsivimperk.cz\/index.php?rest_route=\/wp\/v2\/posts"}],"about":[{"href":"https:\/\/zakrasnejsivimperk.cz\/index.php?rest_route=\/wp\/v2\/types\/post"}],"author":[{"embeddable":true,"href":"https:\/\/zakrasnejsivimperk.cz\/index.php?rest_route=\/wp\/v2\/users\/2"}],"replies":[{"embeddable":true,"href":"https:\/\/zakrasnejsivimperk.cz\/index.php?rest_route=%2Fwp%2Fv2%2Fcomments&post=296584"}],"version-history":[{"count":1,"href":"https:\/\/zakrasnejsivimperk.cz\/index.php?rest_route=\/wp\/v2\/posts\/296584\/revisions"}],"predecessor-version":[{"id":296585,"href":"https:\/\/zakrasnejsivimperk.cz\/index.php?rest_route=\/wp\/v2\/posts\/296584\/revisions\/296585"}],"wp:featuredmedia":[{"embeddable":true,"href":"https:\/\/zakrasnejsivimperk.cz\/index.php?rest_route=\/wp\/v2\/media\/100721"}],"wp:attachment":[{"href":"https:\/\/zakrasnejsivimperk.cz\/index.php?rest_route=%2Fwp%2Fv2%2Fmedia&parent=296584"}],"wp:term":[{"taxonomy":"category","embeddable":true,"href":"https:\/\/zakrasnejsivimperk.cz\/index.php?rest_route=%2Fwp%2Fv2%2Fcategories&post=296584"},{"taxonomy":"post_tag","embeddable":true,"href":"https:\/\/zakrasnejsivimperk.cz\/index.php?rest_route=%2Fwp%2Fv2%2Ftags&post=296584"}],"curies":[{"name":"wp","href":"https:\/\/api.w.org\/{rel}","templated":true}]}}