{"id":296564,"date":"2024-02-16T23:00:30","date_gmt":"2024-02-16T22:00:30","guid":{"rendered":"https:\/\/zakrasnejsivimperk.cz\/?p=296564"},"modified":"2024-02-20T14:52:20","modified_gmt":"2024-02-20T13:52:20","slug":"nase-mesto-vimperk-glosa-15-unora-2024","status":"publish","type":"post","link":"https:\/\/zakrasnejsivimperk.cz\/?p=296564","title":{"rendered":"NA\u0160E M\u011aSTO VIMPERK: Glosa &#8211; 15. \u00fanora 2024"},"content":{"rendered":"<p><img loading=\"lazy\" decoding=\"async\" class=\"aligncenter wp-image-296960 size-full\" src=\"https:\/\/zakrasnejsivimperk.cz\/wp-content\/uploads\/2024\/01\/31\/glosa-schody-kratka.jpg\" alt=\"\" width=\"923\" height=\"1100\" srcset=\"https:\/\/zakrasnejsivimperk.cz\/wp-content\/uploads\/2024\/01\/31\/glosa-schody-kratka.jpg 923w, https:\/\/zakrasnejsivimperk.cz\/wp-content\/uploads\/2024\/01\/31\/glosa-schody-kratka-252x300.jpg 252w, https:\/\/zakrasnejsivimperk.cz\/wp-content\/uploads\/2024\/01\/31\/glosa-schody-kratka-859x1024.jpg 859w, https:\/\/zakrasnejsivimperk.cz\/wp-content\/uploads\/2024\/01\/31\/glosa-schody-kratka-768x915.jpg 768w, https:\/\/zakrasnejsivimperk.cz\/wp-content\/uploads\/2024\/01\/31\/glosa-schody-kratka-300x357.jpg 300w, https:\/\/zakrasnejsivimperk.cz\/wp-content\/uploads\/2024\/01\/31\/glosa-schody-kratka-405x483.jpg 405w\" sizes=\"(max-width: 923px) 100vw, 923px\" \/><\/p>\n<p style=\"text-align: center;\"><strong>Autor: Zden\u011bk JUNGVIRT<\/strong><\/p>\n<hr \/>\n<p>&nbsp;<\/p>\n<h6>Informujeme:<\/h6>\n<h4><a href=\"https:\/\/zakrasnejsivimperk.cz\/?p=296809\" target=\"_blank\" rel=\"noopener\">NA\u0160E M\u011aSTO VIMPERK: Schody na teras\u00e1ch pod Kr\u00e1tkou ulic\u00ed<\/a><\/h4>\n<hr \/>\n<p>&nbsp;<\/p>\n","protected":false},"excerpt":{"rendered":"<p>Autor: Zden\u011bk <\/p>\n","protected":false},"author":2,"featured_media":296960,"comment_status":"open","ping_status":"open","sticky":false,"template":"","format":"gallery","meta":{"footnotes":""},"categories":[85,119],"tags":[],"jetpack_featured_media_url":"https:\/\/zakrasnejsivimperk.cz\/wp-content\/uploads\/2024\/01\/31\/glosa-schody-kratka.jpg","_links":{"self":[{"href":"https:\/\/zakrasnejsivimperk.cz\/index.php?rest_route=\/wp\/v2\/posts\/296564"}],"collection":[{"href":"https:\/\/zakrasnejsivimperk.cz\/index.php?rest_route=\/wp\/v2\/posts"}],"about":[{"href":"https:\/\/zakrasnejsivimperk.cz\/index.php?rest_route=\/wp\/v2\/types\/post"}],"author":[{"embeddable":true,"href":"https:\/\/zakrasnejsivimperk.cz\/index.php?rest_route=\/wp\/v2\/users\/2"}],"replies":[{"embeddable":true,"href":"https:\/\/zakrasnejsivimperk.cz\/index.php?rest_route=%2Fwp%2Fv2%2Fcomments&post=296564"}],"version-history":[{"count":4,"href":"https:\/\/zakrasnejsivimperk.cz\/index.php?rest_route=\/wp\/v2\/posts\/296564\/revisions"}],"predecessor-version":[{"id":297875,"href":"https:\/\/zakrasnejsivimperk.cz\/index.php?rest_route=\/wp\/v2\/posts\/296564\/revisions\/297875"}],"wp:featuredmedia":[{"embeddable":true,"href":"https:\/\/zakrasnejsivimperk.cz\/index.php?rest_route=\/wp\/v2\/media\/296960"}],"wp:attachment":[{"href":"https:\/\/zakrasnejsivimperk.cz\/index.php?rest_route=%2Fwp%2Fv2%2Fmedia&parent=296564"}],"wp:term":[{"taxonomy":"category","embeddable":true,"href":"https:\/\/zakrasnejsivimperk.cz\/index.php?rest_route=%2Fwp%2Fv2%2Fcategories&post=296564"},{"taxonomy":"post_tag","embeddable":true,"href":"https:\/\/zakrasnejsivimperk.cz\/index.php?rest_route=%2Fwp%2Fv2%2Ftags&post=296564"}],"curies":[{"name":"wp","href":"https:\/\/api.w.org\/{rel}","templated":true}]}}