{"id":296227,"date":"2024-01-28T14:40:05","date_gmt":"2024-01-28T13:40:05","guid":{"rendered":"https:\/\/zakrasnejsivimperk.cz\/?p=296227"},"modified":"2024-01-28T14:40:05","modified_gmt":"2024-01-28T13:40:05","slug":"cesky-hydrometeorologicky-ustav-vyvoj-situace-a-predpoved-pocasi-pro-ceskou-republiku-do-5-unora-2","status":"publish","type":"post","link":"https:\/\/zakrasnejsivimperk.cz\/?p=296227","title":{"rendered":"\u010cESK\u00dd HYDROMETEOROLOGICK\u00dd \u00daSTAV: V\u00fdvoj situace a p\u0159edpov\u011b\u010f po\u010das\u00ed pro \u010ceskou republiku do 5. \u00fanora"},"content":{"rendered":"<figure id=\"attachment_296228\" aria-describedby=\"caption-attachment-296228\" style=\"width: 1280px\" class=\"wp-caption alignnone\"><img loading=\"lazy\" decoding=\"async\" class=\"wp-image-296228 size-full\" src=\"https:\/\/zakrasnejsivimperk.cz\/wp-content\/uploads\/2024\/01\/28\/zima-pocasi-pixabay-7.jpg\" alt=\"\" width=\"1280\" height=\"854\" srcset=\"https:\/\/zakrasnejsivimperk.cz\/wp-content\/uploads\/2024\/01\/28\/zima-pocasi-pixabay-7.jpg 1280w, https:\/\/zakrasnejsivimperk.cz\/wp-content\/uploads\/2024\/01\/28\/zima-pocasi-pixabay-7-300x200.jpg 300w, https:\/\/zakrasnejsivimperk.cz\/wp-content\/uploads\/2024\/01\/28\/zima-pocasi-pixabay-7-1024x683.jpg 1024w, https:\/\/zakrasnejsivimperk.cz\/wp-content\/uploads\/2024\/01\/28\/zima-pocasi-pixabay-7-768x512.jpg 768w, https:\/\/zakrasnejsivimperk.cz\/wp-content\/uploads\/2024\/01\/28\/zima-pocasi-pixabay-7-535x357.jpg 535w, https:\/\/zakrasnejsivimperk.cz\/wp-content\/uploads\/2024\/01\/28\/zima-pocasi-pixabay-7-724x483.jpg 724w\" sizes=\"(max-width: 1280px) 100vw, 1280px\" \/><figcaption id=\"caption-attachment-296228\" class=\"wp-caption-text\">Ilustra\u010dn\u00ed foto: pixabay<\/figcaption><\/figure>\n<hr \/>\n<p>&nbsp;<\/p>\n<h6 class=\"textik1\">Situace: Na po\u010d\u00e1tku p\u0159\u00ed\u0161t\u00edho t\u00fddne k\u00a0n\u00e1m bude kolem tlakov\u00e9 v\u00fd\u0161e nad v\u00fdchodn\u00ed a jihov\u00fdchodn\u00ed Evropou proudit tepl\u00fd vzduch od jihoz\u00e1padu, zejm\u00e9na ve vy\u0161\u0161\u00edch vrstv\u00e1ch atmosf\u00e9ry. Ve st\u0159edu p\u0159echodn\u011b ovlivn\u00ed po\u010das\u00ed u n\u00e1s\u00a0slab\u00e1 studen\u00e1 fronta od z\u00e1padu. Ve \u010dtvrtek\u00a0postoup\u00ed od severoz\u00e1padu do st\u0159edn\u00ed Evropy front\u00e1ln\u00ed syst\u00e9m. V\u00a0dal\u0161\u00edch dnech budou mezi tlakovou v\u00fd\u0161\u00ed nad jihoz\u00e1padn\u00ed Evropou a tlakovou n\u00ed\u017e\u00ed nad severn\u00ed Evropou p\u0159ech\u00e1zet p\u0159es\u00a0st\u0159edn\u00ed Evropu front\u00e1ln\u00ed syst\u00e9my od z\u00e1padu a\u017e severoz\u00e1padu, kter\u00e9 ovlivn\u00ed zejm\u00e9na sever na\u0161eho \u00fazem\u00ed.<\/h6>\n<p>&nbsp;<\/p>\n<h6 class=\"textik1\" data-wp-editing=\"1\"><img loading=\"lazy\" decoding=\"async\" class=\"alignright wp-image-191184\" src=\"https:\/\/zakrasnejsivimperk.cz\/wp-content\/uploads\/2020\/05\/07\/\u010dhm\u00fa-logo-nov\u00e9-300x123.jpg\" alt=\"\" width=\"400\" height=\"164\" srcset=\"https:\/\/zakrasnejsivimperk.cz\/wp-content\/uploads\/2020\/05\/07\/\u010dhm\u00fa-logo-nov\u00e9-300x123.jpg 300w, https:\/\/zakrasnejsivimperk.cz\/wp-content\/uploads\/2020\/05\/07\/\u010dhm\u00fa-logo-nov\u00e9-768x316.jpg 768w, https:\/\/zakrasnejsivimperk.cz\/wp-content\/uploads\/2020\/05\/07\/\u010dhm\u00fa-logo-nov\u00e9.jpg 861w\" sizes=\"(max-width: 400px) 100vw, 400px\" \/>P\u0159edpov\u011b\u010f na pond\u011bl\u00ed 29. ledna:<\/h6>\n<p class=\"textik2\">Jasno a\u017e polojasno. M\u00edsty, b\u011bhem dne jen ojedin\u011ble n\u00edzk\u00e1 obla\u010dnost nebo mlhy, i mrznouc\u00ed, zejm\u00e9na na Morav\u011b a na severoz\u00e1pad\u011b \u010cech. Nejni\u017e\u0161\u00ed no\u010dn\u00ed teploty -1 a\u017e -5\u00a0\u00b0C, na Fr\u00fddlantsku kolem +1\u00a0\u00b0C. Nejvy\u0161\u0161\u00ed denn\u00ed teploty 3 a\u017e 7\u00a0\u00b0C, p\u0159i d\u00e9letrvaj\u00edc\u00ed n\u00edzk\u00e9 obla\u010dnosti kolem 1\u00a0\u00b0C, v\u00a0Po\u0161umav\u00ed, na Fr\u00fddlantsku a Jesenicku a\u017e 11\u00a0\u00b0C, v\u00a01000 m na hor\u00e1ch kolem 3\u00a0\u00b0C, na \u0160umav\u011b a\u017e 8\u00a0\u00b0C. Slab\u00fd prom\u011bnliv\u00fd v\u00edtr 1 a\u017e 4 m\/s, na \u010ceskomoravsk\u00e9 vrchovin\u011b, na severu a severov\u00fdchod\u011b postupn\u011b m\u00edrn\u00fd jihov\u00fdchodn\u00ed a\u017e ji\u017en\u00ed 3 a\u017e 7 m\/s.<\/p>\n<p class=\"textik1\"><strong>KOMENT\u00c1\u0158 METEOROLOGA:<\/strong> <em>V\u00a0noci a r\u00e1no se bude zejm\u00e9na na Morav\u011b a na severoz\u00e1pad\u011b \u010cech m\u00edsty tvo\u0159it n\u00e1mraza.<\/em><\/p>\n<p>&nbsp;<\/p>\n<h6 class=\"textik1\">P\u0159edpov\u011b\u010f na \u00fater\u00fd 30. ledna:<\/h6>\n<p class=\"textik2\">Jasno a\u017e polojasno, m\u00edsty n\u00edzk\u00e1 obla\u010dnost nebo mlhy, v\u00a0noci a r\u00e1no i mrznouc\u00ed. Nejni\u017e\u0161\u00ed no\u010dn\u00ed teploty +2 a\u017e -2\u00a0\u00b0C, v\u00a0\u00fadol\u00edch a\u017e -5\u00a0\u00b0C. Nejvy\u0161\u0161\u00ed denn\u00ed teploty 1 a\u017e 5\u00a0\u00b0C, v\u00a0Po\u0161umav\u00ed, na Fr\u00fddlantsku a Jesenicku kolem 8\u00a0\u00b0C. Slab\u00fd ji\u017en\u00ed a\u017e jihov\u00fdchodn\u00ed v\u00edtr 1 a\u017e 4 m\/s, na Morav\u011b a m\u00edsty na severu m\u00edrn\u00fd 3 a\u017e 7 m\/s\u00a0s\u00a0n\u00e1razy kolem 15 m\/s.<\/p>\n<p>&nbsp;<\/p>\n<h6 class=\"textik1\">P\u0159edpov\u011b\u010f na st\u0159edu 31. ledna:<\/h6>\n<p class=\"textik2\">Obla\u010dno a\u017e polojasno, od z\u00e1padu p\u0159echodn\u011b a\u017e zata\u017eeno a ojedin\u011ble p\u0159eh\u00e1\u0148ky. Zpo\u010d\u00e1tku m\u00edsty n\u00edzk\u00e1 obla\u010dnost nebo mlhy, v\u00a0noci a r\u00e1no i mrznouc\u00ed. Nejni\u017e\u0161\u00ed no\u010dn\u00ed teploty +2 a\u017e -2\u00a0\u00b0C, v\u00a0\u00fadol\u00edch a\u017e -5\u00a0\u00b0C. Nejvy\u0161\u0161\u00ed denn\u00ed teploty 4 a\u017e 8\u00a0\u00b0C, p\u0159i d\u00e9letrvaj\u00edc\u00ed mlze nebo n\u00edzk\u00e9 obla\u010dnosti kolem 2\u00a0\u00b0C. Slab\u00fd ji\u017en\u00ed a\u017e jihoz\u00e1padn\u00ed v\u00edtr 1 a\u017e 4 m\/s, na severu a severov\u00fdchod\u011b zpo\u010d\u00e1tku m\u00edsty m\u00edrn\u00fd 3 a\u017e 7 m\/s\u00a0s\u00a0n\u00e1razy kolem 15 m\/s.<\/p>\n<p>&nbsp;<\/p>\n<h6 class=\"textik1\">P\u0159edpov\u011b\u010f na \u010dtvrtek 1. \u00fanora:<\/h6>\n<p class=\"textik2\">Obla\u010dno a\u017e zata\u017eeno, ojedin\u011ble, od severoz\u00e1padu na v\u011bt\u0161in\u011b \u00fazem\u00ed ob\u010dasn\u00fd d\u00e9\u0161\u0165 nebo p\u0159eh\u00e1\u0148ky. V\u011bt\u0161inou v\u00a0poloh\u00e1ch nad 800 m sr\u00e1\u017eky sm\u00ed\u0161en\u00e9 nebo sn\u011bhov\u00e9. Nejni\u017e\u0161\u00ed no\u010dn\u00ed teploty +3 a\u017e -1\u00a0\u00b0C, na v\u00fdchod\u011b a\u017e -3\u00a0\u00b0C. Nejvy\u0161\u0161\u00ed denn\u00ed teploty 5 a\u017e 9\u00a0\u00b0C. Slab\u00fd, postupn\u011b m\u00edrn\u00fd jihoz\u00e1padn\u00ed a\u017e z\u00e1padn\u00ed v\u00edtr 3 a\u017e 7 m\/s.<\/p>\n<p>&nbsp;<\/p>\n<h6 class=\"textik1\">P\u0159edpov\u011b\u010f na p\u00e1tek 2. \u00fanora:<\/h6>\n<p class=\"textik2\">Zata\u017eeno a\u017e obla\u010dno, na v\u011bt\u0161in\u011b \u00fazem\u00ed, postupn\u011b m\u00edsty ob\u010dasn\u00fd d\u00e9\u0161\u0165, zpo\u010d\u00e1tku nad 900 m sr\u00e1\u017eky sm\u00ed\u0161en\u00e9 nebo sn\u011bhov\u00e9. Nejni\u017e\u0161\u00ed no\u010dn\u00ed teploty 6 a\u017e 2\u00a0\u00b0C. Nejvy\u0161\u0161\u00ed denn\u00ed teploty 7 a\u017e 11\u00a0\u00b0C. M\u00edrn\u00fd z\u00e1padn\u00ed a\u017e severoz\u00e1padn\u00ed v\u00edtr 3 a\u017e 7 m\/s, zejm\u00e9na v\u00a0\u010cech\u00e1ch m\u00edsty s\u00a0n\u00e1razy kolem 15 m\/s.<\/p>\n<p>&nbsp;<\/p>\n<h6 class=\"textik1\">Vyhl\u00eddka po\u010das\u00ed od soboty 3. \u00fanora do pond\u011bl\u00ed 5. \u00fanora:<\/h6>\n<p class=\"textik2\">Obla\u010dno a\u017e zata\u017eeno, p\u0159echodn\u011b i polojasno, p\u0159edev\u0161\u00edm na jihu \u00fazem\u00ed. M\u00edsty ob\u010dasn\u00fd d\u00e9\u0161\u0165 nebo p\u0159eh\u00e1\u0148ky, zejm\u00e9na na severu \u00fazem\u00ed. Na hor\u00e1ch i sr\u00e1\u017eky sm\u00ed\u0161en\u00e9 nebo sn\u011bhov\u00e9. Nejni\u017e\u0161\u00ed no\u010dn\u00ed teploty 7 a\u017e 2\u00a0\u00b0C, p\u0159i zmen\u0161en\u00e9 obla\u010dnosti ojedin\u011ble a\u017e 0\u00a0\u00b0C. Nejvy\u0161\u0161\u00ed denn\u00ed teploty 7 a\u017e 12\u00a0\u00b0C.<\/p>\n<p>&nbsp;<\/p>\n<p>&nbsp;<\/p>\n<p><a href=\"https:\/\/www.chmi.cz\/\" target=\"_blank\" rel=\"noopener\"><strong>\u010cESK\u00dd HYDROMETEOROLOGICK\u00dd \u00daSTAV<\/strong><\/a><\/p>\n<p>&nbsp;<\/p>\n<h4><a href=\"https:\/\/zakrasnejsivimperk.cz\/?p=231510\" target=\"_blank\" rel=\"noopener\">V\u00fdstrahy \u010cesk\u00e9ho hydrometeorologick\u00e9ho \u00fastavu pro regiony a m\u011bsta najdete ZDE<\/a><\/h4>\n<hr \/>\n<p>&nbsp;<\/p>\n<p>&nbsp;<\/p>\n","protected":false},"excerpt":{"rendered":"<p>&nbsp; Situace: <\/p>\n","protected":false},"author":2,"featured_media":296229,"comment_status":"open","ping_status":"open","sticky":false,"template":"","format":"gallery","meta":{"footnotes":""},"categories":[110],"tags":[],"jetpack_featured_media_url":"https:\/\/zakrasnejsivimperk.cz\/wp-content\/uploads\/2024\/01\/28\/ram-pocasi.jpg","_links":{"self":[{"href":"https:\/\/zakrasnejsivimperk.cz\/index.php?rest_route=\/wp\/v2\/posts\/296227"}],"collection":[{"href":"https:\/\/zakrasnejsivimperk.cz\/index.php?rest_route=\/wp\/v2\/posts"}],"about":[{"href":"https:\/\/zakrasnejsivimperk.cz\/index.php?rest_route=\/wp\/v2\/types\/post"}],"author":[{"embeddable":true,"href":"https:\/\/zakrasnejsivimperk.cz\/index.php?rest_route=\/wp\/v2\/users\/2"}],"replies":[{"embeddable":true,"href":"https:\/\/zakrasnejsivimperk.cz\/index.php?rest_route=%2Fwp%2Fv2%2Fcomments&post=296227"}],"version-history":[{"count":1,"href":"https:\/\/zakrasnejsivimperk.cz\/index.php?rest_route=\/wp\/v2\/posts\/296227\/revisions"}],"predecessor-version":[{"id":296230,"href":"https:\/\/zakrasnejsivimperk.cz\/index.php?rest_route=\/wp\/v2\/posts\/296227\/revisions\/296230"}],"wp:featuredmedia":[{"embeddable":true,"href":"https:\/\/zakrasnejsivimperk.cz\/index.php?rest_route=\/wp\/v2\/media\/296229"}],"wp:attachment":[{"href":"https:\/\/zakrasnejsivimperk.cz\/index.php?rest_route=%2Fwp%2Fv2%2Fmedia&parent=296227"}],"wp:term":[{"taxonomy":"category","embeddable":true,"href":"https:\/\/zakrasnejsivimperk.cz\/index.php?rest_route=%2Fwp%2Fv2%2Fcategories&post=296227"},{"taxonomy":"post_tag","embeddable":true,"href":"https:\/\/zakrasnejsivimperk.cz\/index.php?rest_route=%2Fwp%2Fv2%2Ftags&post=296227"}],"curies":[{"name":"wp","href":"https:\/\/api.w.org\/{rel}","templated":true}]}}