{"id":296162,"date":"2024-01-27T16:18:21","date_gmt":"2024-01-27T15:18:21","guid":{"rendered":"https:\/\/zakrasnejsivimperk.cz\/?p=296162"},"modified":"2024-01-29T16:13:53","modified_gmt":"2024-01-29T15:13:53","slug":"jaroslav-stefec-sestreleni-letadla-se-zajatci-proto-podle-me-neni-nahoda-pravdepodobne-se-jednalo-o-operaci-pod-taktovkou-britskych-zpravodajskych-sluzeb-s-cilem-zajistit-dalsi-pokracovani-valky","status":"publish","type":"post","link":"https:\/\/zakrasnejsivimperk.cz\/?p=296162","title":{"rendered":"JAROSLAV \u0160TEFEC: Sest\u0159elen\u00ed letadla se zajatci proto podle m\u011b nen\u00ed n\u00e1hoda. Pravd\u011bpodobn\u011b se jednalo o operaci pod taktovkou britsk\u00fdch zpravodajsk\u00fdch slu\u017eeb s c\u00edlem zajistit dal\u0161\u00ed pokra\u010dov\u00e1n\u00ed v\u00e1lky."},"content":{"rendered":"<h6>Ukrajinc\u016fm se povedl dal\u0161\u00ed doslova husarsk\u00fd kousek. Pravd\u011bpodobn\u011b pomoc\u00ed americk\u00e9ho syst\u00e9mu Patriot sest\u0159elili nad \u00fazem\u00edm Rusk\u00e9 federace nedaleko B\u011blgorodu p\u0159ist\u00e1vaj\u00edc\u00ed t\u011b\u017ek\u00fd vojensk\u00fd dopravn\u00ed letoun Il-76. Na jeho palub\u011b bylo celkem p\u011btasedmdes\u00e1t lid\u00ed, nikdo nep\u0159e\u017eil. Zd\u00e1nliv\u00e1 kapi\u010dka v mo\u0159i krve, tekouc\u00ed denn\u011b po ukrajinsk\u00e9 zemi. Paradoxem je, \u017ee p\u011bta\u0161edes\u00e1t mrtv\u00fdch pat\u0159ilo k ukrajinsk\u00fdm v\u00e1le\u010dn\u00fdm zajatc\u016fm, kte\u0159\u00ed m\u011bli b\u00fdt vym\u011bn\u011bni za rusk\u00e9 voj\u00e1ky, zajat\u00e9 ukrajinskou arm\u00e1dou.<\/h6>\n<p><img loading=\"lazy\" decoding=\"async\" class=\"size-medium wp-image-273661 alignright\" src=\"https:\/\/zakrasnejsivimperk.cz\/wp-content\/uploads\/2023\/02\/22\/jaroslav-stefec-243x300.png\" alt=\"\" width=\"243\" height=\"300\" srcset=\"https:\/\/zakrasnejsivimperk.cz\/wp-content\/uploads\/2023\/02\/22\/jaroslav-stefec-243x300.png 243w, https:\/\/zakrasnejsivimperk.cz\/wp-content\/uploads\/2023\/02\/22\/jaroslav-stefec-290x357.png 290w, https:\/\/zakrasnejsivimperk.cz\/wp-content\/uploads\/2023\/02\/22\/jaroslav-stefec.png 292w\" sizes=\"(max-width: 243px) 100vw, 243px\" \/>Podle rusk\u00e9 strany zajatce p\u0159epravovala dv\u011b letadla, po sest\u0159elen\u00ed prvn\u00edho stroje byl druh\u00fd letoun odklon\u011bn na jin\u00e9 leti\u0161t\u011b. Ukrajinsk\u00e1 strana po po\u010d\u00e1te\u010dn\u00edm nad\u0161en\u00ed ze sest\u0159elu rychle \u201evychladla\u201c a pozd\u011bji odpoledne u\u017e jen potvrdila, \u017ee pl\u00e1novan\u00e1 v\u00fdm\u011bna zajatc\u016f v dohodnut\u00e9m \u010dase neprob\u011bhla. Oslavn\u00e9 titulky o sest\u0159elen\u00ed Il-76 nahradil neutr\u00e1ln\u00ed \u201ep\u00e1d letadla u B\u011blgorodu\u201c. O pouh\u00fd den pozd\u011bji u\u017e Zelenskij po\u017eaduje, aby \u201eprob\u011bhlo mezin\u00e1rodn\u00ed vy\u0161et\u0159ov\u00e1n\u00ed p\u00e1du letadla\u201c. Ch\u00e1pu to, reminiscence na \u201evy\u0161et\u0159ov\u00e1n\u00ed\u201c letu MH17 je st\u00e1le \u017eiv\u00e1. U\u017e jsem se ostatn\u011b do\u010detl, \u017ee povinnost\u00ed Ruska bylo ty rakety sest\u0159elit, nebo \u017ee l\u017ee o zajatc\u00edch na palub\u011b.<\/p>\n<p>V\u00e1lka na Ukrajin\u011b, krmen\u00e1 z\u00e1padn\u00edmi zbran\u011bmi a pen\u011bzi, si vy\u017e\u00e1dala dal\u0161\u00edch sedmdes\u00e1t p\u011bt lidsk\u00fdch \u017eivot\u016f. K \u00fatoku na letoun podle Moskvy do\u0161lo i p\u0159es to, \u017ee v\u00fdm\u011bna zajatc\u016f byla vyjedn\u00e1na a lety byly ukrajinsk\u00e9 stran\u011b ozn\u00e1meny. Nem\u00e1m d\u016fvod tomu nev\u011b\u0159it a nediv\u00edm se, \u017ee Moskva vin\u00ed kyjevsk\u00fd re\u017eim z \u00famysln\u00e9ho sest\u0159elen\u00ed letadla. Pro\u010d by to ale Kyjev d\u011blal?<\/p>\n<p>V\u00e1lku na Ukrajin\u011b ovliv\u0148uj\u00ed krom\u011b Rusk\u00e9 federace u\u017e jen dva dal\u0161\u00ed akt\u00e9\u0159i \u2013 Velk\u00e1 Brit\u00e1nie a USA. Jejich aktu\u00e1ln\u00ed z\u00e1jmy se ale dost v\u00fdrazn\u011b li\u0161\u00ed, a\u010dkoliv maj\u00ed spole\u010dn\u00fd c\u00edl \u2013 co nejv\u00edce oslabit a po\u0161kodit Rusko, samoz\u0159ejm\u011b bez sebemen\u0161\u00edho ohledu na ztr\u00e1ty a \u0161kody, kter\u00e9 utrp\u00ed Ukrajina a jej\u00ed obyvatel\u00e9. Brit\u016fm vyhovuje v\u00e1lka na Ukrajin\u011b jako takov\u00e1. Po Brexitu se EU stala britsk\u00fdm konkurentem, kter\u00e9ho v\u00e1lka na Ukrajin\u011b oslabuje ekonomicky, politicky i vojensky, bez ohledu na to, kdo m\u00e1 navrch. \u010c\u00edm d\u00e9le tedy bude trvat, t\u00edm l\u00e9pe pro Brit\u00e1nii.<\/p>\n<p>Naproti tomu USA maj\u00ed v sou\u010dasn\u00e9 dob\u011b z\u00e1jem konflikt na Ukrajin\u011b co nejd\u0159\u00edve ukon\u010dit. Samoz\u0159ejm\u011b jim, stejn\u011b jako Brit\u016fm, nen\u00ed proti mysli ani oslaben\u00ed, p\u0159\u00edpadn\u011b (jako bonus) i rozpad Ruska, ani likvidace EU jako ekonomick\u00e9ho konkurenta. Stejn\u011b tak jim v\u016fbec nez\u00e1le\u017e\u00ed na osudu Ukrajinc\u016f a Ukrajinu, nebo to, co z n\u00ed zbude, vn\u00edmaj\u00ed jen jako zdroj budouc\u00edch p\u0159\u00edjm\u016f a prost\u0159edek kontinu\u00e1ln\u00edho vojensk\u00e9ho tlaku na Rusko. Kl\u00ed\u010dovou roli v tom ale hraje prezident Biden a snahy o jeho znovuzvolen\u00ed.<\/p>\n<p>V posledn\u00ed dob\u011b proto kroky administrativy USA, zam\u011b\u0159en\u00e9 na urychlen\u00e9 ukon\u010den\u00ed konfliktu, za\u010d\u00ednaj\u00ed \u201ep\u0159etla\u010dovat\u201c britsk\u00e9 snahy o jeho pokra\u010dov\u00e1n\u00ed. Nasv\u011bd\u010duj\u00ed tomu prob\u00edhaj\u00edc\u00ed zm\u011bny osob na vedouc\u00edch m\u00edstech kyjevsk\u00e9ho re\u017eimu, kter\u00e9 za\u010daly po posledn\u00ed n\u00e1v\u0161t\u011bv\u011b Zelensk\u00e9ho v USA. Dal\u0161\u00ed katastrofu ve stylu slavn\u00e9ho \u00fat\u011bku z Afgh\u00e1nist\u00e1nu si Biden p\u0159ed volbami u\u017e prost\u011b nem\u016f\u017ee dovolit.<\/p>\n<p>Velmi v\u00fdznamnou roli v t\u00e9to \u201estrkan\u00e9\u201c m\u016f\u017ee sehr\u00e1t nesporn\u00fd britsk\u00fd vliv na Zelensk\u00e9ho a jeho lidi ve veden\u00ed ukrajinsk\u00e9 arm\u00e1dy. Hodn\u011b napov\u011bd\u011bla neo\u010dek\u00e1van\u00e1 n\u00e1v\u0161t\u011bva Borise Johnsona na Ukrajin\u011b 10. dubna 2022. Johnson vyrazil osobn\u011b do Kyjeva okam\u017eit\u011b pot\u00e9, co se britsk\u00e9 tajn\u00e9 slu\u017eby dozv\u011bd\u011bly, \u017ee rusko-ukrajinsk\u00e1 m\u00edrov\u00e1 jedn\u00e1n\u00ed v Turecku byla \u00fasp\u011b\u0161n\u00e1 a m\u00edrov\u00e1 smlouva u\u017e jen \u010dek\u00e1 na podpis obou prezident\u016f. Zelenskij je\u0161t\u011b t\u00fd\u017e den na\u0159\u00eddil rozhovory ukon\u010dit, ofici\u00e1ln\u011b za britsk\u00fd slib podpory Ukrajiny a\u017e do jej\u00edho v\u00edt\u011bzstv\u00ed nad Ruskem. Ten form\u00e1ln\u011b potvrdil p\u0159i sv\u00e9 posledn\u00ed n\u00e1v\u0161t\u011bv\u011b Kyjeva tak\u00e9 nov\u00fd britsk\u00fd premi\u00e9r Rishi Sunak. Z\u00e1rove\u0148 ozn\u00e1mil i dal\u0161\u00ed nav\u00fd\u0161en\u00ed britsk\u00e9 pomoci Ukrajin\u011b a s prezidentem Zelensk\u00fdm podepsal bilater\u00e1ln\u00ed dohodu o bezpe\u010dnostn\u00ed spolupr\u00e1ci.<\/p>\n<p>Sest\u0159elen\u00ed letadla se zajatci proto podle m\u011b nen\u00ed n\u00e1hoda. Pravd\u011bpodobn\u011b se jednalo o operaci pod taktovkou britsk\u00fdch zpravodajsk\u00fdch slu\u017eeb s c\u00edlem zajistit dal\u0161\u00ed pokra\u010dov\u00e1n\u00ed v\u00e1lky. Zat\u00edm se ned\u00e1 tak \u00fapln\u011b odhadnout, nakolik se Brit\u016fm jejich z\u00e1m\u011br poda\u0159il. Ur\u010dit\u011b se jim ale povedlo na dlouhou dobu zablokovat v\u00fdm\u011bny zajatc\u016f obou stran, za co\u017e jim budou neskonale vd\u011b\u010dny jejich rodiny.<\/p>\n<p>Velkou ot\u00e1zkou tak\u00e9 z\u016fst\u00e1v\u00e1 reakce USA, kter\u00e9 mohou pova\u017eovat tento krok sv\u00e9ho nejv\u011bt\u0161\u00edho spojence v Evrop\u011b za hodn\u011b o\u0161kliv\u00fd podraz. Ot\u00e1zkou ov\u0161em je, jestli si mohou n\u011bjak\u00fd ten \u201e\u00fakrok stranou\u201c dovolit v okam\u017eiku, kdy je pro n\u011b sou\u010dasn\u00e1 podpora Brit\u00e1nie v akc\u00edch na St\u0159edn\u00edm v\u00fdchod\u011b skute\u010dn\u011b kl\u00ed\u010dov\u00e1. Jak to vypad\u00e1, o Ukrajinu jako takovou jde v\u0161em z\u00fa\u010dastn\u011bn\u00fdm opravdu a\u017e na posledn\u00edm m\u00edst\u011b.<\/p>\n<p>&nbsp;<\/p>\n<p><strong>FB \u2013\u00a0<\/strong><strong><a href=\"https:\/\/www.facebook.com\/profile.php?id=100016828963330\" target=\"_blank\" rel=\"noopener\">Jaroslav \u0160TEFEC<\/a>, vojensk\u00fd analytik<\/strong><\/p>\n<hr \/>\n<p>&nbsp;<\/p>\n<p>&nbsp;<\/p>\n","protected":false},"excerpt":{"rendered":"<p>Ukrajinc\u016fm se <\/p>\n","protected":false},"author":2,"featured_media":296190,"comment_status":"open","ping_status":"open","sticky":false,"template":"","format":"gallery","meta":{"footnotes":""},"categories":[85,119],"tags":[],"jetpack_featured_media_url":"https:\/\/zakrasnejsivimperk.cz\/wp-content\/uploads\/2024\/01\/27\/stefec-270124.jpg","_links":{"self":[{"href":"https:\/\/zakrasnejsivimperk.cz\/index.php?rest_route=\/wp\/v2\/posts\/296162"}],"collection":[{"href":"https:\/\/zakrasnejsivimperk.cz\/index.php?rest_route=\/wp\/v2\/posts"}],"about":[{"href":"https:\/\/zakrasnejsivimperk.cz\/index.php?rest_route=\/wp\/v2\/types\/post"}],"author":[{"embeddable":true,"href":"https:\/\/zakrasnejsivimperk.cz\/index.php?rest_route=\/wp\/v2\/users\/2"}],"replies":[{"embeddable":true,"href":"https:\/\/zakrasnejsivimperk.cz\/index.php?rest_route=%2Fwp%2Fv2%2Fcomments&post=296162"}],"version-history":[{"count":3,"href":"https:\/\/zakrasnejsivimperk.cz\/index.php?rest_route=\/wp\/v2\/posts\/296162\/revisions"}],"predecessor-version":[{"id":296346,"href":"https:\/\/zakrasnejsivimperk.cz\/index.php?rest_route=\/wp\/v2\/posts\/296162\/revisions\/296346"}],"wp:featuredmedia":[{"embeddable":true,"href":"https:\/\/zakrasnejsivimperk.cz\/index.php?rest_route=\/wp\/v2\/media\/296190"}],"wp:attachment":[{"href":"https:\/\/zakrasnejsivimperk.cz\/index.php?rest_route=%2Fwp%2Fv2%2Fmedia&parent=296162"}],"wp:term":[{"taxonomy":"category","embeddable":true,"href":"https:\/\/zakrasnejsivimperk.cz\/index.php?rest_route=%2Fwp%2Fv2%2Fcategories&post=296162"},{"taxonomy":"post_tag","embeddable":true,"href":"https:\/\/zakrasnejsivimperk.cz\/index.php?rest_route=%2Fwp%2Fv2%2Ftags&post=296162"}],"curies":[{"name":"wp","href":"https:\/\/api.w.org\/{rel}","templated":true}]}}