{"id":295862,"date":"2024-01-24T14:29:49","date_gmt":"2024-01-24T13:29:49","guid":{"rendered":"https:\/\/zakrasnejsivimperk.cz\/?p=295862"},"modified":"2024-01-27T15:57:27","modified_gmt":"2024-01-27T14:57:27","slug":"nase-mesto-vimperk-ptame-se-za-vas-co-letos-chysta-stifteruv-posumavsky-zeleznicni-spolek-vimperk","status":"publish","type":"post","link":"https:\/\/zakrasnejsivimperk.cz\/?p=295862","title":{"rendered":"NA\u0160E M\u011aSTO VIMPERK: Pt\u00e1me se za v\u00e1s \u2013 Co letos chyst\u00e1 Stifter\u016fv po\u0161umavsk\u00fd \u017eelezni\u010dn\u00ed spolek Vimperk"},"content":{"rendered":"<p><img loading=\"lazy\" decoding=\"async\" class=\"aligncenter wp-image-288139 size-full\" src=\"https:\/\/zakrasnejsivimperk.cz\/wp-content\/uploads\/2023\/10\/02\/ptame-se-za-vas-xx.jpg\" alt=\"\" width=\"771\" height=\"385\" srcset=\"https:\/\/zakrasnejsivimperk.cz\/wp-content\/uploads\/2023\/10\/02\/ptame-se-za-vas-xx.jpg 771w, https:\/\/zakrasnejsivimperk.cz\/wp-content\/uploads\/2023\/10\/02\/ptame-se-za-vas-xx-300x150.jpg 300w, https:\/\/zakrasnejsivimperk.cz\/wp-content\/uploads\/2023\/10\/02\/ptame-se-za-vas-xx-768x384.jpg 768w, https:\/\/zakrasnejsivimperk.cz\/wp-content\/uploads\/2023\/10\/02\/ptame-se-za-vas-xx-715x357.jpg 715w\" sizes=\"(max-width: 771px) 100vw, 771px\" \/><\/p>\n<p>&nbsp;<\/p>\n<h3><strong>Co na leto\u0161n\u00ed rok chyst\u00e1 Stifter\u016fv po\u0161umavsk\u00fd \u017eelezni\u010dn\u00ed spolek Vimperk pro obyvatele Vimperka a okol\u00ed? Uvid\u00edme ve Vimperku parn\u00ed lokomotivy?\u00a0<\/strong><\/h3>\n<h4>Odpov\u00edd\u00e1 Vladislav \u0160l\u00e9gr, jednatel, Stifter\u016fv po\u0161umavsk\u00fd \u017eelezni\u010dn\u00ed spolek Vimperk:<\/h4>\n<h6>Jako obvykle je za\u010d\u00e1tek roku za\u010d\u00e1tkem p\u0159\u00edprav nov\u00e9 sez\u00f3ny a t\u00edm i velk\u00fdch p\u0159\u00edprav. Vzhledem k tomu, \u017ee n\u00e1\u0161 spolek p\u016fsob\u00ed v sou\u010dasnosti na cel\u00e9m \u00fazem\u00ed \u010cesk\u00e9 republiky, nen\u00ed mo\u017en\u00e9 v\u0161echny akce konat na Vimpersku. I tak si jist\u011b p\u0159\u00edznivci \u017eeleznice z okol\u00ed na\u0161eho m\u011bsta najdou p\u0159\u00edle\u017eitost se z\u00fa\u010dastnit \u017eelezni\u010dn\u00ed nostalgie.<\/h6>\n<p>Na <strong>m\u011bs\u00edc \u00fanor<\/strong> jsme s M\u011bstskou knihovnou p\u0159ipravili\u00a0v\u00fdstavu \u201e\u017deleznice, kter\u00e9 odv\u00e1l \u010das na \u0160umav\u011b a v Bavorsk\u00e9m lese\u201c, kter\u00e1 bude um\u00edst\u011bna v Galerie M\u011bstsk\u00e9 knihovny Vimperk.<\/p>\n<p><strong>14. \u00fanora od 17:00<\/strong> se v galerii uskute\u010dn\u00ed beseda s\u00a0prom\u00edt\u00e1n\u00edm\u00a0\u201e\u017deleznice ve Vimperku v \u010dasech minul\u00fdch i sou\u010dasn\u00fdch\u201c.<\/p>\n<p>Na\u00a0<strong>Velikonoce<\/strong> p\u0159ipravujeme j\u00edzdu zvl\u00e1\u0161tn\u00edho motorov\u00e9ho vlaku v trati\u00a0T\u00e1bor \u2013 Vimperk \u2013 Kubova Hu\u0165 a zp\u011bt.<\/p>\n<p><strong>29. \u010dervna<\/strong> se uskute\u010dn\u00ed jedna z nejv\u011bt\u0161\u00edch \u017eelezni\u010dn\u00edch akc\u00ed v okol\u00ed, \u017delezni\u010dn\u00ed den v Prachatic\u00edch v r\u00e1mci Slavnost\u00ed Zlat\u00e9 stezky. P\u0159ipraveny jsou\u00a0j\u00edzdy zvl\u00e1\u0161tn\u00edch parn\u00edch vlak\u016f Prachatice \u2013 Chroboly a zp\u011bt, zvl\u00e1\u0161tn\u00ed motorov\u00e9 vlaky \u010cesk\u00e9 Bud\u011bjovice \u2013 Prachatice a zp\u011bt a Prachatice \u2013 Strunkovice nad Blanic\u00ed a zp\u011bt, zvl\u00e1\u0161tn\u00ed vlak \u010cesk\u00e9 Bud\u011bjovice \u2013 Prachatice \u2013 Volary a zvl\u00e1\u0161tn\u00ed motorov\u00e9 vlaky Prachatice \u2013 Prachatice l\u00e1zn\u011b a zp\u011bt. V Prachatic\u00edch bude d\u00e1le p\u0159ipravena v\u00fdstava hnac\u00edch vozidel. Akci po\u0159\u00e1d\u00e1 \u010cD Nostalgie spolu s m\u011bstem Prachatice a dal\u0161\u00edmi.<\/p>\n<p><strong>30. \u010dervna<\/strong> vyjede zvl\u00e1\u0161tn\u00ed parn\u00ed vlak L\u00e9ta s p\u00e1rou z Prachatic do Volar, zvl\u00e1\u0161tn\u00ed vlak z Volar do Nov\u00e9ho \u00dadol\u00ed a parn\u00ed vlak Volary &#8211; Zbytiny a zp\u011bt.<\/p>\n<p><strong>5. \u2013 7. \u010dervence<\/strong> se ve Vimperku uskute\u010dn\u00ed ji\u017e p\u00e1t\u00fd\u00a0V\u00edkend s\u00a0Albatros\u00a0klubem Bratislava, co\u017e je vlastn\u011b mezin\u00e1rodn\u00edm setk\u00e1n\u00edm p\u0159\u00edznivc\u016f \u017eeleznice.<\/p>\n<p><strong>20. \u010dervence<\/strong> se v r\u00e1mci\u00a0Slavnosti chleba v\u00a0Leno\u0159e uskute\u010dn\u00ed j\u00edzdy zvl\u00e1\u0161tn\u00edch vlak\u016f z Volar do Lenory a zp\u011bt.<\/p>\n<p>Odpoledne pak\u00a0j\u00edzdy zvl\u00e1\u0161tn\u00edch parn\u00edch vlak\u016f Volary \u2013 Vimperk, Vimperk \u2013 Kubova Hu\u0165 a zp\u011bt. Ve Vimperku bude p\u0159ipraveno no\u010dn\u00ed focen\u00ed parn\u00ed lokomotivy 354, prom\u00edt\u00e1n\u00ed, ob\u010derstven\u00ed, otev\u0159en spolkov\u00fd depozit\u00e1\u0159, doprovodn\u00fd program. Je tedy mo\u017enost se projet zvl\u00e1\u0161tn\u00edm parn\u00edm vlakem.<\/p>\n<p>O den pozd\u011bji, <strong>21. \u010dervence<\/strong>, vyjede zvl\u00e1\u0161tn\u00ed parn\u00ed vlak Vimperk \u2013 Strakonice \u2013 Blatn\u00e1, Pro Vimpersk\u00e9 je to mo\u017enost na v\u00fdlet nap\u0159\u00edklad na strakonick\u00fd hrad nebo na z\u00e1mek Blatn\u00e1 a p\u0159itom se projet parn\u00edm vlakem. Na zp\u00e1te\u010dn\u00ed cestu je v\u0161ak nutn\u00e9 vyu\u017e\u00edt pravideln\u00fdch vlakov\u00fdch spoj\u016f.<\/p>\n<p><strong>28. \u010dervence<\/strong> se uskute\u010dn\u00ed oslava 125 let Blatensk\u00fdch lok\u00e1lek, p\u0159i\u010dem\u017e vyjedou zvl\u00e1\u0161tn\u00ed parn\u00ed vlaky v\u00a0okol\u00ed Blatn\u00e9 a Strakonic<\/p>\n<p>Na<strong>\u00a030. listopadu<\/strong> p\u0159ipravujeme motorov\u00fd Mikul\u00e1\u0161sk\u00fd vlak v trati Vimperk \u2013 Volyn\u011b a zp\u011bt.<\/p>\n<p>\u010clenov\u00e9 spolku se nav\u00edc z\u00fa\u010dastn\u00ed nap\u0159\u00edklad Noci kostel\u016f, No\u010dn\u00edch komentovan\u00fdch prohl\u00eddek m\u011bsta, p\u0159ipravujeme l\u00e9to s\u00a0knihovnou (spole\u010dn\u011b s\u00a0M\u011bstskou knihovnou Vimperk, dny otev\u0159en\u00fdch dve\u0159\u00ed spolkov\u00e9 knihovny), dny otev\u0159en\u00fdch dve\u0159\u00ed Spolkov\u00e9ho depozit\u00e1\u0159e Lamp\u00e1rna a dal\u0161\u00edch.<\/p>\n<p>Jde o v\u00fd\u010det akc\u00ed v okol\u00ed Vimperka, pl\u00e1n akc\u00ed spolku naleznete na na\u0161ich webov\u00fdch str\u00e1nk\u00e1ch <strong><a href=\"http:\/\/spzs.cz\/\" target=\"_blank\" rel=\"noopener\">spzs.cz<\/a><\/strong>.<\/p>\n<p>&nbsp;<\/p>\n<p><strong>(red) \u2013 Za kr\u00e1sn\u011bj\u0161\u00ed Vimperk<\/strong><\/p>\n<hr \/>\n<p>&nbsp;<\/p>\n<p><img loading=\"lazy\" decoding=\"async\" class=\"aligncenter wp-image-295942 size-large\" src=\"https:\/\/zakrasnejsivimperk.cz\/wp-content\/uploads\/2024\/01\/22\/zeleznice-1024x724.jpg\" alt=\"\" width=\"700\" height=\"495\" srcset=\"https:\/\/zakrasnejsivimperk.cz\/wp-content\/uploads\/2024\/01\/22\/zeleznice-1024x724.jpg 1024w, https:\/\/zakrasnejsivimperk.cz\/wp-content\/uploads\/2024\/01\/22\/zeleznice-300x212.jpg 300w, https:\/\/zakrasnejsivimperk.cz\/wp-content\/uploads\/2024\/01\/22\/zeleznice-768x543.jpg 768w, https:\/\/zakrasnejsivimperk.cz\/wp-content\/uploads\/2024\/01\/22\/zeleznice-1536x1086.jpg 1536w, https:\/\/zakrasnejsivimperk.cz\/wp-content\/uploads\/2024\/01\/22\/zeleznice-2048x1448.jpg 2048w, https:\/\/zakrasnejsivimperk.cz\/wp-content\/uploads\/2024\/01\/22\/zeleznice-505x357.jpg 505w, https:\/\/zakrasnejsivimperk.cz\/wp-content\/uploads\/2024\/01\/22\/zeleznice-683x483.jpg 683w\" sizes=\"(max-width: 700px) 100vw, 700px\" \/><\/p>\n<p>&nbsp;<\/p>\n<p><img loading=\"lazy\" decoding=\"async\" class=\"aligncenter wp-image-295943 size-large\" src=\"https:\/\/zakrasnejsivimperk.cz\/wp-content\/uploads\/2024\/01\/22\/zeleznice_beseda-1024x724.jpg\" alt=\"\" width=\"700\" height=\"495\" srcset=\"https:\/\/zakrasnejsivimperk.cz\/wp-content\/uploads\/2024\/01\/22\/zeleznice_beseda-1024x724.jpg 1024w, https:\/\/zakrasnejsivimperk.cz\/wp-content\/uploads\/2024\/01\/22\/zeleznice_beseda-300x212.jpg 300w, https:\/\/zakrasnejsivimperk.cz\/wp-content\/uploads\/2024\/01\/22\/zeleznice_beseda-768x543.jpg 768w, https:\/\/zakrasnejsivimperk.cz\/wp-content\/uploads\/2024\/01\/22\/zeleznice_beseda-1536x1086.jpg 1536w, https:\/\/zakrasnejsivimperk.cz\/wp-content\/uploads\/2024\/01\/22\/zeleznice_beseda-2048x1448.jpg 2048w, https:\/\/zakrasnejsivimperk.cz\/wp-content\/uploads\/2024\/01\/22\/zeleznice_beseda-505x357.jpg 505w, https:\/\/zakrasnejsivimperk.cz\/wp-content\/uploads\/2024\/01\/22\/zeleznice_beseda-683x483.jpg 683w\" sizes=\"(max-width: 700px) 100vw, 700px\" \/><\/p>\n<hr \/>\n<p>&nbsp;<\/p>\n<p>&nbsp;<\/p>\n","protected":false},"excerpt":{"rendered":"<p>&nbsp; Co <\/p>\n","protected":false},"author":2,"featured_media":295864,"comment_status":"open","ping_status":"open","sticky":false,"template":"","format":"gallery","meta":{"footnotes":""},"categories":[118,108],"tags":[],"jetpack_featured_media_url":"https:\/\/zakrasnejsivimperk.cz\/wp-content\/uploads\/2024\/01\/22\/ram-spolek.jpg","_links":{"self":[{"href":"https:\/\/zakrasnejsivimperk.cz\/index.php?rest_route=\/wp\/v2\/posts\/295862"}],"collection":[{"href":"https:\/\/zakrasnejsivimperk.cz\/index.php?rest_route=\/wp\/v2\/posts"}],"about":[{"href":"https:\/\/zakrasnejsivimperk.cz\/index.php?rest_route=\/wp\/v2\/types\/post"}],"author":[{"embeddable":true,"href":"https:\/\/zakrasnejsivimperk.cz\/index.php?rest_route=\/wp\/v2\/users\/2"}],"replies":[{"embeddable":true,"href":"https:\/\/zakrasnejsivimperk.cz\/index.php?rest_route=%2Fwp%2Fv2%2Fcomments&post=295862"}],"version-history":[{"count":8,"href":"https:\/\/zakrasnejsivimperk.cz\/index.php?rest_route=\/wp\/v2\/posts\/295862\/revisions"}],"predecessor-version":[{"id":295946,"href":"https:\/\/zakrasnejsivimperk.cz\/index.php?rest_route=\/wp\/v2\/posts\/295862\/revisions\/295946"}],"wp:featuredmedia":[{"embeddable":true,"href":"https:\/\/zakrasnejsivimperk.cz\/index.php?rest_route=\/wp\/v2\/media\/295864"}],"wp:attachment":[{"href":"https:\/\/zakrasnejsivimperk.cz\/index.php?rest_route=%2Fwp%2Fv2%2Fmedia&parent=295862"}],"wp:term":[{"taxonomy":"category","embeddable":true,"href":"https:\/\/zakrasnejsivimperk.cz\/index.php?rest_route=%2Fwp%2Fv2%2Fcategories&post=295862"},{"taxonomy":"post_tag","embeddable":true,"href":"https:\/\/zakrasnejsivimperk.cz\/index.php?rest_route=%2Fwp%2Fv2%2Ftags&post=295862"}],"curies":[{"name":"wp","href":"https:\/\/api.w.org\/{rel}","templated":true}]}}