{"id":295854,"date":"2024-01-23T13:11:30","date_gmt":"2024-01-23T12:11:30","guid":{"rendered":"https:\/\/zakrasnejsivimperk.cz\/?p=295854"},"modified":"2024-01-25T14:13:34","modified_gmt":"2024-01-25T13:13:34","slug":"nase-mesto-vimperk-celorocni-uzivani-klubovny-pro-seniory-a-spolky-ve-sklarske-ulici-se-prodrazi","status":"publish","type":"post","link":"https:\/\/zakrasnejsivimperk.cz\/?p=295854","title":{"rendered":"NA\u0160E M\u011aSTO VIMPERK: Celoro\u010dn\u00ed u\u017e\u00edv\u00e1n\u00ed klubovny pro seniory a spolky ve Skl\u00e1\u0159sk\u00e9 ulici se prodra\u017e\u00ed"},"content":{"rendered":"<h4>Usnesen\u00ed Rady m\u011bsta Vimperk \u010d. 38 ze dne 15. ledna 2024:<\/h4>\n<h6><b>Rada m\u011bsta rozhodla o zv\u00fd\u0161en\u00ed poplatk\u016f spojen\u00e9 s u\u017e\u00edv\u00e1n\u00edm prostor \u201eKlubovny pro seniory\u201c v ulici Skl\u00e1\u0159sk\u00e1 399 s \u00fa\u010dinnost\u00ed od 01.02.2024, dle p\u0159edlo\u017een\u00e9ho n\u00e1vrhu.<\/b><\/h6>\n<h6>&#8220;P\u0159edlo\u017een\u00fd n\u00e1vrh&#8221; nen\u00ed sou\u010d\u00e1st\u00ed z\u00e1pisu rady. Nov\u00fd cen\u00edk n\u00e1m na vy\u017e\u00e1d\u00e1n\u00ed poslala Jana Schererov\u00e1,\u00a0vedouc\u00ed Odboru vnit\u0159n\u00edch v\u011bc\u00ed M\u011bstsk\u00e9ho \u00fa\u0159adu Vimperk:<\/h6>\n<p><img loading=\"lazy\" decoding=\"async\" class=\"aligncenter wp-image-295856 size-full\" src=\"https:\/\/zakrasnejsivimperk.cz\/wp-content\/uploads\/2024\/01\/22\/tabulka-pronajem-klubovna.jpg\" alt=\"\" width=\"856\" height=\"446\" srcset=\"https:\/\/zakrasnejsivimperk.cz\/wp-content\/uploads\/2024\/01\/22\/tabulka-pronajem-klubovna.jpg 856w, https:\/\/zakrasnejsivimperk.cz\/wp-content\/uploads\/2024\/01\/22\/tabulka-pronajem-klubovna-300x156.jpg 300w, https:\/\/zakrasnejsivimperk.cz\/wp-content\/uploads\/2024\/01\/22\/tabulka-pronajem-klubovna-768x400.jpg 768w, https:\/\/zakrasnejsivimperk.cz\/wp-content\/uploads\/2024\/01\/22\/tabulka-pronajem-klubovna-685x357.jpg 685w\" sizes=\"(max-width: 856px) 100vw, 856px\" \/><\/p>\n<hr \/>\n<p>&nbsp;<\/p>\n<p><img loading=\"lazy\" decoding=\"async\" class=\"aligncenter wp-image-295855 size-full\" src=\"https:\/\/zakrasnejsivimperk.cz\/wp-content\/uploads\/2024\/01\/22\/klubovna-pro-seniory-a-spolky.jpg\" alt=\"\" width=\"810\" height=\"1100\" srcset=\"https:\/\/zakrasnejsivimperk.cz\/wp-content\/uploads\/2024\/01\/22\/klubovna-pro-seniory-a-spolky.jpg 810w, https:\/\/zakrasnejsivimperk.cz\/wp-content\/uploads\/2024\/01\/22\/klubovna-pro-seniory-a-spolky-221x300.jpg 221w, https:\/\/zakrasnejsivimperk.cz\/wp-content\/uploads\/2024\/01\/22\/klubovna-pro-seniory-a-spolky-754x1024.jpg 754w, https:\/\/zakrasnejsivimperk.cz\/wp-content\/uploads\/2024\/01\/22\/klubovna-pro-seniory-a-spolky-768x1043.jpg 768w, https:\/\/zakrasnejsivimperk.cz\/wp-content\/uploads\/2024\/01\/22\/klubovna-pro-seniory-a-spolky-263x357.jpg 263w, https:\/\/zakrasnejsivimperk.cz\/wp-content\/uploads\/2024\/01\/22\/klubovna-pro-seniory-a-spolky-356x483.jpg 356w\" sizes=\"(max-width: 810px) 100vw, 810px\" \/><\/p>\n<p>&nbsp;<\/p>\n<p><strong>(red) &#8211; Za kr\u00e1sn\u011bj\u0161\u00ed Vimperk<\/strong><\/p>\n<hr \/>\n<p>&nbsp;<\/p>\n<p>&nbsp;<\/p>\n","protected":false},"excerpt":{"rendered":"<p>Usnesen\u00ed Rady <\/p>\n","protected":false},"author":2,"featured_media":295859,"comment_status":"open","ping_status":"open","sticky":false,"template":"","format":"gallery","meta":{"footnotes":""},"categories":[119,108],"tags":[],"jetpack_featured_media_url":"https:\/\/zakrasnejsivimperk.cz\/wp-content\/uploads\/2024\/01\/22\/ram-2400.jpg","_links":{"self":[{"href":"https:\/\/zakrasnejsivimperk.cz\/index.php?rest_route=\/wp\/v2\/posts\/295854"}],"collection":[{"href":"https:\/\/zakrasnejsivimperk.cz\/index.php?rest_route=\/wp\/v2\/posts"}],"about":[{"href":"https:\/\/zakrasnejsivimperk.cz\/index.php?rest_route=\/wp\/v2\/types\/post"}],"author":[{"embeddable":true,"href":"https:\/\/zakrasnejsivimperk.cz\/index.php?rest_route=\/wp\/v2\/users\/2"}],"replies":[{"embeddable":true,"href":"https:\/\/zakrasnejsivimperk.cz\/index.php?rest_route=%2Fwp%2Fv2%2Fcomments&post=295854"}],"version-history":[{"count":3,"href":"https:\/\/zakrasnejsivimperk.cz\/index.php?rest_route=\/wp\/v2\/posts\/295854\/revisions"}],"predecessor-version":[{"id":295860,"href":"https:\/\/zakrasnejsivimperk.cz\/index.php?rest_route=\/wp\/v2\/posts\/295854\/revisions\/295860"}],"wp:featuredmedia":[{"embeddable":true,"href":"https:\/\/zakrasnejsivimperk.cz\/index.php?rest_route=\/wp\/v2\/media\/295859"}],"wp:attachment":[{"href":"https:\/\/zakrasnejsivimperk.cz\/index.php?rest_route=%2Fwp%2Fv2%2Fmedia&parent=295854"}],"wp:term":[{"taxonomy":"category","embeddable":true,"href":"https:\/\/zakrasnejsivimperk.cz\/index.php?rest_route=%2Fwp%2Fv2%2Fcategories&post=295854"},{"taxonomy":"post_tag","embeddable":true,"href":"https:\/\/zakrasnejsivimperk.cz\/index.php?rest_route=%2Fwp%2Fv2%2Ftags&post=295854"}],"curies":[{"name":"wp","href":"https:\/\/api.w.org\/{rel}","templated":true}]}}