{"id":295698,"date":"2024-01-20T14:29:28","date_gmt":"2024-01-20T13:29:28","guid":{"rendered":"https:\/\/zakrasnejsivimperk.cz\/?p=295698"},"modified":"2024-01-23T13:11:12","modified_gmt":"2024-01-23T12:11:12","slug":"nase-mesto-vimperk-glosa-20-ledna-2024","status":"publish","type":"post","link":"https:\/\/zakrasnejsivimperk.cz\/?p=295698","title":{"rendered":"NA\u0160E M\u011aSTO VIMPERK: Glosa 20. ledna 2024"},"content":{"rendered":"<p><img loading=\"lazy\" decoding=\"async\" class=\"aligncenter wp-image-295699 size-full\" src=\"https:\/\/zakrasnejsivimperk.cz\/wp-content\/uploads\/2024\/01\/19\/glosa-nemocnice.jpg\" alt=\"\" width=\"923\" height=\"1100\" srcset=\"https:\/\/zakrasnejsivimperk.cz\/wp-content\/uploads\/2024\/01\/19\/glosa-nemocnice.jpg 923w, https:\/\/zakrasnejsivimperk.cz\/wp-content\/uploads\/2024\/01\/19\/glosa-nemocnice-252x300.jpg 252w, https:\/\/zakrasnejsivimperk.cz\/wp-content\/uploads\/2024\/01\/19\/glosa-nemocnice-859x1024.jpg 859w, https:\/\/zakrasnejsivimperk.cz\/wp-content\/uploads\/2024\/01\/19\/glosa-nemocnice-768x915.jpg 768w, https:\/\/zakrasnejsivimperk.cz\/wp-content\/uploads\/2024\/01\/19\/glosa-nemocnice-300x357.jpg 300w, https:\/\/zakrasnejsivimperk.cz\/wp-content\/uploads\/2024\/01\/19\/glosa-nemocnice-405x483.jpg 405w\" sizes=\"(max-width: 923px) 100vw, 923px\" \/><\/p>\n<p style=\"text-align: center;\"><strong>Autor: Zden\u011bk JUNGVIRT<\/strong><\/p>\n<hr \/>\n<p>&nbsp;<\/p>\n<h6>Informujeme:<\/h6>\n<h4><a href=\"https:\/\/zakrasnejsivimperk.cz\/?p=294583\" target=\"_blank\" rel=\"noopener\">JI\u017dN\u00cd \u010cECHY TE\u010e: Penta Hospitals p\u0159evezme nemocnice ve Vimperku a Volyni<\/a><\/h4>\n<h4><a href=\"https:\/\/zakrasnejsivimperk.cz\/?p=294620\" target=\"_blank\" rel=\"noopener\">NEWSTREAM: Mana\u017eerka Penty Vacul\u00edkov\u00e1: V p\u00e9\u010di o seniory jsme jedni\u010dkou na trhu. A budeme d\u00e1l r\u016fst<\/a><\/h4>\n<h4><a href=\"https:\/\/zakrasnejsivimperk.cz\/?p=294994\" target=\"_blank\" rel=\"noopener\">GLOS\u00c1\u0158 Voly\u0148ky Homolkov\u00e9: 14. ledna 2024<\/a><\/h4>\n<hr \/>\n<p>&nbsp;<\/p>\n<p>&nbsp;<\/p>\n","protected":false},"excerpt":{"rendered":"<p>Autor: Zden\u011bk <\/p>\n","protected":false},"author":2,"featured_media":295699,"comment_status":"open","ping_status":"open","sticky":false,"template":"","format":"gallery","meta":{"footnotes":""},"categories":[85,119],"tags":[],"jetpack_featured_media_url":"https:\/\/zakrasnejsivimperk.cz\/wp-content\/uploads\/2024\/01\/19\/glosa-nemocnice.jpg","_links":{"self":[{"href":"https:\/\/zakrasnejsivimperk.cz\/index.php?rest_route=\/wp\/v2\/posts\/295698"}],"collection":[{"href":"https:\/\/zakrasnejsivimperk.cz\/index.php?rest_route=\/wp\/v2\/posts"}],"about":[{"href":"https:\/\/zakrasnejsivimperk.cz\/index.php?rest_route=\/wp\/v2\/types\/post"}],"author":[{"embeddable":true,"href":"https:\/\/zakrasnejsivimperk.cz\/index.php?rest_route=\/wp\/v2\/users\/2"}],"replies":[{"embeddable":true,"href":"https:\/\/zakrasnejsivimperk.cz\/index.php?rest_route=%2Fwp%2Fv2%2Fcomments&post=295698"}],"version-history":[{"count":1,"href":"https:\/\/zakrasnejsivimperk.cz\/index.php?rest_route=\/wp\/v2\/posts\/295698\/revisions"}],"predecessor-version":[{"id":295703,"href":"https:\/\/zakrasnejsivimperk.cz\/index.php?rest_route=\/wp\/v2\/posts\/295698\/revisions\/295703"}],"wp:featuredmedia":[{"embeddable":true,"href":"https:\/\/zakrasnejsivimperk.cz\/index.php?rest_route=\/wp\/v2\/media\/295699"}],"wp:attachment":[{"href":"https:\/\/zakrasnejsivimperk.cz\/index.php?rest_route=%2Fwp%2Fv2%2Fmedia&parent=295698"}],"wp:term":[{"taxonomy":"category","embeddable":true,"href":"https:\/\/zakrasnejsivimperk.cz\/index.php?rest_route=%2Fwp%2Fv2%2Fcategories&post=295698"},{"taxonomy":"post_tag","embeddable":true,"href":"https:\/\/zakrasnejsivimperk.cz\/index.php?rest_route=%2Fwp%2Fv2%2Ftags&post=295698"}],"curies":[{"name":"wp","href":"https:\/\/api.w.org\/{rel}","templated":true}]}}