{"id":294994,"date":"2024-01-14T19:35:14","date_gmt":"2024-01-14T18:35:14","guid":{"rendered":"https:\/\/zakrasnejsivimperk.cz\/?p=294994"},"modified":"2024-01-17T14:44:52","modified_gmt":"2024-01-17T13:44:52","slug":"glosar-volynky-homolkove-14-ledna-2024","status":"publish","type":"post","link":"https:\/\/zakrasnejsivimperk.cz\/?p=294994","title":{"rendered":"GLOS\u00c1\u0158 Voly\u0148ky Homolkov\u00e9: 14. ledna 2024"},"content":{"rendered":"<figure id=\"attachment_251369\" aria-describedby=\"caption-attachment-251369\" style=\"width: 1100px\" class=\"wp-caption aligncenter\"><img loading=\"lazy\" decoding=\"async\" class=\"wp-image-251369 size-full\" src=\"https:\/\/zakrasnejsivimperk.cz\/wp-content\/uploads\/2022\/04\/08\/glos\u00e1\u0159-voly\u0148ky.jpg\" alt=\"\" width=\"1100\" height=\"734\" srcset=\"https:\/\/zakrasnejsivimperk.cz\/wp-content\/uploads\/2022\/04\/08\/glos\u00e1\u0159-voly\u0148ky.jpg 1100w, https:\/\/zakrasnejsivimperk.cz\/wp-content\/uploads\/2022\/04\/08\/glos\u00e1\u0159-voly\u0148ky-300x200.jpg 300w, https:\/\/zakrasnejsivimperk.cz\/wp-content\/uploads\/2022\/04\/08\/glos\u00e1\u0159-voly\u0148ky-768x512.jpg 768w, https:\/\/zakrasnejsivimperk.cz\/wp-content\/uploads\/2022\/04\/08\/glos\u00e1\u0159-voly\u0148ky-1024x683.jpg 1024w, https:\/\/zakrasnejsivimperk.cz\/wp-content\/uploads\/2022\/04\/08\/glos\u00e1\u0159-voly\u0148ky-535x357.jpg 535w, https:\/\/zakrasnejsivimperk.cz\/wp-content\/uploads\/2022\/04\/08\/glos\u00e1\u0159-voly\u0148ky-724x483.jpg 724w\" sizes=\"(max-width: 1100px) 100vw, 1100px\" \/><figcaption id=\"caption-attachment-251369\" class=\"wp-caption-text\">Kol\u00e1\u017e: (red) \u2013 Za kr\u00e1sn\u011bj\u0161\u00ed Vimperk<\/figcaption><\/figure>\n<hr \/>\n<p>&nbsp;<\/p>\n<h4>ad <a href=\"https:\/\/www.vimperk.cz\/vismo\/eud.asp\" target=\"_blank\" rel=\"noopener\">Elektronick\u00e1 \u00fa\u0159edn\u00ed deska m\u011bsta Vimperk<\/a><\/h4>\n<h6><em>Na \u00fa\u0159edn\u00ed desce v oblasti ostatn\u00ed sd\u011blen\u00ed\u00a0 je od 8. ledna zve\u0159ejn\u011bn n\u00e1vrh &#8220;<a href=\"https:\/\/zakrasnejsivimperk.cz\/wp-content\/uploads\/2024\/01\/10\/KPZ-Veselka.pdf\" target=\"_blank\" rel=\"noopener\">Opat\u0159en\u00ed obecn\u00e9 povahy o prohl\u00e1\u0161en\u00ed \u010d\u00e1sti krajinn\u00e9ho celku \u2013 \u00fazem\u00ed Prav\u011bt\u00edn \u2013 Skl\u00e1\u0159e \u2013 Veselka za pam\u00e1tkovou z\u00f3nu a ur\u010den\u00ed podm\u00ednek jej\u00ed ochrany&#8221;<\/a>. Pokud si text pozorn\u011b p\u0159e\u010dtete, tak zjist\u00edte, \u017ee ani tak nejde o deklarovanou ochranu tzv. plu\u017ein, ale v z\u00e1sad\u011b o v\u00fdrazn\u00e9 zp\u0159\u00edsn\u011bn\u00ed podm\u00ednek rodinn\u00e9 v\u00fdstavby nad r\u00e1mec \u00fazemn\u00edho pl\u00e1nu. Domn\u00edv\u00e1m se, \u017ee tento n\u00e1vrh nem\u016f\u017ee b\u00fdt ve ve\u0159ejn\u00e9m z\u00e1jmu.<\/em><\/h6>\n<p><a href=\"https:\/\/pagis.npu.cz\/sheet\/d\/s\/vv7noyEVTzgToNcUqyz9WdG2Xfn2QQsv\/ebf17QM_SMB2lF72LrjEJ4CPcr4BXsID-mbjg01ek4Qo\" target=\"_blank\" rel=\"noopener\"><strong>Odkaz pro sta\u017een\u00ed mapov\u00fdch podklad\u016f<\/strong><\/a><\/p>\n<p>&nbsp;<\/p>\n<h4>ad <a href=\"https:\/\/zakrasnejsivimperk.cz\/?p=294532\" target=\"_blank\" rel=\"noopener\">NA\u0160E M\u011aSTO VIMPERK: Glosa \u2013 6. ledna 2024<\/a><\/h4>\n<h6><em>Nen\u00ed vylou\u010deno, \u017ee nevykon\u00e1n\u00ed demoli\u010dn\u00edho v\u00fdm\u011bru znehodnot\u00ed ji\u017e vyhl\u00e1\u0161enou architektonickou sout\u011b\u017e a jej\u00ed v\u00fdsledky, v\u010detn\u011b n\u00e1klad\u016f s n\u00ed spojen\u00fdch.<\/em><\/h6>\n<p>&nbsp;<\/p>\n<h4>ad <a href=\"https:\/\/zakrasnejsivimperk.cz\/?p=165300\" target=\"_blank\" rel=\"noopener\">NA\u0160E M\u011aSTO VIMPERK \u2013 Z HISTORIE: Vimpersk\u00e9 aktuality psaly v roce 1982 o zimn\u00ed \u00fadr\u017eb\u011b chodn\u00edk\u016f ve m\u011bst\u011b<\/a><\/h4>\n<h6><em>Probl\u00e9my s \u00faklidem sn\u011bhu a \u00fadr\u017ebou chodn\u00edk\u016f jsou v na\u0161em m\u011bst\u011b neskonale tradi\u010dn\u00ed, lep\u0161\u00ed to nebude. Zima teprve za\u010d\u00edn\u00e1, a proto si p\u0159ejme jako p\u0159ed l\u00e9ty jen \u0161\u0165astn\u00e9 klouz\u00e1n\u00ed a p\u00e1dy.<\/em><\/h6>\n<p>&nbsp;<\/p>\n<h4>ad <a href=\"http:\/\/www.prachatickonews.cz\/0-zpr\/zpr2366.html\" target=\"_blank\" rel=\"noopener\">Nov\u00fd majitel nemocnice bude jednat i s radnic\u00ed<\/a><\/h4>\n<h6><em>Je velmi m\u00e1lo v\u011brohodn\u00fd v\u00fdrok, \u017ee\u00a0\u201e<\/em>Dop\u0159edu n\u00e1s dosavadn\u00ed majitel neinformoval, proto\u017ee \u0161lo o jeho vnit\u0159n\u00ed rozhodnut\u00ed, nicm\u00e9n\u011b n\u011bjak\u00e9 indicie jsme m\u011bli.\u201c<em> Sp\u00ed\u0161 to bylo dop\u0159edu velmi dob\u0159e p\u0159ipraveno i s v\u011bdom\u00edm veden\u00ed m\u011bsta. Takov\u00e1to transakce nen\u00ed \u017e\u00e1dn\u00e1 legrace. Snad se na to zeptaj\u00ed 22. ledna zastupitel\u00e9, na program jejich sch\u016fze v\u0161ak tuto informaci starostka m\u011bsta neza\u0159adila. Pro\u010d asi..?\u00a0<\/em><\/h6>\n<p>&nbsp;<\/p>\n<p><strong>Voly\u0148ka HOMOLKOV\u00c1<\/strong><\/p>\n<hr \/>\n<p>&nbsp;<\/p>\n<p>&nbsp;<\/p>\n","protected":false},"excerpt":{"rendered":"<p>&nbsp; ad <\/p>\n","protected":false},"author":2,"featured_media":294998,"comment_status":"open","ping_status":"open","sticky":false,"template":"","format":"gallery","meta":{"footnotes":""},"categories":[85,118],"tags":[],"jetpack_featured_media_url":"https:\/\/zakrasnejsivimperk.cz\/wp-content\/uploads\/2024\/01\/10\/glosar-140124.jpg","_links":{"self":[{"href":"https:\/\/zakrasnejsivimperk.cz\/index.php?rest_route=\/wp\/v2\/posts\/294994"}],"collection":[{"href":"https:\/\/zakrasnejsivimperk.cz\/index.php?rest_route=\/wp\/v2\/posts"}],"about":[{"href":"https:\/\/zakrasnejsivimperk.cz\/index.php?rest_route=\/wp\/v2\/types\/post"}],"author":[{"embeddable":true,"href":"https:\/\/zakrasnejsivimperk.cz\/index.php?rest_route=\/wp\/v2\/users\/2"}],"replies":[{"embeddable":true,"href":"https:\/\/zakrasnejsivimperk.cz\/index.php?rest_route=%2Fwp%2Fv2%2Fcomments&post=294994"}],"version-history":[{"count":3,"href":"https:\/\/zakrasnejsivimperk.cz\/index.php?rest_route=\/wp\/v2\/posts\/294994\/revisions"}],"predecessor-version":[{"id":295220,"href":"https:\/\/zakrasnejsivimperk.cz\/index.php?rest_route=\/wp\/v2\/posts\/294994\/revisions\/295220"}],"wp:featuredmedia":[{"embeddable":true,"href":"https:\/\/zakrasnejsivimperk.cz\/index.php?rest_route=\/wp\/v2\/media\/294998"}],"wp:attachment":[{"href":"https:\/\/zakrasnejsivimperk.cz\/index.php?rest_route=%2Fwp%2Fv2%2Fmedia&parent=294994"}],"wp:term":[{"taxonomy":"category","embeddable":true,"href":"https:\/\/zakrasnejsivimperk.cz\/index.php?rest_route=%2Fwp%2Fv2%2Fcategories&post=294994"},{"taxonomy":"post_tag","embeddable":true,"href":"https:\/\/zakrasnejsivimperk.cz\/index.php?rest_route=%2Fwp%2Fv2%2Ftags&post=294994"}],"curies":[{"name":"wp","href":"https:\/\/api.w.org\/{rel}","templated":true}]}}