{"id":294386,"date":"2024-01-02T12:06:09","date_gmt":"2024-01-02T11:06:09","guid":{"rendered":"https:\/\/zakrasnejsivimperk.cz\/?p=294386"},"modified":"2024-01-06T19:25:50","modified_gmt":"2024-01-06T18:25:50","slug":"glosar-volynky-homolkove-2-ledna-2024","status":"publish","type":"post","link":"https:\/\/zakrasnejsivimperk.cz\/?p=294386","title":{"rendered":"GLOS\u00c1\u0158 Voly\u0148ky Homolkov\u00e9: 2. ledna 2024"},"content":{"rendered":"<figure id=\"attachment_251369\" aria-describedby=\"caption-attachment-251369\" style=\"width: 1100px\" class=\"wp-caption aligncenter\"><img loading=\"lazy\" decoding=\"async\" class=\"wp-image-251369 size-full\" src=\"https:\/\/zakrasnejsivimperk.cz\/wp-content\/uploads\/2022\/04\/08\/glos\u00e1\u0159-voly\u0148ky.jpg\" alt=\"\" width=\"1100\" height=\"734\" srcset=\"https:\/\/zakrasnejsivimperk.cz\/wp-content\/uploads\/2022\/04\/08\/glos\u00e1\u0159-voly\u0148ky.jpg 1100w, https:\/\/zakrasnejsivimperk.cz\/wp-content\/uploads\/2022\/04\/08\/glos\u00e1\u0159-voly\u0148ky-300x200.jpg 300w, https:\/\/zakrasnejsivimperk.cz\/wp-content\/uploads\/2022\/04\/08\/glos\u00e1\u0159-voly\u0148ky-768x512.jpg 768w, https:\/\/zakrasnejsivimperk.cz\/wp-content\/uploads\/2022\/04\/08\/glos\u00e1\u0159-voly\u0148ky-1024x683.jpg 1024w, https:\/\/zakrasnejsivimperk.cz\/wp-content\/uploads\/2022\/04\/08\/glos\u00e1\u0159-voly\u0148ky-535x357.jpg 535w, https:\/\/zakrasnejsivimperk.cz\/wp-content\/uploads\/2022\/04\/08\/glos\u00e1\u0159-voly\u0148ky-724x483.jpg 724w\" sizes=\"(max-width: 1100px) 100vw, 1100px\" \/><figcaption id=\"caption-attachment-251369\" class=\"wp-caption-text\">Kol\u00e1\u017e: (red) \u2013 Za kr\u00e1sn\u011bj\u0161\u00ed Vimperk<\/figcaption><\/figure>\n<hr \/>\n<p>&nbsp;<\/p>\n<h4>ad <a href=\"https:\/\/www.sumava.eu\/blog\/2023\/12\/27\/nastavene-zrcadlo\/\" target=\"_blank\" rel=\"noopener\">NASTAVEN\u00c9 ZRCADLO<\/a> (\u0160umava.eu)<\/h4>\n<h6><em>Cht\u011bla jsem jen k tomu hodnocen\u00ed doplnit, \u017ee ho\u0159kou te\u010dkou za t\u00edm v\u0161\u00edm bude rachot\u00a0 p\u00e1chnouc\u00edho a jedovat\u00e9ho novoro\u010dn\u00edho oh\u0148ostroje za pen\u00edze da\u0148ov\u00fdch poplatn\u00edk\u016f.<\/em><\/h6>\n<p><strong>Informovali jsme:\u00a0 <a href=\"https:\/\/zakrasnejsivimperk.cz\/?p=293437\" target=\"_blank\" rel=\"noopener\">AKTU\u00c1LN\u011a.CZ: \u017deb\u0159\u00ed\u010dek zmapoval, jak se \u017eije v \u010desk\u00fdch m\u011bstech. Na posledn\u00edm m\u00edst\u011b do\u0161lo ke zm\u011bn\u011b<\/a><\/strong><\/p>\n<p>&nbsp;<\/p>\n<p>&nbsp;<\/p>\n<h4>ad <a href=\"https:\/\/www.facebook.com\/MestoVimperk\" target=\"_blank\" rel=\"noopener\">Novoro\u010dn\u00ed oh\u0148ostroj ve Vimperku<\/a> (facebookov\u00fd profil m\u011bsta Vimperk)<\/h4>\n<h6><em>Tak jsem se tot\u00e1ln\u011b spletla. P\u0159edpokl\u00e1dala jsem opak. Je mi z toho smutno. Ano, na\u0161e m\u011bsto je sice poh\u00e1dkov\u00e9, ale v sou\u010dasnosti tak n\u011bjak za\u010darovan\u00e9.<\/em><br \/>\n<em>Mimochodem, ti tzv. n\u011bkte\u0159\u00ed, kte\u0159\u00ed nejsou v\u016fbec zast\u00e1nci oh\u0148ostroj\u016f, jsou p\u0159edev\u0161\u00edm <a href=\"https:\/\/zakrasnejsivimperk.cz\/?p=286055\" target=\"_blank\" rel=\"noopener\">v\u011bdci<\/a>. A t\u011bch v\u0161ech dal\u0161\u00edch n\u011bkter\u00fdch nen\u00ed v\u016fbec m\u00e1lo. Je tragick\u00e9, \u017ee <\/em><em>\u00fa\u0159edn\u00edci st\u00e1tn\u00ed spr\u00e1vy v\u010detn\u011b r\u016fzn\u00fdch asociac\u00ed \u017eivotn\u00edho prost\u0159ed\u00ed \u0161kodlivost z\u00e1bavn\u00e9 pyrotechniky toleruj\u00ed.<\/em><\/h6>\n<p>&nbsp;<\/p>\n<figure id=\"attachment_294388\" aria-describedby=\"caption-attachment-294388\" style=\"width: 706px\" class=\"wp-caption aligncenter\"><img loading=\"lazy\" decoding=\"async\" class=\"wp-image-294388 size-full\" src=\"https:\/\/zakrasnejsivimperk.cz\/wp-content\/uploads\/2024\/01\/02\/ohnostroj-vpk-2.jpg\" alt=\"\" width=\"706\" height=\"453\" srcset=\"https:\/\/zakrasnejsivimperk.cz\/wp-content\/uploads\/2024\/01\/02\/ohnostroj-vpk-2.jpg 706w, https:\/\/zakrasnejsivimperk.cz\/wp-content\/uploads\/2024\/01\/02\/ohnostroj-vpk-2-300x192.jpg 300w, https:\/\/zakrasnejsivimperk.cz\/wp-content\/uploads\/2024\/01\/02\/ohnostroj-vpk-2-100x65.jpg 100w, https:\/\/zakrasnejsivimperk.cz\/wp-content\/uploads\/2024\/01\/02\/ohnostroj-vpk-2-556x357.jpg 556w\" sizes=\"(max-width: 706px) 100vw, 706px\" \/><figcaption id=\"caption-attachment-294388\" class=\"wp-caption-text\">Zdroj: Facebook<\/figcaption><\/figure>\n<p>&nbsp;<\/p>\n<figure id=\"attachment_294387\" aria-describedby=\"caption-attachment-294387\" style=\"width: 661px\" class=\"wp-caption aligncenter\"><img loading=\"lazy\" decoding=\"async\" class=\"wp-image-294387 size-full\" src=\"https:\/\/zakrasnejsivimperk.cz\/wp-content\/uploads\/2024\/01\/02\/ohnostroj-vpk-1.jpg\" alt=\"\" width=\"661\" height=\"593\" srcset=\"https:\/\/zakrasnejsivimperk.cz\/wp-content\/uploads\/2024\/01\/02\/ohnostroj-vpk-1.jpg 661w, https:\/\/zakrasnejsivimperk.cz\/wp-content\/uploads\/2024\/01\/02\/ohnostroj-vpk-1-300x269.jpg 300w, https:\/\/zakrasnejsivimperk.cz\/wp-content\/uploads\/2024\/01\/02\/ohnostroj-vpk-1-398x357.jpg 398w, https:\/\/zakrasnejsivimperk.cz\/wp-content\/uploads\/2024\/01\/02\/ohnostroj-vpk-1-538x483.jpg 538w\" sizes=\"(max-width: 661px) 100vw, 661px\" \/><figcaption id=\"caption-attachment-294387\" class=\"wp-caption-text\">Zdroj: Facebook<\/figcaption><\/figure>\n<p>&nbsp;<\/p>\n<h6>Ptali jsme se 25. \u0159\u00edjna 2023:<\/h6>\n<p><b>Uspo\u0159\u00e1d\u00e1 m\u011bsto 1. ledna 2024 op\u011bt novoro\u010dn\u00ed oh\u0148ostroj?\u00a0<\/b>Pokud ano, pro\u010d nebere v potaz argumenty odborn\u00edk\u016f o \u0161kodlivosti t\u011bchto atrakc\u00ed nebo n\u00e1zory ob\u010dan\u016f vyj\u00e1d\u0159en\u00e9 v anket\u011b\u00a0<strong><a href=\"https:\/\/zakrasnejsivimperk.cz\/?p=162208\" target=\"_blank\" rel=\"noopener\">Vimpersk\u00fdch novin (6\/2019)<\/a><\/strong>? Pokud ne, jak\u00fd jin\u00fd program na uv\u00edt\u00e1n\u00ed nov\u00e9ho roku m\u011bsto p\u0159ipravuje?<\/p>\n<p>Odpov\u00edd\u00e1 Martina K\u0159\u00ed\u017eov\u00e1, vedouc\u00ed Odboru \u0161kolstv\u00ed, kultury a cestovn\u00edho ruchu M\u011bstsk\u00e9ho \u00fa\u0159adu Vimperk:<\/p>\n<p><em>M\u011bsto Vimperk m\u00e1 v pl\u00e1nu 1. ledna 2024 uspo\u0159\u00e1dat oh\u0148ostroj. Sou\u010dasn\u00e1 legislativa po\u0159\u00e1d\u00e1n\u00ed oh\u0148ostroj\u016f umo\u017e\u0148uje a po\u010det respondent\u016f ve V\u00e1mi zm\u00edn\u011bn\u00e9 anket\u011b nebyl vypov\u00eddaj\u00edc\u00ed.<\/em><\/p>\n<p>&nbsp;<\/p>\n<h6>Informovali jsme:<\/h6>\n<p><a href=\"https:\/\/zakrasnejsivimperk.cz\/?p=286055\" target=\"_blank\" rel=\"noopener\"><strong>P\u0158E\u010cT\u011aTE SI U N\u00c1S: Oh\u0148ostroje<\/strong>\u00a0<\/a>\u2013 Expertn\u00ed stanovisko Akademie v\u011bd \u010cR<\/p>\n<p>(<strong>\u00daryvek z textu:\u00a0<\/strong><em>Chemick\u00e9 l\u00e1tky a prachov\u00e9 \u010d\u00e1stice uvol\u0148ovan\u00e9 b\u011bhem oh\u0148ostroj\u016f jsou vysoce toxick\u00e9 a karcinogenn\u00ed. Maj\u00ed prokazateln\u011b negativn\u00ed a dlouhodob\u00fd dopad na lidsk\u00e9 zdrav\u00ed i \u017eivotn\u00ed prost\u0159ed\u00ed.)<\/em><\/p>\n<p>&nbsp;<\/p>\n<p>&nbsp;<\/p>\n<p><strong>Voly\u0148ka HOMOLKOV\u00c1<\/strong><\/p>\n<hr \/>\n<p>&nbsp;<\/p>\n<p>&nbsp;<\/p>\n","protected":false},"excerpt":{"rendered":"<p>&nbsp; ad <\/p>\n","protected":false},"author":2,"featured_media":294391,"comment_status":"open","ping_status":"open","sticky":false,"template":"","format":"gallery","meta":{"footnotes":""},"categories":[85,118],"tags":[],"jetpack_featured_media_url":"https:\/\/zakrasnejsivimperk.cz\/wp-content\/uploads\/2024\/01\/02\/glosar-020124.jpg","_links":{"self":[{"href":"https:\/\/zakrasnejsivimperk.cz\/index.php?rest_route=\/wp\/v2\/posts\/294386"}],"collection":[{"href":"https:\/\/zakrasnejsivimperk.cz\/index.php?rest_route=\/wp\/v2\/posts"}],"about":[{"href":"https:\/\/zakrasnejsivimperk.cz\/index.php?rest_route=\/wp\/v2\/types\/post"}],"author":[{"embeddable":true,"href":"https:\/\/zakrasnejsivimperk.cz\/index.php?rest_route=\/wp\/v2\/users\/2"}],"replies":[{"embeddable":true,"href":"https:\/\/zakrasnejsivimperk.cz\/index.php?rest_route=%2Fwp%2Fv2%2Fcomments&post=294386"}],"version-history":[{"count":2,"href":"https:\/\/zakrasnejsivimperk.cz\/index.php?rest_route=\/wp\/v2\/posts\/294386\/revisions"}],"predecessor-version":[{"id":294390,"href":"https:\/\/zakrasnejsivimperk.cz\/index.php?rest_route=\/wp\/v2\/posts\/294386\/revisions\/294390"}],"wp:featuredmedia":[{"embeddable":true,"href":"https:\/\/zakrasnejsivimperk.cz\/index.php?rest_route=\/wp\/v2\/media\/294391"}],"wp:attachment":[{"href":"https:\/\/zakrasnejsivimperk.cz\/index.php?rest_route=%2Fwp%2Fv2%2Fmedia&parent=294386"}],"wp:term":[{"taxonomy":"category","embeddable":true,"href":"https:\/\/zakrasnejsivimperk.cz\/index.php?rest_route=%2Fwp%2Fv2%2Fcategories&post=294386"},{"taxonomy":"post_tag","embeddable":true,"href":"https:\/\/zakrasnejsivimperk.cz\/index.php?rest_route=%2Fwp%2Fv2%2Ftags&post=294386"}],"curies":[{"name":"wp","href":"https:\/\/api.w.org\/{rel}","templated":true}]}}