{"id":29419,"date":"2015-08-27T17:51:16","date_gmt":"2015-08-27T16:51:16","guid":{"rendered":"http:\/\/zakrasnejsivimperk.cz\/?p=29419"},"modified":"2015-08-28T16:13:05","modified_gmt":"2015-08-28T15:13:05","slug":"vec-verejna-radnice-hodla-zaplatit-750-000-korun-tomu-kdo-se-postara-o-jeji-prezentaci-a-propagaci-mesta","status":"publish","type":"post","link":"https:\/\/zakrasnejsivimperk.cz\/?p=29419","title":{"rendered":"V\u011aC VE\u0158EJN\u00c1: Radnice zaplat\u00ed a\u017e 750 000 korun tomu, kdo se postar\u00e1 o jej\u00ed prezentaci a propagaci m\u011bsta"},"content":{"rendered":"<p style=\"text-align: justify;\"><strong>Vimpersk\u00e1 radnice zve\u0159ejnila podm\u00ednky ve\u0159ejn\u00e9 zak\u00e1zky nazvan\u00e9\u00a0\u201eM\u011bsto Vimperk &#8211; zaji\u0161t\u011bn\u00ed propagace a vztah\u016f s ve\u0159ejnost\u00ed (Public relations).\u201c<\/strong>\u00a0V dokumentu, kter\u00fd je k dispozici na <strong><a href=\"http:\/\/www.vimperk.cz\/files\/7715-vyzva-k-podani-nabidky-a-prokazani-splneni-kvalifikace-mesto-vimperk-zajisteni-propagace-a-vztahu-s-verejnosti-public-relations-.pdf\" target=\"_blank\">ofici\u00e1ln\u00edch webov\u00fdch str\u00e1nk\u00e1ch a na \u00fa\u0159edn\u00ed desce\u00a0m\u011bsta<\/a><\/strong>, mimo uv\u00e1d\u00ed:<\/p>\n<p style=\"text-align: justify;\">P\u0159edm\u011btem ve\u0159ejn\u00e9 zak\u00e1zky je \u010dinnost spo\u010d\u00edvaj\u00edc\u00ed v zaji\u0161\u0165ov\u00e1n\u00ed a zprost\u0159edkov\u00e1n\u00ed prezentace zadavatele na ve\u0159ejnosti a v m\u00e9di\u00edch v souladu s opr\u00e1vn\u011bn\u00fdmi z\u00e1jmy zadavatele a dlouhodob\u00fdmi c\u00edli jeho rady a zastupitelstva a d\u00e1le ve p\u0159\u00edprav\u011b a realizaci medi\u00e1ln\u00ed strategie pro oblast vztahu zadavatele s ve\u0159ejnost\u00ed (public relations) a pro oblast podpory turistick\u00e9ho ruchu na \u00fazem\u00ed zadavatele, zejm\u00e9na s ohledem na zji\u0161t\u011bn\u00ed konkr\u00e9tn\u00edch zp\u016fsob\u016f a prost\u0159edk\u016f komunikace, c\u00edlov\u00fdch skupin a p\u0159\u00edpadn\u00e9 strategie rozvoje slu\u017eeb zadavatele za \u00fa\u010delem zv\u00fd\u0161en\u00ed kvality jeho komunikace v\u016f\u010di ve\u0159ejnosti a jeho atraktivity pro oblast cestovn\u00edho ruchu. Uchaze\u010d bude pro zadavatele prov\u00e1d\u011bt i dal\u0161\u00ed \u010dinnosti dle sv\u00e9 \u00favahy, kter\u00e9 budou m\u00edt za c\u00edl pozitivn\u00ed prezentaci \u010dinnosti zadavatele na ve\u0159ejnosti a v m\u00e9di\u00edch a zv\u00fd\u0161en\u00ed jeho atraktivity v oblasti turistick\u00e9ho ruchu. Touto \u010dinnost\u00ed se rozum\u00ed nap\u0159\u00edklad spolupr\u00e1ce p\u0159i veden\u00ed facebookov\u00e9ho profilu m\u011bsta Vimperk, \u00fa\u010dast v redak\u010dn\u00ed rad\u011b Vimpersk\u00fdch novin, p\u0159\u00edprava a publikace p\u0159\u00edsp\u011bvk\u016f tamt\u00e9\u017e, organizace tiskov\u00fdch konferenc\u00ed, sepisov\u00e1n\u00ed tiskov\u00fdch zpr\u00e1v, komunikace s novin\u00e1\u0159i.<\/p>\n<p style=\"text-align: justify;\">P\u0159edpokl\u00e1dan\u00e1 doba pln\u011bn\u00ed zak\u00e1zky je od 1. \u0159\u00edjna leto\u0161n\u00edho roku do 31. listopadu 2018. P\u0159edpokl\u00e1dan\u00e1 finan\u010dn\u00ed hodnota (bez DPH) byla radou m\u011bsta stanovena na 750 000 korun.<\/p>\n<p style=\"text-align: justify;\"><strong>(red)<\/strong><\/p>\n<p>&nbsp;<\/p>\n<p>&nbsp;<\/p>\n<p style=\"text-align: justify;\">\n","protected":false},"excerpt":{"rendered":"<p>Vimpersk\u00e1 radnice <\/p>\n","protected":false},"author":2,"featured_media":0,"comment_status":"open","ping_status":"open","sticky":false,"template":"","format":"standard","meta":{"footnotes":""},"categories":[7],"tags":[],"jetpack_featured_media_url":"","_links":{"self":[{"href":"https:\/\/zakrasnejsivimperk.cz\/index.php?rest_route=\/wp\/v2\/posts\/29419"}],"collection":[{"href":"https:\/\/zakrasnejsivimperk.cz\/index.php?rest_route=\/wp\/v2\/posts"}],"about":[{"href":"https:\/\/zakrasnejsivimperk.cz\/index.php?rest_route=\/wp\/v2\/types\/post"}],"author":[{"embeddable":true,"href":"https:\/\/zakrasnejsivimperk.cz\/index.php?rest_route=\/wp\/v2\/users\/2"}],"replies":[{"embeddable":true,"href":"https:\/\/zakrasnejsivimperk.cz\/index.php?rest_route=%2Fwp%2Fv2%2Fcomments&post=29419"}],"version-history":[{"count":7,"href":"https:\/\/zakrasnejsivimperk.cz\/index.php?rest_route=\/wp\/v2\/posts\/29419\/revisions"}],"predecessor-version":[{"id":29535,"href":"https:\/\/zakrasnejsivimperk.cz\/index.php?rest_route=\/wp\/v2\/posts\/29419\/revisions\/29535"}],"wp:attachment":[{"href":"https:\/\/zakrasnejsivimperk.cz\/index.php?rest_route=%2Fwp%2Fv2%2Fmedia&parent=29419"}],"wp:term":[{"taxonomy":"category","embeddable":true,"href":"https:\/\/zakrasnejsivimperk.cz\/index.php?rest_route=%2Fwp%2Fv2%2Fcategories&post=29419"},{"taxonomy":"post_tag","embeddable":true,"href":"https:\/\/zakrasnejsivimperk.cz\/index.php?rest_route=%2Fwp%2Fv2%2Ftags&post=29419"}],"curies":[{"name":"wp","href":"https:\/\/api.w.org\/{rel}","templated":true}]}}