{"id":293760,"date":"2024-01-01T17:37:08","date_gmt":"2024-01-01T16:37:08","guid":{"rendered":"https:\/\/zakrasnejsivimperk.cz\/?p=293760"},"modified":"2024-01-04T16:30:47","modified_gmt":"2024-01-04T15:30:47","slug":"nase-mesto-vimperk-obecne-zavazna-vyhlaska-mesta-vimperk-c-7-2023-o-mistnim-poplatku-za-obecni-system-odpadoveho-hospodarstvi","status":"publish","type":"post","link":"https:\/\/zakrasnejsivimperk.cz\/?p=293760","title":{"rendered":"NA\u0160E M\u011aSTO VIMPERK: Obecn\u011b z\u00e1vazn\u00e1 vyhl\u00e1\u0161ka m\u011bsta Vimperk \u010d. 7\/2023 o m\u00edstn\u00edm poplatku za obecn\u00ed syst\u00e9m odpadov\u00e9ho hospod\u00e1\u0159stv\u00ed"},"content":{"rendered":"<h6>Vyhl\u00e1\u0161ku ve form\u00e1tu PDF m\u016f\u017eete \u010d\u00edst po kliknut\u00ed na obr\u00e1zek:<\/h6>\n<p>&nbsp;<\/p>\n<p><a href=\"https:\/\/zakrasnejsivimperk.cz\/wp-content\/uploads\/2023\/12\/18\/vyhlaska-odpady.pdf\" target=\"_blank\" rel=\"noopener\"><img loading=\"lazy\" decoding=\"async\" class=\"aligncenter wp-image-293762 size-full\" src=\"https:\/\/zakrasnejsivimperk.cz\/wp-content\/uploads\/2023\/12\/18\/ram-vyhlaska-odpady.jpg\" alt=\"\" width=\"920\" height=\"1100\" srcset=\"https:\/\/zakrasnejsivimperk.cz\/wp-content\/uploads\/2023\/12\/18\/ram-vyhlaska-odpady.jpg 920w, https:\/\/zakrasnejsivimperk.cz\/wp-content\/uploads\/2023\/12\/18\/ram-vyhlaska-odpady-251x300.jpg 251w, https:\/\/zakrasnejsivimperk.cz\/wp-content\/uploads\/2023\/12\/18\/ram-vyhlaska-odpady-856x1024.jpg 856w, https:\/\/zakrasnejsivimperk.cz\/wp-content\/uploads\/2023\/12\/18\/ram-vyhlaska-odpady-768x918.jpg 768w, https:\/\/zakrasnejsivimperk.cz\/wp-content\/uploads\/2023\/12\/18\/ram-vyhlaska-odpady-299x357.jpg 299w, https:\/\/zakrasnejsivimperk.cz\/wp-content\/uploads\/2023\/12\/18\/ram-vyhlaska-odpady-404x483.jpg 404w\" sizes=\"(max-width: 920px) 100vw, 920px\" \/><\/a><\/p>\n<p>&nbsp;<\/p>\n<p><strong>Zdroj: M\u011aSTO VIMPERK<\/strong><\/p>\n<p>(red) &#8211; Za kr\u00e1sn\u011bj\u0161\u00ed Vimperk<\/p>\n<hr \/>\n<p>&nbsp;<\/p>\n<p>&nbsp;<\/p>\n","protected":false},"excerpt":{"rendered":"<p>Vyhl\u00e1\u0161ku ve <\/p>\n","protected":false},"author":2,"featured_media":293762,"comment_status":"open","ping_status":"open","sticky":false,"template":"","format":"gallery","meta":{"footnotes":""},"categories":[91,119,108],"tags":[],"jetpack_featured_media_url":"https:\/\/zakrasnejsivimperk.cz\/wp-content\/uploads\/2023\/12\/18\/ram-vyhlaska-odpady.jpg","_links":{"self":[{"href":"https:\/\/zakrasnejsivimperk.cz\/index.php?rest_route=\/wp\/v2\/posts\/293760"}],"collection":[{"href":"https:\/\/zakrasnejsivimperk.cz\/index.php?rest_route=\/wp\/v2\/posts"}],"about":[{"href":"https:\/\/zakrasnejsivimperk.cz\/index.php?rest_route=\/wp\/v2\/types\/post"}],"author":[{"embeddable":true,"href":"https:\/\/zakrasnejsivimperk.cz\/index.php?rest_route=\/wp\/v2\/users\/2"}],"replies":[{"embeddable":true,"href":"https:\/\/zakrasnejsivimperk.cz\/index.php?rest_route=%2Fwp%2Fv2%2Fcomments&post=293760"}],"version-history":[{"count":2,"href":"https:\/\/zakrasnejsivimperk.cz\/index.php?rest_route=\/wp\/v2\/posts\/293760\/revisions"}],"predecessor-version":[{"id":293764,"href":"https:\/\/zakrasnejsivimperk.cz\/index.php?rest_route=\/wp\/v2\/posts\/293760\/revisions\/293764"}],"wp:featuredmedia":[{"embeddable":true,"href":"https:\/\/zakrasnejsivimperk.cz\/index.php?rest_route=\/wp\/v2\/media\/293762"}],"wp:attachment":[{"href":"https:\/\/zakrasnejsivimperk.cz\/index.php?rest_route=%2Fwp%2Fv2%2Fmedia&parent=293760"}],"wp:term":[{"taxonomy":"category","embeddable":true,"href":"https:\/\/zakrasnejsivimperk.cz\/index.php?rest_route=%2Fwp%2Fv2%2Fcategories&post=293760"},{"taxonomy":"post_tag","embeddable":true,"href":"https:\/\/zakrasnejsivimperk.cz\/index.php?rest_route=%2Fwp%2Fv2%2Ftags&post=293760"}],"curies":[{"name":"wp","href":"https:\/\/api.w.org\/{rel}","templated":true}]}}