{"id":293662,"date":"2023-12-17T16:27:27","date_gmt":"2023-12-17T15:27:27","guid":{"rendered":"https:\/\/zakrasnejsivimperk.cz\/?p=293662"},"modified":"2023-12-20T18:50:54","modified_gmt":"2023-12-20T17:50:54","slug":"david-martinek-svoboda-projevu","status":"publish","type":"post","link":"https:\/\/zakrasnejsivimperk.cz\/?p=293662","title":{"rendered":"DAVID MARTINEK: Svoboda projevu"},"content":{"rendered":"<h6><a href=\"https:\/\/www.sosp.cz\/otevreny-dopis-premierovi\/\" target=\"_blank\" rel=\"noopener\">V\u00fdzva a otev\u0159en\u00fd dopis vl\u00e1d\u011b Petra Fialy<\/a>, kterou zve\u0159ejnila <a href=\"https:\/\/www.sosp.cz\/\" target=\"_blank\" rel=\"noopener\">Spole\u010dnost pro obranu svobody projevu<\/a> je jedn\u00edm z impulz\u016f, kter\u00fd ilustruje zm\u011bnu v ch\u00e1p\u00e1n\u00ed postaven\u00ed podstatn\u00e9 \u010d\u00e1sti spole\u010dnosti. T\u00e9 \u010d\u00e1sti spole\u010dnosti, kter\u00e1 si uv\u011bdomuje, \u017ee probl\u00e9my spole\u010dnosti jak v ekonomick\u00e9 rovin\u011b, tak v rovin\u011b politick\u00e9ho uspo\u0159\u00e1d\u00e1n\u00ed syst\u00e9mu vypl\u00fdvaj\u00ed podstatnou m\u011brou ze zp\u016fsobu, jak\u00fdm zde, v \u010desk\u00e9 kotlince, postupujeme v ot\u00e1zce svobody slova. Tedy v ot\u00e1zce otev\u0159en\u00e9, demokratick\u00e9 v\u00fdm\u011bny n\u00e1zor\u016f, kter\u00e1 je z\u00e1kladn\u00edm atributem a motorem demokracie i demokratick\u00e9ho syst\u00e9mu.<\/h6>\n<p><img loading=\"lazy\" decoding=\"async\" class=\"size-full wp-image-274416 alignright\" src=\"https:\/\/zakrasnejsivimperk.cz\/wp-content\/uploads\/2023\/03\/04\/david-martinek.jpg\" alt=\"\" width=\"264\" height=\"300\" \/>Demokracie v zemi stoj\u00ed a pad\u00e1 na svobodn\u00e9 v\u00fdm\u011bn\u011b n\u00e1zor\u016f. Je to jeden z nejz\u00e1kladn\u011bj\u0161\u00edch a nejd\u016fle\u017eit\u011bj\u0161\u00edch prvk\u016f demokracie. Je to p\u0159\u00edmo pr\u00e1vo. Pr\u00e1vo ob\u010dan\u016f svobodn\u011b a beztrestn\u011b se vyjad\u0159ovat ke spole\u010densk\u00fdm probl\u00e9m\u016fm. Je to pr\u00e1vo, chr\u00e1n\u011bn\u00e9 \u00dastavou. Bez tohoto pr\u00e1va, bez svobody my\u0161len\u00ed a svobody projevu ne\u017eijeme v demokracii, ale v pouh\u00e9 n\u00e1podob\u011b demokracie.<\/p>\n<p>Co\u017e, tvrd\u00edm dlouhodob\u011b, je skute\u010dn\u00fd stav demokracie v zemi. Ne\u017eijeme v demokracii, \u017eijeme v iluzorn\u00ed verzi demokracie, kter\u00e1 m\u00e1 ke skute\u010dn\u00e9 demokracii daleko.<br \/>\nD\u016fvod\u016f je v\u00edce.<\/p>\n<h6>\ud835\udded\ud835\uddee\u0301\ud835\uddfd\ud835\uddee\ud835\ude00 \ud835\uddfc \ud835\uddf1\ud835\uddf2\ud835\uddfa\ud835\uddfc\ud835\uddf8\ud835\uddff\ud835\uddee\ud835\ude01\ud835\uddf6\ud835\uddf0\ud835\uddf8\ud835\ude06\u0301 \ud835\ude00\ud835\ude01\ud835\uddee\ud835\ude01\ud835\ude02\ud835\ude00<\/h6>\n<p>Prvn\u00edm d\u016fvodem je, \u017ee \u017eijeme v syst\u00e9mu, kde demokratick\u00fd status byl zde p\u0159izn\u00e1n jen ur\u010dit\u00e9 \u010d\u00e1sti politick\u00e9ho spektra. A spolu s n\u00edm pouze ur\u010dit\u00e9 \u010d\u00e1sti ve\u0159ejn\u00fdch \u010dinitel\u016f, mluv\u010d\u00edch, novin\u00e1\u0159\u016f a jin\u00fdch akt\u00e9r\u016f politick\u00e9 sout\u011b\u017ee, kte\u0159\u00ed maj\u00ed jak\u00e9si obmysln\u00e9 \u201epr\u00e1vo\u201c posuzovat a hodnotit, co, nebo kdo m\u00e1 v t\u00e9to zemi demokratick\u00fd status. Kdo je a kdo nen\u00ed demokratem.<\/p>\n<p>Zat\u00edmco nomin\u00e1ln\u00ed demokrat\u00e9, za n\u011b\u017e se pova\u017euje tato vl\u00e1da a jej\u00ed \u0159\u00eddnouc\u00ed p\u0159\u00edvr\u017eenci, dr\u017e\u00ed jak\u00fdsi obmysln\u00fd prapor demokracie, ostatn\u00ed akt\u00e9\u0159i politick\u00fdch a spole\u010densk\u00fdch z\u00e1pas\u016f jsou pova\u017eov\u00e1ni za ne-demokraty, nedostate\u010dn\u00e9 demokraty a v posledn\u00ed dob\u011b p\u0159\u00edmo za asoci\u00e1ln\u00ed \u017eivly, ohro\u017een\u00ed demokracie, nebo dezol\u00e1ty. Co\u017e je brut\u00e1ln\u00ed, nep\u0159\u00edpustn\u00e1 denunciace, klasifikovan\u00e1 obvykle z pozice arogantn\u00ed sebest\u0159edn\u00e9 ekipy m\u00edstn\u00edch lokaj\u016f, kter\u00e1 takto n\u00e1zory podstatn\u00e9 \u010d\u00e1sti \u010desk\u00e9 majority systematicky dekvalifikuje.<\/p>\n<p>Na tomto stavu je vtipn\u00e9 pouze to, jak hlubok\u00fdm nepochopen\u00edm institut\u016f demokracie, procesu vzniku demokracie, kl\u00ed\u010dov\u00fdch a zlomov\u00fdch okam\u017eik\u016f historie, kter\u00e9 vedly, p\u0159edev\u0161\u00edm na Z\u00e1pad\u011b, k demokracii, se m\u00edstn\u00ed lokajsk\u00e1 kasta prezentuje. P\u0159esto\u017ee tato lokajsk\u00e1 ekipa sama sebe vn\u00edm\u00e1 jako nositele demokratick\u00fdch hodnot, ve skute\u010dnosti p\u0159edstavuj\u00ed \u010dasto jen posttotalitn\u00ed pokra\u010dov\u00e1n\u00ed n\u011bkdej\u0161\u00ed komunistick\u00e9 moci, kter\u00e1 sice zm\u011bnila geopolitick\u00fd vektor, ale nikoliv sv\u00e9 my\u0161len\u00ed, zp\u016fsob politick\u00e9ho soupe\u0159en\u00ed, metody prosazov\u00e1n\u00ed moci, nato\u017e aby p\u0159istoupila na demokracii jako obecn\u011b uzn\u00e1van\u00fd princip.<\/p>\n<p>Tento princip jde pojmenovat vcelku jednodu\u0161e. V politice hrajeme na h\u0159i\u0161ti, kde ur\u010dit\u00e1 \u010d\u00e1st politiky, tedy nomin\u00e1ln\u00ed demokrat\u00e9, ovl\u00e1daj\u00ed st\u00e1t, jeho instituce a \u00fa\u0159ady a jsou nomin\u00e1ln\u00edmi p\u0159edstaviteli demokratick\u00fdch hodnot. Tento status, kter\u00fd vze\u0161el z kvasu d\u011bn\u00ed listopadu 1989, p\u0159etrval a\u017e do dne\u0161n\u00ed doby. Volba prezidenta, stejn\u011b jako volby v roce 2021 jednozna\u010dn\u011b uk\u00e1zaly, \u017ee spole\u010dnost si p\u0159eje nominanty, kte\u0159\u00ed ve sv\u00fdch projevech pl\u00e9duj\u00ed demokracii.<\/p>\n<p>Ostatn\u00ed jsou za nedemokraty. Jak vtipn\u00e9. Jednoduch\u00e9. A \u00fa\u010dinn\u00e9.<\/p>\n<p>B\u00fdt demokratem, tedy alespo\u0148 nomin\u00e1ln\u00edm, je pro polistopadov\u00e9 strany obrovskou v\u00fdhodou. V\u011bt\u0161ina lid\u00ed si to neuv\u011bdomuje. Proto\u017ee v politick\u00e9m z\u00e1pase sehr\u00e1vaj\u00ed roli dvouhlav\u00e9ho telete. Na jedn\u00e9 stran\u011b jsou akt\u00e9ry politick\u00e9ho z\u00e1pasu a z\u00e1rove\u0148 politick\u00fd z\u00e1pas sami rozhoduj\u00ed. Kdokoliv, kdo nomin\u00e1ln\u00ed polistopadov\u00e9 demokraty dok\u00e1\u017ee ohrozit, nebo jim jen konkurovat, je jednodu\u0161e ozna\u010den za ne-demokrata.<\/p>\n<p>V\u0161imn\u011bte si jednoduch\u00e9 praktiky, jakou tato v\u011bc prob\u00edh\u00e1.<\/p>\n<p>Demonstrace opozice je prohl\u00e1\u0161ena za dezol\u00e1tn\u00ed a prorusk\u00e1. Kritick\u00e9 ve\u0159ejn\u00e9 projevy osobnost\u00ed jsou napadeny a ostrakizov\u00e1ny. V m\u00e9di\u00edch, hystericky zu\u0159ivou twitterovskou bublinou nebo st\u00e1tem podporovanou ekipou cenzor\u016f. L\u00edd\u0159i jednotliv\u00fdch hnut\u00ed jsou systematicky ozna\u010dov\u00e1ni jako nedemokrati\u010dt\u00ed, m\u00e1lo demokrati\u010dt\u00ed, \u010di rovnou nebezpe\u010dn\u00ed. Opozice je systematicky spojov\u00e1na s narrativy, kter\u00e9 posiluj\u00ed ve v\u011bt\u0161inov\u00e9 spole\u010dnosti p\u0159esv\u011bd\u010den\u00ed, \u017ee opozice, parlamentn\u00ed, mimoparlamentn\u00ed, alternativn\u00ed, vlasteneck\u00e1.. je pochopiteln\u011b ohro\u017een\u00edm st\u00e1tu.<\/p>\n<p>Bylo by to z\u00e1bavn\u00e9. A opozice se tomu i sm\u011bje.<\/p>\n<p>Ale nakonec, pokud se ke kritice syst\u00e9mu a p\u0159edev\u0161\u00edm kritice polistopadov\u00e9 moci p\u0159ipoj\u00ed vzd\u011blan\u00ed a fundovan\u00ed lid\u00e9, jsou vyhozeni ze zam\u011bstn\u00e1n\u00ed. Nebo rovnou postaveni p\u0159ed soud.<\/p>\n<p>Lid\u00e9 nev\u00ed, co se d\u011bje p\u0159ed soudy. Jak nepochopiteln\u00e9 a zcestn\u00e9 argumenty zazn\u00edvaj\u00ed z \u00fast st\u00e1tn\u00edch z\u00e1stupc\u016f a bohu\u017eel, soudc\u016f.<\/p>\n<p>Co\u017e se odehr\u00e1v\u00e1 v atmosf\u00e9\u0159e, kdy p\u0159edev\u0161\u00edm juveniln\u00ed dorost na soci\u00e1ln\u00edch s\u00edt\u00ed radostn\u011b tlesk\u00e1, \u017ee \u201edezol\u00e1t\u016fm n\u011bkdo kone\u010dn\u011b zav\u0159el hubu\u201c, kdy\u017e ocituje jedno z t\u011bch rozko\u0161n\u00fdch neosvaz\u00e1ck\u00fdch vyj\u00e1d\u0159en\u00ed.<\/p>\n<p>\u010c\u00edm se to li\u0161\u00ed od p\u0159edchoz\u00edho re\u017eimu?<\/p>\n<p>Komunist\u00e9 p\u0159ece podobnou taktiku pou\u017e\u00edvali tak\u00e9. Zastra\u0161ov\u00e1n\u00edm, vyhazovy z pr\u00e1ce, soudn\u00edmi procesy s lidmi vzp\u00edraj\u00edc\u00edmi se re\u017eimu, ve\u0159ejnou dehonestac\u00ed. Kdy takto docilovali ve\u0159ejn\u00e9ho souhlasu s vl\u00e1dn\u00ed politikou.<br \/>\nZa souhlasu svaz\u00e1ck\u00fdch aktiv\u016f, kolektivn\u00edch v\u00fdzev a \u0161tvan\u00ed prore\u017eimn\u00edho tisku. V \u010dem je to nyn\u00ed jin\u00e9?<br \/>\nV\u011bt\u0161ina voli\u010d\u016f vl\u00e1dn\u00edch stran v tomto st\u00e1t\u011b st\u00e1le v\u011b\u0159\u00ed, \u017ee vl\u00e1dn\u00ed strany p\u0159edstavuj\u00ed demokracii. Naopak, naprost\u00e1 v\u011bt\u0161ina lid\u00ed v opozici u\u017e d\u00e1vno ch\u00e1pe, \u017ee je tomu naopak. Ve vl\u00e1d\u011b existuje mocensk\u00fd blok, politick\u00fd kartel, kter\u00fd se demokraci\u00ed pouze za\u0161ti\u0165uje a Pir\u00e1ti, kte\u0159\u00ed tvo\u0159\u00ed nepochopitelnou staf\u00e1\u017e tohoto obludn\u00e9ho uskupen\u00ed.<\/p>\n<h6>\ud835\udddf\ud835\uddf6\ud835\uddf1\ud835\uddf2\u0301 \ud835\uddfa\ud835\uddf6\ud835\uddf9\ud835\ude02\ud835\uddf7\ud835\uddf6\u0301 \ud835\uddf1\ud835\uddf2\ud835\uddfa\ud835\uddfc\ud835\uddf8\ud835\uddff\ud835\uddee\ud835\uddf0\ud835\uddf6\ud835\uddf6<\/h6>\n<p>Je to naprosto pochopiteln\u00e9.<\/p>\n<p>S\u00e1m jsem ortodoxn\u00edm zast\u00e1ncem demokracie.<\/p>\n<p>Opozice d\u011bl\u00e1 obrovskou chybu, \u017ee neusiluje vytrvale o demokratick\u00fd status. Podle m\u011b je to z\u00e1kladn\u00ed postoj, rozhoduj\u00edc\u00ed pro politick\u00fd \u00fasp\u011bch v zemi. Opozice se spr\u00e1vn\u011b soust\u0159e\u010fuje na vl\u00e1dn\u00ed p\u0159e\u0161lapy a kritiku ekonomick\u00fdch ne\u00fasp\u011bch\u016f vl\u00e1dy. Ale to nesta\u010d\u00ed.<\/p>\n<p>Z m\u00e9ho pohledu je nutn\u00e9 vyv\u00e9st opozici, strany i jednotliv\u00e1 hnut\u00ed z obmysln\u00e9ho antidemokratick\u00e9ho ghetta. Kam byla zahn\u00e1na politikou polistopadov\u00fdch stran, tak, pochopiteln\u011b, po l\u00e9ta p\u0159izvukuj\u00edc\u00edmi m\u00e9dii.<\/p>\n<p>Je pot\u0159eba navz\u00e1jem siln\u011b podpo\u0159it lidi, kte\u0159\u00ed se dok\u00e1zali osvobodit od maistreamu, opustit sv\u00e1 postaven\u00ed v instituc\u00edch, akademick\u00e9m prost\u0159ed\u00ed, nebo politice a odm\u00edtli se d\u00e1l pod\u00edlet na celospole\u010densk\u00e9m marasmu, vypl\u00fdvaj\u00edc\u00edm pr\u00e1v\u011b z nenapln\u011bn\u00fdch podm\u00ednek pro vznik skute\u010dn\u00e9 demokracie v zemi. Je pot\u0159eba zabr\u00e1nit v\u011bzn\u011bn\u00ed z politick\u00fdch d\u016fvod\u016f. Je pot\u0159eba v\u00e9st siln\u00fd dialog, p\u0159estat se b\u00e1t, skr\u00fdvat, m\u00e1vnout nad v\u00fdvojem ruku. S t\u00edm, \u017ee ten z\u00e1pas povede n\u011bkdo za n\u00e1s.<\/p>\n<p>Nepovede. Kdy\u017e budete ml\u010det, dostanete se do pozice, jak\u00e1 tady byla za komunist\u016f.<br \/>\nMl\u010d\u00edc\u00ed, zastra\u0161en\u00e9 v\u011bt\u0161iny.<\/p>\n<h6>\ud835\udde3\ud835\uddf9\ud835\uddee\u0301\ud835\uddfb \ud835\uddd5<\/h6>\n<p>Druhou v\u011bc\u00ed, stejn\u011b d\u016fle\u017eitou, je pl\u00e1n B. Tedy d\u016fsledn\u00e1 p\u0159\u00edprava projekt\u016f reforem st\u00e1tn\u00ed spr\u00e1vy, osy instituc\u00ed, chodu a fungov\u00e1n\u00ed st\u00e1tu, ekonomiky, pr\u016fmyslu a v\u0161ech podstatn\u00fdch sektor\u016f, kter\u00e9 jsou rozhoduj\u00edc\u00ed pro chod st\u00e1tu. Pr\u016fmyslu. Dopravy. V\u011bdy. Zem\u011bd\u011blsk\u00e9 politiky. \u0160kolstv\u00ed. Zdravotnictv\u00ed. Arm\u00e1dy a silov\u00fdch slo\u017eek st\u00e1tu. Policie, vnitra, bezpe\u010dnostn\u00edho apar\u00e1tu st\u00e1tu. Zahrani\u010dn\u00ed politiky. Kultury a sportu.<\/p>\n<p>Pokud opozice promarn\u00ed \u010das na p\u0159\u00edpravu smyslupln\u00fdch projekt\u016f, ocitne se v p\u0159\u00ed\u0161t\u00edch volb\u00e1ch a p\u0159edev\u0161\u00edm, po p\u0159\u00ed\u0161t\u00edch volb\u00e1ch, v t\u00e9\u017ee situaci, v jak\u00e9 je tato mizern\u00e1 vl\u00e1da. Kter\u00e1 m\u011bla jedin\u00fd spojuj\u00edc\u00ed prvek. Antibabi\u0161. Co\u017e je naprosto tristn\u00ed.<\/p>\n<p>Pokud je pl\u00e1nem opozice Antifiala, nem\u00e1 smysl uva\u017eovat o tom, \u017ee by se m\u011bla dostat k vl\u00e1dn\u00edm kormidl\u016fm. V\u00fdsledek bude podobn\u00fd.<\/p>\n<p>Nejpodstatn\u011bj\u0161\u00ed v\u011bc\u00ed je ale demokratick\u00fd status opozi\u010dn\u00edch hnut\u00ed. Parlamentn\u00edch, mimoparlamentn\u00edch, vlasteneck\u00fdch i alternativn\u00edch. Lid\u00e9 cht\u011bj\u00ed \u017e\u00edt v demokracii a je to dobr\u00e1 cesta, kter\u00e1 vede do dobr\u00e9 budoucnosti.<\/p>\n<h6>\ud835\udde6\ud835\uddf8\ud835\uddf2\ud835\uddfd\ud835\ude00\ud835\uddf2 \ud835\ude03\ud835\ude02\u030a\ud835\uddf0\u030c\ud835\uddf6 \ud835\uddf1\ud835\uddf2\ud835\uddfa\ud835\uddfc\ud835\uddf8\ud835\uddff\ud835\uddee\ud835\uddf0\ud835\uddf6\ud835\uddf6<\/h6>\n<p>Samoz\u0159ejm\u011b. Obecn\u00e1, panuj\u00edc\u00ed skepse, se prom\u00edt\u00e1 v ned\u016fv\u011bru v demokracii. Lze to pochopit. Kdy\u017e denn\u011b vid\u00edte nomin\u00e1ln\u00ed demokraty p\u0159i v\u00fdkonu funkc\u00ed, lid\u00e9 za\u010dnou hledat alternativy v r\u016fzn\u00fdch jin\u00fdch form\u00e1ch uspo\u0159\u00e1d\u00e1n\u00ed spole\u010dnosti. Tak\u017ee nen\u00ed neobvykl\u00e9, kdy\u017e se zde zva\u017euj\u00ed mo\u017enosti jak\u00e9hosi uv\u011bdom\u011bl\u00e9ho patriotick\u00e9ho a osv\u00edcen\u00e9ho vl\u00e1dce\u2026 co\u017e je p\u0159\u00edm\u00e1 cesta k autokracii a oligarchii, na jej\u00edm\u017e konci lze naj\u00edt jedin\u00e9. Formu v\u011bt\u0161\u00ed \u010di men\u0161\u00ed tyranie.<\/p>\n<p>Stejn\u011b tak zva\u017eovan\u00e9 ultralevicov\u00e9, \u010di ultrapravicov\u00e9 varianty v\u00fdvoje. Diskutabiln\u00ed a v mnoha ohledech ur\u010den\u00e9 v\u00fdhradn\u011b k v\u011bcn\u00e9 debat\u011b a podrobn\u00e9mu zkoum\u00e1n\u00ed, nejl\u00e9pe v akademick\u00e9 rovin\u011b.<\/p>\n<p>Zat\u00edmco prvn\u00ed z cest vede, v postupn\u00e9m sledu krok\u016f k pln\u011b regulovan\u00e9 a st\u00e1tem \u0159\u00edzen\u00e9 ekonomice i politice, sm\u011b\u0159uj\u00edc\u00ed k demotivaci a rozkladu, co\u017e velmi n\u00e1zorn\u011b ukazuj\u00ed p\u0159\u00edklady z minulosti, nebo p\u0159\u00edklady z Latinsk\u00e9 Ameriky, na stran\u011b druh\u00e9, ultrakapitalistick\u00e9 a ultrapravicov\u00e9 modely, r\u016fzn\u00e9 verze Suhartovsk\u00fdch a Pinochetovsk\u00fdch re\u017eim\u016f vedou nakonec k tot\u00e1ln\u00ed nadvl\u00e1d\u011b politick\u00e9 moci, zaji\u0161\u0165ovan\u00e9 arm\u00e1dou a terorem. Nebo, v sofistikovan\u011bj\u0161\u00edch verz\u00edch, k nadvl\u00e1d\u011b nep\u0159iznan\u00fdch monopol\u016f a oligopol\u016f, finan\u010dn\u00edch, bankovn\u00edch, technologick\u00fdch, korporativn\u00edch, p\u016fsob\u00edc\u00edch glob\u00e1ln\u011b; nivelizuj\u00edc\u00edch p\u0159irozen\u00e1 prost\u0159ed\u00ed a diverzity a stav\u00edc\u00edch st\u00e1ty do druho\u0159ad\u00e9 role p\u0159\u00edjemce rozhodnut\u00ed.<\/p>\n<p>Na konec. Doba p\u0159inese i r\u016fzn\u00e9 chiliastick\u00e9 sekty, r\u016fzn\u00e9 dysfunk\u010dn\u00ed alternativn\u00ed teorie a hnut\u00ed, postaven\u00e1 na charismatick\u00fdch guru, kte\u0159\u00ed se zpravidla vyno\u0159\u00ed s koncem ur\u010dit\u00e9 epochy.<\/p>\n<p>Jsme p\u0159eborn\u00edky v hled\u00e1n\u00ed \u0161patn\u00fdch cest.<\/p>\n<p>Demokracie, po stalet\u00ed proch\u00e1zej\u00edc\u00ed obrovsk\u00fdmi zvraty a z\u00e1pasy, si vytvo\u0159ila dostatek n\u00e1stroj\u016f pro prosazov\u00e1n\u00ed rozumn\u00fdch politik. To, \u017ee zde, stejn\u011b jako v okoln\u00edch st\u00e1tech b\u00fdval\u00e9 st\u0159edn\u00ed a v\u00fdchodn\u00ed Evropy, Ukrajiny, Ruska a dal\u0161\u00edch zem\u00ed b\u00fdval\u00e9ho v\u00fdchodn\u00edho bloku, demokratick\u00e9 instituty selh\u00e1vaj\u00ed, jednodu\u0161e znamen\u00e1, \u017ee spole\u010dnost velmi t\u011b\u017ece z\u00e1pas\u00ed s jejich implementac\u00ed. A abychom byli p\u0159esn\u00ed a pravdiv\u00ed, nem\u016f\u017eeme hledat jak\u00fdsi ide\u00e1l na obmysln\u00e9m Z\u00e1pad\u011b. Jak nut\u00ed profesor Fiala. Na\u0161e ekonomick\u00e9 i politick\u00e9 syst\u00e9my se odv\u00edjely rozd\u00edln\u00fdmi zp\u016fsoby a my k vlastn\u00edmu, funguj\u00edc\u00edmu modelu politiky i ekonomiky mus\u00edme dosp\u011bt sami. Vlastn\u00edmi pern\u00fdmi vnit\u0159n\u00edmi z\u00e1pasy. Jejich\u017e osou je starost a p\u00e9\u010de o vlastn\u00ed st\u00e1t a obyvatele.<\/p>\n<p>Stejn\u011b tak plat\u00ed, \u017ee na\u0161e cesta nevede cestou \u010c\u00edny, Ruska, Bl\u00edzk\u00e9ho v\u00fdchodu, Afriky \u010di zem\u00ed Latinsk\u00e9 Ameriky. Budoucnost uk\u00e1\u017ee, \u017ee cestou je p\u0159irozen\u00e1 diverzita, vypl\u00fdvaj\u00edc\u00ed z konkr\u00e9tn\u00edch podm\u00ednek pro p\u0159e\u017eit\u00ed a jednotliv\u00e9 syst\u00e9my multipol\u00e1rn\u00edho sv\u011bta se budou p\u0159irozen\u011b v\u00fdznamn\u011b li\u0161it.<\/p>\n<p>Dnes u\u017e existuje v\u00fdrazn\u00fd celospole\u010densk\u00fd proud, v jeho\u017e j\u00e1dru je naprosto b\u011b\u017en\u00e9, \u017ee jednotliv\u00ed lid\u00e9, l\u00edd\u0159i, zaj\u00edmav\u00e9 osobnosti, ovl\u00e1daj\u00ed vcelku p\u0159esv\u011bd\u010div\u011b logiku spole\u010densk\u00fdch a politick\u00fdch z\u00e1pas\u016f. Kde se b\u011b\u017en\u011b vedou debaty, na hony vzd\u00e1len\u00e9 obvykl\u00e9mu diskurzu. Kde se setk\u00e1vaj\u00ed zast\u00e1nci ekonomick\u00fdch sm\u011br\u016f, v debat\u00e1ch nad geopolitick\u00fdmi souvislostmi a tato debata je vedena naprosto v\u011bcn\u011b. S ohledem na mo\u017enosti zem\u011b, kontinentu, gl\u00f3bu. Z t\u011bchto debat se rod\u00ed rozumn\u00e9 \u00favahy, z nich\u017e lze vyselektovat p\u0159\u00ed\u0161t\u00ed smyslupln\u00e9 sm\u011b\u0159ov\u00e1n\u00ed chodu st\u00e1tu.<\/p>\n<p>Z tohoto dialogu nen\u00ed nikdo vylou\u010den. Demokracie je o tom, \u017ee vedle sebe polo\u017e\u00edte, ve smyslu plat\u00f3novsk\u00e9ho symposia, koncepty fungov\u00e1n\u00ed st\u00e1tu, pravicov\u00e9, levicov\u00e9, alternativn\u00ed \u010di vlasteneck\u00e9 a v\u011bcn\u011b, fundovan\u011b hled\u00e1te cestu, kter\u00e1 bude nejlep\u0161\u00ed pro polis, st\u00e1t, lidi a spole\u010dnost.<\/p>\n<h6>\ud835\uddd7\ud835\uddf6\ud835\uddee\ud835\uddf9\ud835\uddfc\ud835\uddf4 \ud835\ude02\ud835\ude03\ud835\uddfb\ud835\uddf6\ud835\ude01\ud835\uddff\u030c<\/h6>\n<p>Co je podstatn\u00e9, je fakt, \u017ee proces a dialog ji\u017e za\u010dal. \u010casto naprosto stranou provozu m\u00e9di\u00ed. Odehr\u00e1v\u00e1, v \u010dil\u00e9 komunikaci n\u00e1zorov\u00fdch proud\u016f b\u011bhem organizace demonstrac\u00ed, ve velk\u00e9 \u0159ad\u011b alternativn\u00edch medi\u00e1ln\u00edch projekt\u016f, v debat\u00e1ch, podcastech, na soci\u00e1ln\u00edch s\u00edt\u00edch. V rozhovorech a klidn\u011b i dom\u00e1cky organizovan\u00fdch setk\u00e1n\u00edch, kde se lid\u00e9 z r\u016fzn\u00fdch proud\u016f \u010dasto setkaj\u00ed, zasm\u011bj\u00ed a vcelku rychle shodnou na podstat\u011b probl\u00e9m\u016f.<br \/>\nOdehr\u00e1v\u00e1 se ve velk\u00e9 \u0159ad\u011b aktivit, jako je nap\u0159\u00edklad tato podn\u011btn\u00e1 aktivita Spolku pro ochranu svobody projevu, na \u0159ekn\u011bme konzervativn\u00ed a pravicov\u00e9 \u010d\u00e1sti spektra.<\/p>\n<p>A stejn\u011b tak na prezentac\u00edch levicov\u011bji sm\u00fd\u0161lej\u00edc\u00ed \u010d\u00e1sti spektra, spolk\u016f jako Svatopluk, Jungmannova akademie, Institut \u010desk\u00e9 levice nebo nov\u011b vznikl\u00e9ho hnut\u00ed Sta\u010dilo! Stejn\u011b tak, na pravicov\u00e9 \u010d\u00e1sti spektra, p\u0159edn\u00e1\u0161ky, volebn\u00ed m\u00edtinky parlamentn\u00ed a mimoparlamentn\u00ed opozice a p\u0159edev\u0161\u00edm usilovn\u00e1 snaha jednat s odborn\u00edky, hledat \u0159e\u0161en\u00ed, stav\u011bt odborn\u00e9 panely. Kdo vid\u011bl, nebo se \u00fa\u010dastnil setk\u00e1n\u00ed, kter\u00e1 organizuje doktor Rajchl z uskupen\u00ed PRO, setk\u00e1n\u00ed, kter\u00e1 organizuje SPD, \u010di st\u0159edov\u00e9 ANO, v\u00ed velmi dob\u0159e, \u017ee l\u00edd\u0159i hovo\u0159\u00ed p\u0159ed pln\u00fdmi s\u00e1ly a tyto debaty jsou mimo\u0159\u00e1dn\u011b otev\u0159en\u00e9, konkr\u00e9tn\u00ed a funk\u010dn\u00ed.<\/p>\n<p>Do korpor\u00e1tn\u00edch m\u00e9di\u00ed se pochopiteln\u011b dostane jen minimum z debat a j\u00e1dra sd\u011blen\u00ed. Obvykle jsou zde l\u00edd\u0159i v postaven\u00ed obt\u00ed\u017en\u00e9 a nedemokratick\u00e9 opozice, kterou je t\u0159eba medi\u00e1ln\u011b umravnit a nejl\u00e9pe dehonestovat. I kdy\u017e v tomhle ohledu doch\u00e1z\u00ed k m\u00edrn\u00e9 zm\u011bn\u011b a oteplen\u00ed ze strany m\u00e9di\u00ed, podstatou z\u016fst\u00e1v\u00e1 fakt, \u017ee m\u00e9dia sice ji\u017e za\u010dala kritizovat neschopnou Fialovu vl\u00e1du, nicm\u00e9n\u011b, stalo se tak pozd\u011b.<\/p>\n<p>Pravdou je, \u017ee kdyby m\u00e9dia podrobila stejn\u011b p\u0159\u00edsn\u00e9 kritice nejen opozici, ale i jednotliv\u00e9 strany P\u011btikoalice p\u0159ed volbami, tyto strany by se do vl\u00e1dy ani nedostaly. A ekonomika i politika by vypadaly zcela jinak.<br \/>\nZcela naprosto v z\u00e1v\u011bsu za v\u00fdvojem nakonec pokulh\u00e1vaj\u00ed ve\u0159ejnopr\u00e1vn\u00ed m\u00e9dia.<\/p>\n<p>Ne \u017ee by \u010cT ob\u010das neuk\u00e1zala zaj\u00edmav\u00fd a podn\u011btn\u00fd dokument.<\/p>\n<p>Ale vysloven\u011b k uzouf\u00e1n\u00ed je fakt, \u017ee ve\u0159ejnopr\u00e1vn\u00ed m\u00e9dia jsou daleko za v\u00fdvojem. Ve\u0159ejnopr\u00e1vn\u00ed m\u00e9dia maj\u00ed b\u00fdt ve st\u0159edu d\u011bn\u00ed. Maj\u00ed, jako jedin\u00e1, v\u00fdsadu, neohl\u00ed\u017eet se na byznysov\u00e9 z\u00e1jmy majitel\u016f korpor\u00e1tn\u00edch m\u00e9di\u00ed v r\u00e1mci rozparcelovan\u00e9ho medi\u00e1ln\u00edho trhu. Zprost\u0159edkovat podstatu d\u011bn\u00ed. Nam\u00edsto toho jen tup\u011b papou\u0161kuj\u00ed mantry polistopadov\u00fdch nomin\u00e1ln\u00edch demokrat\u016f, v marn\u00e9 snaze uchovat dohas\u00ednaj\u00edc\u00ed status quo a obdobn\u011b selh\u00e1vaj\u00ed i v marn\u00e9 snaze zprost\u0159edkovat proces celospole\u010densk\u00e9 i glob\u00e1ln\u00ed prom\u011bny sv\u011bta.<\/p>\n<h6>\ud835\udde3\ud835\uddfc\ud835\uddf9\ud835\uddf6\ud835\ude01\ud835\uddf6\ud835\uddf0\ud835\uddf8\ud835\uddee\u0301 \ud835\uddf8\ud835\uddfc\ud835\uddfb\ud835\uddf8\ud835\ude02\ud835\uddff\ud835\uddf2\ud835\uddfb\ud835\uddf0\ud835\uddf2 \ud835\ude03\ud835\uddf2 \ud835\ude00\ud835\ude01\ud835\uddee\ud835\uddf1\ud835\uddf6\ud835\ude02 \ud835\uddf0\u030c\ud835\uddf6\ud835\uddfd\ud835\uddf2\ud835\uddff\ud835\uddfb\ud835\uddf2\u0301\ud835\uddf5\ud835\uddfc \ud835\uddef\ud835\uddee\ud835\ude01\ud835\uddfc\ud835\uddf9\ud835\uddf2\ud835\ude01\ud835\uddf2<\/h6>\n<p>Dal\u0161\u00ed v\u011bc\u00ed je fakt, \u017ee \u010desk\u00e1 politika trp\u011bla po l\u00e9ta z\u00e1kladn\u00edm neduhem. A t\u00edm byl stav politick\u00e9 konkurence.<br \/>\nDlouhodob\u011b zabrzd\u011bn\u00fd proces skute\u010dn\u00e9 politick\u00e9 konkurence byl odblokov\u00e1n teprve ve volb\u00e1ch v roce 2017, kdy se k moci dostala re\u00e1ln\u00e1 politick\u00e1 konkurence. Schopn\u00e1 p\u0159evz\u00edt vl\u00e1du a vl\u00e1dnout. Konkurence polistopadov\u00e9 moci, nomin\u00e1ln\u00edch demokrat\u016f, kte\u0159\u00ed zde opanovali prostor a bez skute\u010dn\u00e9 politick\u00e9 konkurence \u00fasp\u011b\u0161n\u011b p\u0159edst\u00edrali demokratick\u00e9 po\u0159\u00e1dky po t\u0159i desetilet\u00ed.<\/p>\n<p>K demokracii pat\u0159\u00ed politick\u00e1 konkurence.<\/p>\n<p>Konkurence, schopn\u00e1 ust\u00e1t tlak, kter\u00e9mu je vystaven ka\u017ed\u00fd skute\u010dn\u00fd vyzyvatel. Politick\u00e1 teorie u\u010d\u00ed, \u017ee \u00fasp\u011b\u0161n\u00fdm vyzyvatelem se m\u016f\u017ee st\u00e1t pouze p\u0159\u00edslu\u0161n\u00edk dom\u00e1c\u00ed elity, kter\u00fd m\u00e1 dostate\u010dn\u00e9 zdroje, aby ust\u00e1l obrovsk\u00fd tlak, kter\u00e9mu bude vystaven a z\u00e1rove\u0148 si z\u00edsk\u00e1 dostate\u010dnou politickou podporu ve\u0159ejnosti pro to, aby se dok\u00e1zal udr\u017eet pozici, \u010di alespo\u0148 siln\u00e9 postaven\u00ed v opozici.<\/p>\n<p>Pokud takov\u00fd konkurent usp\u011bje i v rovin\u011b pot\u0159ebn\u00fdch vl\u00e1dn\u00edch ekonomick\u00fdch reforem a jeho recepty dok\u00e1\u017e\u00ed p\u0159in\u00e9st zemi prosperitu a stabilitu, je poka\u017ed\u00e9 obrovsk\u00fdm ohro\u017een\u00edm pro dr\u017eitele mocensk\u00e9ho oligopolu. A z\u00e1rove\u0148 v\u00fdhrou pro obyvatelstvo. Pokud ne, je v demokracii jednodu\u0161e vyst\u0159\u00edd\u00e1n.<\/p>\n<p>Mluv\u00edme-li v obecn\u00e9 rovin\u011b teorie politick\u00fdch z\u00e1pas\u016f, p\u0159esn\u011b tuhle v\u011bc jsme m\u011bli mo\u017enost po n\u011bkolik posledn\u00edch let pozorovat.<\/p>\n<p>Je pot\u0159eba pochopit, \u017ee politick\u00e1 konkurence je motorem pot\u0159ebn\u00fdch zm\u011bn. \u017de teprve v prost\u0159ed\u00ed skute\u010dn\u00e9 politick\u00e9 konkurence kon\u010d\u00ed verze p\u0159edst\u00edran\u00e9 demokracie, kterou zdej\u0161\u00ed m\u00e9dia i politika \u00fasp\u011b\u0161n\u011b inscenovala po cel\u00fdch t\u0159icet let od listopadu 1989. Politick\u00e1 sout\u011b\u017e vede, v postupn\u00fdch kroc\u00edch, ke zlep\u0161en\u00ed chodu st\u00e1tu. K p\u0159\u00edklonu k pot\u0159eb\u00e1m ve\u0159ejnosti, ob\u010dan\u016f, ve\u0159ejn\u00e9 spr\u00e1vy, chodu instituc\u00ed, k pot\u0159eb\u00e1m polis.<\/p>\n<p>Jakkoliv se to zd\u00e1lo p\u0159ed n\u011bkolika lety jako naivn\u00ed \u00favaha, fakticky se stav stal realitou. A v\u00fdvoj bude pokra\u010dovat.<\/p>\n<p>V dal\u0161\u00edch kroc\u00edch se v prost\u0159ed\u00ed politick\u00e9 konkurence objev\u00ed nov\u00e9, modern\u00ed verze politick\u00fdch stran, usiluj\u00edc\u00edch nejen o skute\u010dnou demokracii, o zm\u011bnu v postaven\u00ed zastupovan\u00e9ho elektor\u00e1tu, ale p\u0159edev\u0161\u00edm o d\u016fslednou reformu ekonomick\u00e9 podstaty fungov\u00e1n\u00ed zem\u011b. Jej\u00ed\u017e osou by m\u011bl b\u00fdt n\u00e1vrat k pln\u00e9 ekonomick\u00e9 emancipaci dom\u00e1c\u00ed ekonomiky, vznik dom\u00e1c\u00ed modern\u00ed pr\u016fmyslov\u00e9 i st\u00e1tn\u00ed infrastruktury, postaven\u00ed zem\u011b jako rovnocenn\u00e9ho a \u00fasp\u011b\u0161n\u00e9ho st\u00e1tu v r\u00e1mci glob\u00e1ln\u00ed ekonomick\u00e9 v\u00fdm\u011bny sv\u011bta. A nikoliv postaven\u00ed montovny, sb\u00edraj\u00edc\u00ed drobty z obrovsk\u00e9ho globaliza\u010dn\u00edho toku obchodn\u00ed, technologick\u00e9 a pr\u016fmyslov\u00e9 v\u00fdm\u011bny ve sv\u011bt\u011b.<\/p>\n<h6>\ud835\udde2\ud835\uddfd\ud835\ude01\ud835\uddf6\ud835\uddf8\ud835\uddee \ud835\uddf8\ud835\uddfc\ud835\uddf9\ud835\uddfc\ud835\uddfb\ud835\uddf6\ud835\uddf2<\/h6>\n<p>Nedosti na tom. \u010cesk\u00e1 politika se stala z\u00e1rove\u0148 n\u00e1strojem pro prosazov\u00e1n\u00ed systematick\u00e9ho vlivu Evropsk\u00e9 unie, Spojen\u00fdch st\u00e1t\u016f, Brit\u00e1nie, N\u011bmecka.<\/p>\n<p>Zem\u011b je tak v postaven\u00ed kolonie, v n\u00ed\u017e se v\u00edce ne\u017e dom\u00e1c\u00ed z\u00e1jmy prosazuj\u00ed z\u00e1jmy a vliv Bruselu, Washingtonu, Berl\u00edna. Je z\u00e1rove\u0148 adres\u00e1tem a bezhlav\u00fdm prosazovatelem ni\u010div\u00fdch agend, prezentovan\u00fdch formou p\u0159edst\u00edran\u00e9ho pokroku, jejich\u017e skute\u010dn\u00fdm smyslem je ale pouze odv\u00e9st pozornost od podstaty spole\u010densk\u00fdch z\u00e1pas\u016f, jak\u00fdm je, prim\u00e1rn\u011b, soci\u00e1ln\u00ed postaven\u00ed t\u0159\u00edd. Od vytv\u00e1\u0159en\u00ed rovn\u00fdch p\u0159\u00edle\u017eitost\u00ed pro v\u0161echny, od zm\u011bn ve stavu ekonomiky, od zlep\u0161en\u00ed chodu instituc\u00ed a v neposledn\u00ed \u0159ad\u011b nutn\u00e9ho posunu spole\u010dnosti k roz\u0161\u00ed\u0159en\u00ed pr\u00e1v a svobod ob\u010dan\u016f, kter\u00e9 by odpov\u00eddalo modern\u00ed spole\u010dnosti na prahu 21. stolet\u00ed.<\/p>\n<p>Lze zde \u0159\u00edct, \u010dasto i s posm\u011bchem, \u017ee dne\u0161n\u00ed moc se v\u00edce ne\u017e podob\u00e1 t\u00e9\u017ee moci, kter\u00e1 se d\u0159\u00edve \u00faslu\u017en\u011b klan\u011bla Moskv\u011b, a dnes jej\u00ed obdoba stoj\u00ed v hlubok\u00e9m p\u0159edklonu p\u0159ed zm\u00edn\u011bn\u00fdm Bruselem, Washingtonem, Lond\u00fdnem, \u010di Berl\u00ednem.<\/p>\n<p>Nepot\u0159ebujeme st\u00e1t v p\u0159edklonu p\u0159ed Moskvou a nepot\u0159ebujeme st\u00e1t v p\u0159edklonu p\u0159ed Washingtonem. Jsme zem\u00ed tis\u00edcilet\u00e9 tradice. Na\u0161e zem\u011b byla jedn\u00edm z tahoun\u016f pr\u016fmyslov\u00fdch revoluc\u00ed. Na\u0161e z\u00e1pasy o svobodu, postaven\u00ed a d\u016fstojnost ob\u010dan\u016f jsme vedli po stalet\u00ed a dnes, ve vlastn\u00edm st\u00e1t\u011b, s vlastn\u00edm parlamentem, s vlastn\u00ed politickou reprezentac\u00ed, uzn\u00e1n\u00edm na\u0161\u00ed st\u00e1tnosti a v\u00fdznamu, m\u00e1me povinnost m\u00edt vlastn\u00ed sebev\u011bdom\u00e9 n\u00e1zory, politiku i silnou dom\u00e1c\u00ed z\u00e1kladnu v rukou dom\u00e1c\u00edch podnikatel\u016f. M\u00e1me m\u00edt schopnost jasn\u011b a pravdiv\u011b promlouvat k mezin\u00e1rodn\u00edmu spole\u010denstv\u00ed, p\u0159ed\u00e1vat na\u0161e zku\u0161enosti a n\u00e1zory tak, abychom dok\u00e1zali prosazovat politiku, kter\u00e1 bude ve prosp\u011bch st\u0159edn\u00ed Evropy a sv\u011btu.<\/p>\n<p>K tomu ale pot\u0159ebujeme ud\u011blat si po\u0159\u00e1dek, doma, sami mezi sebou.<\/p>\n<h6>\ud835\udde6\ud835\ude03\ud835\uddfc\ud835\uddef\ud835\uddfc\ud835\uddf1\ud835\uddee \ud835\ude00\ud835\uddf9\ud835\uddfc\ud835\ude03\ud835\uddee. \ud835\udde6\ud835\ude03\ud835\uddfc\ud835\uddef\ud835\uddfc\ud835\uddf1\ud835\uddee \ud835\uddfa\ud835\ude06\ud835\ude00\u030c\ud835\uddf9\ud835\uddf2\ud835\uddfb\ud835\uddf6\u0301<\/h6>\n<p>Z\u00e1kladn\u00edm p\u0159edpokladem je demokracie. Mo\u017enost svobodn\u011b myslet, jednat, vyjad\u0159ovat se a prosazovat \u010destn\u00e9, up\u0159\u00edmn\u00e9, objektivn\u00ed a pravdiv\u00e9 n\u00e1zory.<\/p>\n<p>D\u00edky t\u00e9to mo\u017enosti, tomuto pr\u00e1vu, m\u016f\u017eeme a mus\u00edme prosadit z\u00e1pas o p\u0159\u00ed\u0161t\u00ed status quo. Kde lze o\u010dek\u00e1vat, \u017ee st\u00e1vaj\u00edc\u00ed dr\u017eitel\u00e9, p\u0159edev\u0161\u00edm glob\u00e1ln\u00ed moci, svedou obrovskou a tvrdou bitvu o udr\u017een\u00ed sv\u00fdch ekonomick\u00fdch, vojensk\u00fdch a finan\u010dn\u00edch domini\u00ed, v n\u011bm\u017e pr\u00e1v\u011b ve\u0159ejn\u00e1 politika, stejn\u011b jako medi\u00e1ln\u00ed prostor ovl\u00e1dan\u00fdch glob\u00e1ln\u00edch m\u00e9di\u00ed a jejich dom\u00e1c\u00edch p\u0159itak\u00e1va\u010d\u016f budou n\u00e1strojem pro zachov\u00e1n\u00ed st\u00e1vaj\u00edc\u00edch panstv\u00ed. Stejn\u011b tak ve\u0159ejn\u00e9 politiky m\u00edstn\u00edch satrap\u016f budou prosazovat sv\u016fj vlastn\u00ed hlubok\u00fd p\u0159edklon k epicentr\u016fm moci, v\u00fdm\u011bnou za podporu zven\u010d\u00ed a vy\u017eadovat tento hlubok\u00fd p\u0159edklon od ve\u0159ejnosti, novin\u00e1\u0159\u016f, instituc\u00ed, soudc\u016f.<br \/>\nPozoruji, \u017ee prob\u00edh\u00e1 velmi siln\u00fd dialog. Uvnit\u0159 spole\u010dnosti, stranou produkce medi\u00e1ln\u00edch dom\u016f, na levici, na pravici, v alternativ\u011b, na vlasteneck\u00e9 sc\u00e9n\u011b. Nebudu p\u0159edst\u00edrat, \u017ee tento mnoha\u010detn\u00fd a mnohasm\u011brov\u00fd dialog nese u\u017e nyn\u00ed siln\u00e9 a konkr\u00e9tn\u00ed v\u00fdsledky. Zat\u00edm ne. Zat\u00edm m\u00e1 podobu demonstrac\u00ed, zna\u010dn\u00fdch turbulenc\u00ed v podpalub\u00ed, rozporn\u00fdch postoj\u016f mezi l\u00eddry r\u016fzn\u00fdch hnut\u00ed a spole\u010densk\u00fdch proud\u016f. A m\u00edsty.. hrozn\u00fdch p\u0159e\u0161lap\u016f. Ale to je v po\u0159\u00e1dku. Pat\u0159\u00ed to k v\u011bci.<\/p>\n<p>Stejn\u011b jako n\u00e1lepkov\u00e1n\u00ed, ostrakizace, medi\u00e1ln\u00ed teror, damage control, ni\u010den\u00ed pov\u011bsti, c\u00edlen\u00e1, systematick\u00e1 a vytrval\u00e1 dehonestace. T\u00edm v\u0161\u00edm bude muset, nutn\u011b, proj\u00edt jak parlamentn\u00ed, tak mimoparlamentn\u00ed opozice, r\u016fzn\u00e9 spole\u010densk\u00e9 proudy i jednotlivci, do stadia, ne\u017e dos\u00e1hnou pln\u00e9ho uv\u011bdom\u011bn\u00ed vlastn\u00ed hodnoty, spr\u00e1vn\u00fdch sm\u011br\u016f, slu\u017eby pro ve\u0159ejnost a st\u00e1t.<\/p>\n<p>Podstatou ale z\u016fst\u00e1v\u00e1, \u017ee jednotliv\u00fdm reformn\u00edm proud\u016fm ve spole\u010dnosti nesm\u00ed b\u00fdt odep\u0159eno nebo omezeno pr\u00e1vo na jejich svobodn\u00fd n\u00e1zor a svobodn\u00fd projev.<\/p>\n<p>Proto je nap\u0159\u00edklad \ud835\ude03\ud835\ude06\u0301\ud835\ude07\ud835\ude03\ud835\uddee Spole\u010dnosti pro obranu svobody projevu velmi d\u016fle\u017eit\u00e1.<\/p>\n<p>Hled\u00e1 cestu standardn\u00edch demokratick\u00fdch postup\u016f vyv\u00edjen\u00ed tlaku na vl\u00e1du a instituce. Spolek s\u00e1m vede velmi fundovan\u00e9 p\u0159edn\u00e1\u0161ky a vyv\u00edj\u00ed prosp\u011b\u0161nou aktivitu v z\u00e1jmu obrany svobody slova. Lid\u00e9 jako Dan V\u00e1vra svedli velmi slu\u0161n\u00fd z\u00e1pas o svobodu slova s odpudiv\u00fdmi cenzory, kte\u0159\u00ed se vyrojili s n\u00e1stupem t\u00e9to vl\u00e1dy a \u00fa\u010dinkov\u00e1n\u00edm ministra vnitra Raku\u0161ana.<\/p>\n<p>P\u0159\u00e1l bych si, aby se p\u016fsobnost t\u00e9to v\u00fdzvy roz\u0161\u00ed\u0159ila i na dal\u0161\u00ed, \u010dasto state\u010dn\u00e9 lidi, kte\u0159\u00ed do ve\u0159ejn\u00e9ho prostoru vn\u00e1\u0161\u00ed, navzdory pot\u00ed\u017e\u00edm, pravdiv\u00e9, objektivn\u00ed a rozumn\u00e9 n\u00e1zory. Co\u017e se mysl\u00edm d\u011bje.<\/p>\n<p>Nestoj\u00edm o pouh\u00e9 ustaven\u00ed \ud835\ude2c\ud835\ude30\ud835\ude2f\ud835\ude35\ud835\ude33\ud835\ude22\ud835\ude26\ud835\ude2d\ud835\ude2a\ud835\ude35\ud835\ude3a.<\/p>\n<p>Ale o soun\u00e1le\u017eitost s polis, probuzenou ob\u010danskou ve\u0159ejnost, kde ka\u017ed\u00fd \u010dlov\u011bk, kter\u00fd m\u00e1 z\u00e1jem na zm\u011bn\u011b pom\u011br\u016f k lep\u0161\u00edmu, jak v ekonomice, tak politice, je up\u0159\u00edmn\u011b v\u00edt\u00e1n.<\/p>\n<p>&nbsp;<\/p>\n<h6><strong>FB<\/strong>\u00a0\u2013\u00a0<a href=\"https:\/\/www.facebook.com\/david.martinek1\" target=\"_blank\" rel=\"noopener\"><strong>David MARTINEK<\/strong><\/a><a href=\"https:\/\/www.facebook.com\/david.martinek1?fref=ts\" target=\"_blank\" rel=\"noopener\"><strong>,\u00a0<\/strong><\/a><strong>publicista<\/strong>,\u00a0<strong>re\u017eis\u00e9r, producent ve spole\u010dnosti\u00a0David Martinek Production<\/strong><\/h6>\n<hr \/>\n<p>&nbsp;<\/p>\n<p>&nbsp;<\/p>\n","protected":false},"excerpt":{"rendered":"<p>V\u00fdzva a <\/p>\n","protected":false},"author":2,"featured_media":293665,"comment_status":"open","ping_status":"open","sticky":false,"template":"","format":"gallery","meta":{"footnotes":""},"categories":[85,118],"tags":[],"jetpack_featured_media_url":"https:\/\/zakrasnejsivimperk.cz\/wp-content\/uploads\/2023\/12\/16\/ram-martinek.jpg","_links":{"self":[{"href":"https:\/\/zakrasnejsivimperk.cz\/index.php?rest_route=\/wp\/v2\/posts\/293662"}],"collection":[{"href":"https:\/\/zakrasnejsivimperk.cz\/index.php?rest_route=\/wp\/v2\/posts"}],"about":[{"href":"https:\/\/zakrasnejsivimperk.cz\/index.php?rest_route=\/wp\/v2\/types\/post"}],"author":[{"embeddable":true,"href":"https:\/\/zakrasnejsivimperk.cz\/index.php?rest_route=\/wp\/v2\/users\/2"}],"replies":[{"embeddable":true,"href":"https:\/\/zakrasnejsivimperk.cz\/index.php?rest_route=%2Fwp%2Fv2%2Fcomments&post=293662"}],"version-history":[{"count":4,"href":"https:\/\/zakrasnejsivimperk.cz\/index.php?rest_route=\/wp\/v2\/posts\/293662\/revisions"}],"predecessor-version":[{"id":293694,"href":"https:\/\/zakrasnejsivimperk.cz\/index.php?rest_route=\/wp\/v2\/posts\/293662\/revisions\/293694"}],"wp:featuredmedia":[{"embeddable":true,"href":"https:\/\/zakrasnejsivimperk.cz\/index.php?rest_route=\/wp\/v2\/media\/293665"}],"wp:attachment":[{"href":"https:\/\/zakrasnejsivimperk.cz\/index.php?rest_route=%2Fwp%2Fv2%2Fmedia&parent=293662"}],"wp:term":[{"taxonomy":"category","embeddable":true,"href":"https:\/\/zakrasnejsivimperk.cz\/index.php?rest_route=%2Fwp%2Fv2%2Fcategories&post=293662"},{"taxonomy":"post_tag","embeddable":true,"href":"https:\/\/zakrasnejsivimperk.cz\/index.php?rest_route=%2Fwp%2Fv2%2Ftags&post=293662"}],"curies":[{"name":"wp","href":"https:\/\/api.w.org\/{rel}","templated":true}]}}