{"id":29326,"date":"2015-09-07T10:43:05","date_gmt":"2015-09-07T09:43:05","guid":{"rendered":"http:\/\/zakrasnejsivimperk.cz\/?p=29326"},"modified":"2015-09-07T18:06:43","modified_gmt":"2015-09-07T17:06:43","slug":"idnes-cz-v-kanade-nikdo-barvu-kuze-neresi-rika-novy-pomocnik-strazniku-ve-vimperku","status":"publish","type":"post","link":"https:\/\/zakrasnejsivimperk.cz\/?p=29326","title":{"rendered":"iDNES.cz: V Kanad\u011b nikdo barvu k\u016f\u017ee ne\u0159e\u0161\u00ed, \u0159\u00edk\u00e1 nov\u00fd pomocn\u00edk str\u00e1\u017en\u00edk\u016f ve Vimperku"},"content":{"rendered":"<p style=\"text-align: justify;\">U\u017e svou postavou bud\u00ed respekt. Nadhled mu d\u00e1vaj\u00ed \u017eivotn\u00ed zku\u0161enosti. Josef Bled\u00fd se stal ve 32 letech asistentem prevence kriminality ve Vimperku, a doplnil tak t\u00fdm, kter\u00fd se str\u00e1\u017en\u00edky spolupracuje u\u017e dva roky a pom\u00e1h\u00e1 uklid\u0148ovat situaci ve m\u011bst\u011b, v n\u011bm\u017e \u017eije po\u010detn\u00e1 romsk\u00e1 komunita.\u00a0K tomu, aby se sna\u017eil bojovat proti kriminalit\u011b, m\u00e1 Josef Bled\u00fd\u00a0i sv\u00e9 vlastn\u00ed d\u016fvody. \u201eM\u00e9mu synovi je letos t\u0159in\u00e1ct let, m\u00e1m je\u0161t\u011b dv\u011b dal\u0161\u00ed d\u011bti. Chci jim j\u00edt p\u0159\u00edkladem a nechci dopustit, aby se p\u0159idaly k n\u011bjak\u00e9 part\u011b. Je pro m\u011b d\u016fle\u017eit\u00e9, aby se situace ve m\u011bst\u011b zlep\u0161ila, proto\u017ee dobr\u00e1 nen\u00ed, i kdy\u017e se o tom mo\u017en\u00e1 v posledn\u00ed dob\u011b tolik nemluv\u00ed, proto\u017ee je to p\u0159eci jen klidn\u011bj\u0161\u00ed ne\u017e d\u0159\u00edve,\u201c \u0159\u00edk\u00e1 Bled\u00fd.<\/p>\n<p style=\"text-align: justify;\"><strong><a href=\"http:\/\/budejovice.idnes.cz\/josef-bledy-je-asistentem-prevence-kriminality-ve-vimperku-pqd-\/budejovice-zpravy.aspx?c=A150826_083855_budejovice-zpravy_khr\" target=\"_blank\">CEL\u00dd \u010cL\u00c1NEK<\/a><\/strong><\/p>\n<p style=\"text-align: justify;\"><strong>Foto: Pavel PECHOU\u0160EK &#8211; M\u011bsto Vimperk<\/strong><\/p>\n<p>&nbsp;<\/p>\n<p>&nbsp;<\/p>\n<p>&nbsp;<\/p>\n<p>&nbsp;<\/p>\n","protected":false},"excerpt":{"rendered":"<p>U\u017e svou <\/p>\n","protected":false},"author":2,"featured_media":29328,"comment_status":"open","ping_status":"open","sticky":false,"template":"","format":"standard","meta":{"footnotes":""},"categories":[7],"tags":[],"jetpack_featured_media_url":"https:\/\/zakrasnejsivimperk.cz\/wp-content\/uploads\/2015\/08\/Josef-Bledy1.jpg","_links":{"self":[{"href":"https:\/\/zakrasnejsivimperk.cz\/index.php?rest_route=\/wp\/v2\/posts\/29326"}],"collection":[{"href":"https:\/\/zakrasnejsivimperk.cz\/index.php?rest_route=\/wp\/v2\/posts"}],"about":[{"href":"https:\/\/zakrasnejsivimperk.cz\/index.php?rest_route=\/wp\/v2\/types\/post"}],"author":[{"embeddable":true,"href":"https:\/\/zakrasnejsivimperk.cz\/index.php?rest_route=\/wp\/v2\/users\/2"}],"replies":[{"embeddable":true,"href":"https:\/\/zakrasnejsivimperk.cz\/index.php?rest_route=%2Fwp%2Fv2%2Fcomments&post=29326"}],"version-history":[{"count":6,"href":"https:\/\/zakrasnejsivimperk.cz\/index.php?rest_route=\/wp\/v2\/posts\/29326\/revisions"}],"predecessor-version":[{"id":30449,"href":"https:\/\/zakrasnejsivimperk.cz\/index.php?rest_route=\/wp\/v2\/posts\/29326\/revisions\/30449"}],"wp:featuredmedia":[{"embeddable":true,"href":"https:\/\/zakrasnejsivimperk.cz\/index.php?rest_route=\/wp\/v2\/media\/29328"}],"wp:attachment":[{"href":"https:\/\/zakrasnejsivimperk.cz\/index.php?rest_route=%2Fwp%2Fv2%2Fmedia&parent=29326"}],"wp:term":[{"taxonomy":"category","embeddable":true,"href":"https:\/\/zakrasnejsivimperk.cz\/index.php?rest_route=%2Fwp%2Fv2%2Fcategories&post=29326"},{"taxonomy":"post_tag","embeddable":true,"href":"https:\/\/zakrasnejsivimperk.cz\/index.php?rest_route=%2Fwp%2Fv2%2Ftags&post=29326"}],"curies":[{"name":"wp","href":"https:\/\/api.w.org\/{rel}","templated":true}]}}