{"id":293173,"date":"2023-12-08T15:32:41","date_gmt":"2023-12-08T14:32:41","guid":{"rendered":"https:\/\/zakrasnejsivimperk.cz\/?p=293173"},"modified":"2023-12-12T14:15:37","modified_gmt":"2023-12-12T13:15:37","slug":"pavel-dvorak-bazen-se-meni-na-koupaliste","status":"publish","type":"post","link":"https:\/\/zakrasnejsivimperk.cz\/?p=293173","title":{"rendered":"PAVEL DVO\u0158\u00c1K: Baz\u00e9n se m\u011bn\u00ed na koupali\u0161t\u011b"},"content":{"rendered":"<h1>Baz\u00e9n se m\u011bn\u00ed na koupali\u0161t\u011b<\/h1>\n<h3>Jak zma\u010dkat pap\u00edr a vyhodit 8 mil. K\u010d za n\u011bco, co m\u011blo lidem p\u0159in\u00e9st lep\u0161\u00ed vyu\u017eit\u00ed voln\u00e9ho \u010dasu<\/h3>\n<p>&nbsp;<\/p>\n<h6><img loading=\"lazy\" decoding=\"async\" class=\"alignright wp-image-293174\" src=\"https:\/\/zakrasnejsivimperk.cz\/wp-content\/uploads\/2023\/12\/08\/pavel_dvorak_23-xx-253x300.jpg\" alt=\"\" width=\"150\" height=\"178\" srcset=\"https:\/\/zakrasnejsivimperk.cz\/wp-content\/uploads\/2023\/12\/08\/pavel_dvorak_23-xx-253x300.jpg 253w, https:\/\/zakrasnejsivimperk.cz\/wp-content\/uploads\/2023\/12\/08\/pavel_dvorak_23-xx.jpg 271w\" sizes=\"(max-width: 150px) 100vw, 150px\" \/>Na za\u010d\u00e1tku tohoto roku radn\u00ed Tom\u00e1\u0161 Samek \u0159ekl p\u0159ed z\u00e1stupci sportu a zastupiteli jasn\u011b: <em>\u201eBaz\u00e9n nebude\u201c<\/em>. \u0160mitec.<\/h6>\n<h6>Zpr\u00e1va s plnou v\u00e1\u017enost\u00ed a arogantn\u00ed razanc\u00ed i t\u011bm dal\u0161\u00edm, co p\u0159ijdou po n\u00e1s. Je to zpr\u00e1va pro d\u011bti, \u0161koly, sportovce, prost\u011b pro n\u00e1s v\u0161echny.<\/h6>\n<h6>Zpr\u00e1va pro cestovn\u00ed ruch a pro budoucnost m\u011bsta.<\/h6>\n<p>Dle projektu tandemu veden\u00ed m\u011bsta Petr\u00e1\u0161ek \u2013 Martanov\u00e1, 85% obyvatel Vimperka cht\u011blo kryt\u00fd baz\u00e9n. M\u016fj t\u00fdm, kter\u00fd nastoupil v roce 2017 na 17 m\u011bs\u00edc\u016f na radnici, p\u0159\u00edpravu a projekt pod veden\u00edm m\u00edstostarosty S\u00fdse dokon\u010dil. Cesta profinancov\u00e1n\u00ed projektu na 2 roky za 142 mil. byla p\u0159ipravena v\u010detn\u011b \u00fav\u011brov\u00fdch z\u00e1m\u011br\u016f p\u0159i 1-2% \u00farok\u016f.<\/p>\n<h6 style=\"text-align: left;\">Postav\u00ed si baz\u00e9n zat\u00edm bez st\u0159echy<\/h6>\n<p>&nbsp;<\/p>\n<p><img loading=\"lazy\" decoding=\"async\" class=\"aligncenter wp-image-293180\" src=\"https:\/\/zakrasnejsivimperk.cz\/wp-content\/uploads\/2023\/12\/08\/foto-k-clanku-bazen-2.jpg\" alt=\"\" width=\"800\" height=\"536\" srcset=\"https:\/\/zakrasnejsivimperk.cz\/wp-content\/uploads\/2023\/12\/08\/foto-k-clanku-bazen-2.jpg 560w, https:\/\/zakrasnejsivimperk.cz\/wp-content\/uploads\/2023\/12\/08\/foto-k-clanku-bazen-2-300x201.jpg 300w, https:\/\/zakrasnejsivimperk.cz\/wp-content\/uploads\/2023\/12\/08\/foto-k-clanku-bazen-2-533x357.jpg 533w\" sizes=\"(max-width: 800px) 100vw, 800px\" \/><\/p>\n<p>&nbsp;<\/p>\n<p>Po volb\u00e1ch 2018 rada (Martanov\u00e1, Petr\u00e1\u0161ek, Kuncl, Samek Tom\u00e1\u0161 a Samek Petr) 10.12. 2018 baz\u00e9n odp\u00edskala. (Usnesen\u00ed RM 10.12.2018 bod. R2). O t\u00fdden pozd\u011bji si nechala, dle n\u00e1vrhu Petra Samka, zpracovat \u201eposudek \u0161patnosti\u201c tohoto sv\u00e9ho projektu. (Usnesen\u00ed RM 18.12.2018, bod \u010d.10).<\/p>\n<p><strong>\u201eSliby o baz\u00e9nu p\u0159ed volbami? Zapome\u0148te. Hlavn\u011b \u017ee jste n\u00e1m dali hlas,\u201c<\/strong> bylo motto v\u00edt\u011bz\u016f. <strong>Prost\u011b neud\u011blali nic pro baz\u00e9n, ud\u011blali v\u0161e proti!<\/strong><\/p>\n<p>Vyhodili p\u0159es 8 mil. K\u010d za projekty a studie, kter\u00e9 sami zad\u00e1vali. Je to na mor\u00e1ln\u00ed krimin\u00e1l. Maj\u00ed v\u016fbec pocit trestn\u011b pr\u00e1vn\u00ed odpov\u011bdnosti?<\/p>\n<p><em> V\u017edy si vzpomenu na kancl\u00e9\u0159e Bismarcka (1815-1898): \u201e<strong>Nejv\u00edc se l\u017ee po honu, ve v\u00e1lce a p\u0159ed volbami\u201c.<\/strong><\/em><\/p>\n<p>Letos rada m\u011bsta <strong>(Martanov\u00e1, Kuncl, Han\u017el, T. Samek, S\u00fds)<\/strong> rozhodla, \u017ee projekt \u201ekryt\u00fd baz\u00e9n s celoro\u010dn\u00edm provozem\u201c se zm\u011bn\u00ed na \u201ekoupali\u0161t\u011b\u201c. C\u00edt\u00edte ten p\u0159\u00edmo vra\u017een\u00fd rozd\u00edl?<\/p>\n<p>Tito \u201espr\u00e1vn\u00ed lid\u00e9\u201c prost\u011b \u0159ekli: \u201e<strong>Kdo chce, a\u0165 se sebere, vezme d\u011bti a dojede si zaplavat do Prachatic, Volar, Su\u0161ice, Strakonic\u201c<\/strong>. Letos mi to \u00fastn\u011b zopakovali.<\/p>\n<h6><strong>\u0160okuj\u00edc\u00ed v\u011bty<\/strong><\/h6>\n<p>Za 71 tis. K\u010d si nechali radn\u00ed vypracovat studii dostavby z\u00e1zem\u00ed, \u0161atny, sprchy, brouzdali\u0161t\u011b atd. odhadem za v\u00edce ne\u017e 10-15 mil. K\u010d. A to v\u0161e pro n\u011bkolik dn\u00ed v roce. V 2023 byl baz\u00e9n otev\u0159en 37 dn\u00ed s denn\u00ed pr\u016fm\u011brem 100 n\u00e1v\u0161t\u011bvn\u00edk\u016f. Voda m\u00e1lokdy m\u011bla v\u00edc ne\u017e 20 stup\u0148\u016f. Studie je hotova, m\u00e1 to pragmatick\u00fd z\u00e1klad.<\/p>\n<p>Ale..<\/p>\n<p>&nbsp;<\/p>\n<p><img loading=\"lazy\" decoding=\"async\" class=\"aligncenter wp-image-293179 size-full\" src=\"https:\/\/zakrasnejsivimperk.cz\/wp-content\/uploads\/2023\/12\/08\/foto-k-clanku-bazen-1.jpg\" alt=\"\" width=\"1100\" height=\"292\" srcset=\"https:\/\/zakrasnejsivimperk.cz\/wp-content\/uploads\/2023\/12\/08\/foto-k-clanku-bazen-1.jpg 1100w, https:\/\/zakrasnejsivimperk.cz\/wp-content\/uploads\/2023\/12\/08\/foto-k-clanku-bazen-1-300x80.jpg 300w, https:\/\/zakrasnejsivimperk.cz\/wp-content\/uploads\/2023\/12\/08\/foto-k-clanku-bazen-1-1024x272.jpg 1024w, https:\/\/zakrasnejsivimperk.cz\/wp-content\/uploads\/2023\/12\/08\/foto-k-clanku-bazen-1-768x204.jpg 768w\" sizes=\"(max-width: 1100px) 100vw, 1100px\" \/><\/p>\n<p>&nbsp;<\/p>\n<h6>Je dob\u0159e m\u00edt otev\u0159enou plov\u00e1rnu v m\u011bst\u011b kter\u00e9 je 700 m nad mo\u0159em s pr\u016fm\u011brnou ro\u010dn\u00ed teplotou 5\u20136 stup\u0148\u016f? Jak\u00e1 bude n\u00e1v\u0161t\u011bvnost? Co p\u0159inese koupali\u0161t\u011b lidem ve m\u011bst\u011b? \u017de si vlezou p\u00e1r dn\u00ed v roce do studen\u00e9 vody, proto\u017ee \u017e\u00e1dn\u00e9 slunce i s panely to neproh\u0159eje? Jak\u00fd efekt to bude pro turistick\u00fd ruch?<\/h6>\n<h6><strong>Jenom pro srovn\u00e1n\u00ed:<\/strong><\/h6>\n<p>\u201eSteinbrenerovy domy\u201c &#8211; sout\u011b\u017e a projekt 14 mil. bez DPH, provoz kolem 8 mil. ro\u010dn\u011b a stavba 145 mil K\u010d bez DPH. Odhadovan\u00e1 n\u00e1v\u0161t\u011bvnost 100\u2013300 lid\u00ed denn\u011b. Utopie.<\/p>\n<p>Mate\u0159sk\u00e1 \u0161kolka \u2013 sout\u011b\u017e 8 mil. bez DPH, stavba 100 mil. K\u010d bez DPH.<\/p>\n<p>Tak zn\u00ed odborn\u00fd p\u0159edpoklad \u0161pi\u010dkov\u00fdch architektonick\u00fdch agentur.<\/p>\n<p>V roce 2030 m\u00e1 m\u00edt podle <strong>\u201e<a href=\"https:\/\/zakrasnejsivimperk.cz\/?p=252692\" target=\"_blank\" rel=\"noopener\">Strategick\u00e9ho pl\u00e1nu Vimperka 2020\u20132030\u201c<\/a><\/strong> na\u0161e m\u011bsto 8300 lid\u00ed. Ptali jsme se n\u011bkolikr\u00e1t na zastupitelstvu, co d\u011bl\u00e1 veden\u00ed radnice pro jeho spln\u011bn\u00ed. Odpov\u011b\u010f? F\u016fra slov o dotac\u00edch, rozvinut\u00fdch v\u011bt slib\u016f a sn\u016f o ni\u010dem, ale s \u00fasm\u011bvem.<\/p>\n<p>Na finan\u010dn\u00edm v\u00fdboru k rozpo\u010dtu 2024 jsem si ost\u0159e se starostkou vym\u011bnil n\u00e1zor na pen\u00edze v rozpo\u010dtu 2024. Jsou tam riskantn\u00ed kolonky megalomansk\u00fdch z\u00e1m\u011br\u016f a sout\u011b\u017e\u00ed, kter\u00e9 letos spustila rada m\u011bsta a chce si to zp\u011btn\u011b posv\u011btit od zastupitelstva schv\u00e1len\u00edm rozpo\u010dtu. Do toho nejdu.<\/p>\n<h6><strong>Co bych ud\u011blal j\u00e1, aby bylo l\u00edp?<\/strong><\/h6>\n<p>\u0158ekl bych co jsou z\u00e1sadn\u00ed priority pro toto volebn\u00ed obdob\u00ed. Nesn\u00e1\u0161\u00edm sliby bez jejich realizace. Co jsme za mne sl\u00edbili, to jsme dod\u011blali.<\/p>\n<p>Zru\u0161il bych megalomanii hv\u011bzdn\u00fdch projekt\u016f, nepodstatn\u00fdch studi\u00ed, financov\u00e1n\u00ed zbyte\u010dn\u00fdch slu\u017eeb. Vypustil bych dal\u0161\u00ed hloup\u00e9 projekty \u2013 viz skluzavka do parku atd. Pustil bych se do oprav bytov\u00e9ho fondu. Jestli chci zvy\u0161ovat n\u00e1jmy, tak mus\u00edm hlavn\u011b do toho d\u00e1t pen\u00edze. <strong>V\u00edte v\u016fbec n\u00e1jemn\u00edci, \u017ee celoro\u010dn\u00ed n\u00e1jemn\u00e9 30 mil. K\u010d z Va\u0161ich byt\u016f m\u00edsto do zp\u011btn\u00fdch oprav sebralo veden\u00ed m\u011bsta na dod\u011bl\u00e1n\u00ed intern\u00e1tu? A to m\u011blo v kase p\u0159es 100 mil. voln\u00fdch investi\u010dn\u00edch pen\u011bz!<\/strong><\/p>\n<p>\u0158ekl bych co ud\u011blat s TKB, poliklinikou a pr\u00e1zdn\u00fdmi domy. Vr\u00e1til bych se ke kryt\u00e9mu baz\u00e9nu a zp\u016fsob\u016fm jeho financov\u00e1n\u00ed. Okam\u017eit\u011b by m\u011bsto m\u011blo dod\u011blat rozd\u011blan\u00e9 v\u011bci. Tam se nejv\u00edce ztr\u00e1c\u00ed pen\u00edze. A je toho mnoho dal\u0161\u00edho, to zase n\u011bkdy p\u0159\u00ed\u0161t\u011b.<\/p>\n<h6><strong>Vimperk nem\u016f\u017ee hr\u00e1t extraligu<\/strong><\/h6>\n<p><strong>Na to nem\u00e1 pen\u00edze a nep\u0159inese to efekt. A nem\u00e1 na to energeticky nastaven\u00e9 veden\u00ed. Varuji p\u0159ed t\u00edm.<\/strong><\/p>\n<p>N\u011bkoho pop\u00edchnu, mo\u017en\u00e1 se n\u011bkdo probud\u00ed, kdy\u017e bude \u010d\u00edst o z\u00e1kulis\u00ed \u0159\u00edzen\u00ed m\u011bsta. V\u00edte, po\u0159\u00e1d v\u011b\u0159\u00edm, \u017ee jsme v\u00fdznamn\u00fdm rozvojov\u00fdm bodem \u0160umavy, pracovn\u00edm, \u0161kolsk\u00fdm, obchodn\u00edm a dopravn\u00edm uzlem mal\u00e9ho okresu s 13-14 tis. lid\u00ed. Nebo jsme u\u017e jen vesnic\u00ed, na kterou si st\u011b\u017euj\u00ed nejen \u0159idi\u010di?<\/p>\n<p>&nbsp;<\/p>\n<p>Hezk\u00fd den.<\/p>\n<p><strong>Pavel DVO\u0158\u00c1K, vimpersk\u00fd zastupitel<\/strong><\/p>\n<p>Foto: archiv autora textu<\/p>\n<hr \/>\n<p>&nbsp;<\/p>\n<p>&nbsp;<\/p>\n","protected":false},"excerpt":{"rendered":"<p>Baz\u00e9n se <\/p>\n","protected":false},"author":2,"featured_media":293178,"comment_status":"open","ping_status":"open","sticky":false,"template":"","format":"gallery","meta":{"footnotes":""},"categories":[118,108],"tags":[],"jetpack_featured_media_url":"https:\/\/zakrasnejsivimperk.cz\/wp-content\/uploads\/2023\/12\/08\/ram-bazen.jpg","_links":{"self":[{"href":"https:\/\/zakrasnejsivimperk.cz\/index.php?rest_route=\/wp\/v2\/posts\/293173"}],"collection":[{"href":"https:\/\/zakrasnejsivimperk.cz\/index.php?rest_route=\/wp\/v2\/posts"}],"about":[{"href":"https:\/\/zakrasnejsivimperk.cz\/index.php?rest_route=\/wp\/v2\/types\/post"}],"author":[{"embeddable":true,"href":"https:\/\/zakrasnejsivimperk.cz\/index.php?rest_route=\/wp\/v2\/users\/2"}],"replies":[{"embeddable":true,"href":"https:\/\/zakrasnejsivimperk.cz\/index.php?rest_route=%2Fwp%2Fv2%2Fcomments&post=293173"}],"version-history":[{"count":8,"href":"https:\/\/zakrasnejsivimperk.cz\/index.php?rest_route=\/wp\/v2\/posts\/293173\/revisions"}],"predecessor-version":[{"id":293186,"href":"https:\/\/zakrasnejsivimperk.cz\/index.php?rest_route=\/wp\/v2\/posts\/293173\/revisions\/293186"}],"wp:featuredmedia":[{"embeddable":true,"href":"https:\/\/zakrasnejsivimperk.cz\/index.php?rest_route=\/wp\/v2\/media\/293178"}],"wp:attachment":[{"href":"https:\/\/zakrasnejsivimperk.cz\/index.php?rest_route=%2Fwp%2Fv2%2Fmedia&parent=293173"}],"wp:term":[{"taxonomy":"category","embeddable":true,"href":"https:\/\/zakrasnejsivimperk.cz\/index.php?rest_route=%2Fwp%2Fv2%2Fcategories&post=293173"},{"taxonomy":"post_tag","embeddable":true,"href":"https:\/\/zakrasnejsivimperk.cz\/index.php?rest_route=%2Fwp%2Fv2%2Ftags&post=293173"}],"curies":[{"name":"wp","href":"https:\/\/api.w.org\/{rel}","templated":true}]}}