{"id":292246,"date":"2023-12-05T17:30:19","date_gmt":"2023-12-05T16:30:19","guid":{"rendered":"https:\/\/zakrasnejsivimperk.cz\/?p=292246"},"modified":"2023-12-07T17:38:08","modified_gmt":"2023-12-07T16:38:08","slug":"ptame-se-za-vas-ceny-jizdneho-v-autobusech-csad-autobusy-ceske-budejovice","status":"publish","type":"post","link":"https:\/\/zakrasnejsivimperk.cz\/?p=292246","title":{"rendered":"PT\u00c1ME SE ZA V\u00c1S: Ceny j\u00edzdn\u00e9ho v autobusech \u010cSAD Autobusy \u010cesk\u00e9 Bud\u011bjovice"},"content":{"rendered":"<p><img loading=\"lazy\" decoding=\"async\" class=\"aligncenter wp-image-288139 size-full\" src=\"https:\/\/zakrasnejsivimperk.cz\/wp-content\/uploads\/2023\/10\/02\/ptame-se-za-vas-xx.jpg\" alt=\"\" width=\"771\" height=\"385\" srcset=\"https:\/\/zakrasnejsivimperk.cz\/wp-content\/uploads\/2023\/10\/02\/ptame-se-za-vas-xx.jpg 771w, https:\/\/zakrasnejsivimperk.cz\/wp-content\/uploads\/2023\/10\/02\/ptame-se-za-vas-xx-300x150.jpg 300w, https:\/\/zakrasnejsivimperk.cz\/wp-content\/uploads\/2023\/10\/02\/ptame-se-za-vas-xx-768x384.jpg 768w, https:\/\/zakrasnejsivimperk.cz\/wp-content\/uploads\/2023\/10\/02\/ptame-se-za-vas-xx-715x357.jpg 715w\" sizes=\"(max-width: 771px) 100vw, 771px\" \/><\/p>\n<p>&nbsp;<\/p>\n<h6>P\u0159ipravuje spole\u010dnost \u010cSAD Autobusy \u010cesk\u00e9 Bud\u011bjovice se zah\u00e1jen\u00edm platnosti nov\u00fdch j\u00edzdn\u00edch \u0159\u00e1d\u016f (od 10. prosince) zv\u00fd\u0161en\u00ed cen j\u00edzdn\u00e9ho? Pokud ano, v jak\u00fdch relac\u00edch?<\/h6>\n<h4>Odpov\u00edd\u00e1 Karel Coufal, ekonomick\u00fd \u0159editel \u010cSAD Autobusy \u010cesk\u00e9 Bud\u011bjovice:<\/h4>\n<h6><em>Ke zm\u011bn\u00e1m cen j\u00edzdn\u00e9ho v Jiho\u010desk\u00e9m kraji, ani\u00a0 v m\u011bstsk\u00fdch doprav\u00e1ch, kter\u00e9 pro m\u011bsta zaji\u0161\u0165ujeme, ke konci roku doch\u00e1zet nebude. V Jiho\u010desk\u00e9m kraji, kter\u00fd pro p\u0159\u00ed\u0161t\u00ed rok p\u0159ipravuje dopravn\u00ed integraci v r\u00e1mci cel\u00fdch ji\u017en\u00edch \u010cech, vzniknou nov\u00e9 druhy \u010dasov\u00fdch j\u00edzdn\u00edch doklad\u016f. Tato zm\u011bna p\u0159inese ur\u010dit\u011b \u00fapravy i u dosavadn\u00edch jednor\u00e1zov\u00fdch j\u00edzdn\u00edch doklad\u016f. P\u0159edpokl\u00e1dan\u00fd term\u00edn spu\u0161t\u011bn\u00ed je ke konci p\u0159\u00ed\u0161t\u00edho roku.<\/em><\/h6>\n<p>&nbsp;<\/p>\n<p>(red) &#8211; Za kr\u00e1sn\u011bj\u0161\u00ed Vimperk<\/p>\n<hr \/>\n<p>&nbsp;<\/p>\n<p>&nbsp;<\/p>\n","protected":false},"excerpt":{"rendered":"<p>&nbsp; P\u0159ipravuje <\/p>\n","protected":false},"author":2,"featured_media":292250,"comment_status":"open","ping_status":"open","sticky":false,"template":"","format":"gallery","meta":{"footnotes":""},"categories":[120,108],"tags":[],"jetpack_featured_media_url":"https:\/\/zakrasnejsivimperk.cz\/wp-content\/uploads\/2023\/11\/28\/otazka-jizdne.jpg","_links":{"self":[{"href":"https:\/\/zakrasnejsivimperk.cz\/index.php?rest_route=\/wp\/v2\/posts\/292246"}],"collection":[{"href":"https:\/\/zakrasnejsivimperk.cz\/index.php?rest_route=\/wp\/v2\/posts"}],"about":[{"href":"https:\/\/zakrasnejsivimperk.cz\/index.php?rest_route=\/wp\/v2\/types\/post"}],"author":[{"embeddable":true,"href":"https:\/\/zakrasnejsivimperk.cz\/index.php?rest_route=\/wp\/v2\/users\/2"}],"replies":[{"embeddable":true,"href":"https:\/\/zakrasnejsivimperk.cz\/index.php?rest_route=%2Fwp%2Fv2%2Fcomments&post=292246"}],"version-history":[{"count":2,"href":"https:\/\/zakrasnejsivimperk.cz\/index.php?rest_route=\/wp\/v2\/posts\/292246\/revisions"}],"predecessor-version":[{"id":292248,"href":"https:\/\/zakrasnejsivimperk.cz\/index.php?rest_route=\/wp\/v2\/posts\/292246\/revisions\/292248"}],"wp:featuredmedia":[{"embeddable":true,"href":"https:\/\/zakrasnejsivimperk.cz\/index.php?rest_route=\/wp\/v2\/media\/292250"}],"wp:attachment":[{"href":"https:\/\/zakrasnejsivimperk.cz\/index.php?rest_route=%2Fwp%2Fv2%2Fmedia&parent=292246"}],"wp:term":[{"taxonomy":"category","embeddable":true,"href":"https:\/\/zakrasnejsivimperk.cz\/index.php?rest_route=%2Fwp%2Fv2%2Fcategories&post=292246"},{"taxonomy":"post_tag","embeddable":true,"href":"https:\/\/zakrasnejsivimperk.cz\/index.php?rest_route=%2Fwp%2Fv2%2Ftags&post=292246"}],"curies":[{"name":"wp","href":"https:\/\/api.w.org\/{rel}","templated":true}]}}