{"id":292014,"date":"2023-11-25T18:51:00","date_gmt":"2023-11-25T17:51:00","guid":{"rendered":"https:\/\/zakrasnejsivimperk.cz\/?p=292014"},"modified":"2023-11-28T16:09:19","modified_gmt":"2023-11-28T15:09:19","slug":"nase-mesto-vimperk-ptame-se-za-vas-znaceni-v-zime-neudrzovanych-komunikaci-pro-chodce","status":"publish","type":"post","link":"https:\/\/zakrasnejsivimperk.cz\/?p=292014","title":{"rendered":"NA\u0160E M\u011aSTO VIMPERK &#8211; PT\u00c1ME SE ZA V\u00c1S: Zna\u010den\u00ed v zim\u011b neudr\u017eovan\u00fdch komunikac\u00ed pro chodce"},"content":{"rendered":"<p><img loading=\"lazy\" decoding=\"async\" class=\"aligncenter wp-image-288139 size-full\" src=\"https:\/\/zakrasnejsivimperk.cz\/wp-content\/uploads\/2023\/10\/02\/ptame-se-za-vas-xx.jpg\" alt=\"\" width=\"771\" height=\"385\" srcset=\"https:\/\/zakrasnejsivimperk.cz\/wp-content\/uploads\/2023\/10\/02\/ptame-se-za-vas-xx.jpg 771w, https:\/\/zakrasnejsivimperk.cz\/wp-content\/uploads\/2023\/10\/02\/ptame-se-za-vas-xx-300x150.jpg 300w, https:\/\/zakrasnejsivimperk.cz\/wp-content\/uploads\/2023\/10\/02\/ptame-se-za-vas-xx-768x384.jpg 768w, https:\/\/zakrasnejsivimperk.cz\/wp-content\/uploads\/2023\/10\/02\/ptame-se-za-vas-xx-715x357.jpg 715w\" sizes=\"(max-width: 771px) 100vw, 771px\" \/><\/p>\n<p>&nbsp;<\/p>\n<p>&nbsp;<\/p>\n<h6>Budou stejn\u00fdm zp\u016fsobem, jako nov\u00e1 stezka do parku, ozna\u010deny v\u00fdstra\u017enou tabulkou i ostatn\u00ed v zim\u011b neudr\u017eovan\u00e9 komunikace pro p\u011b\u0161\u00ed ve Vimperku? Pokud ne, pro\u010d?<\/h6>\n<h4>Odpov\u00edd\u00e1 Michal Jan\u010de, vedouc\u00ed Odboru investic a \u00fadr\u017eby M\u011bstsk\u00e9ho \u00fa\u0159adu Vimperk:<\/h4>\n<h6><em>Ostatn\u00ed v zim\u011b neudr\u017eovan\u00e9 komunikace pro p\u011b\u0161\u00ed ve Vimperku nebudou stejn\u00fdm zp\u016fsobem, jako nov\u00e1 stezka do parku, ozna\u010deny v\u00fdstra\u017enou tabulkou.<\/em><\/h6>\n<h6><em>Zp\u016fsob \u00fadr\u017eby v\u00a0p\u0159\u00edslu\u0161n\u00e9m zimn\u00edm obdob\u00ed je uveden v\u00a0pl\u00e1nu zimn\u00ed \u00fadr\u017eby pro p\u0159\u00edslu\u0161n\u00e9 obdob\u00ed, v\u00a0na\u0161em p\u0159\u00edpad\u011b pro rok 2023\/2024.<\/em><\/h6>\n<h6><em>Pl\u00e1n zimn\u00ed \u00fadr\u017eby pro rok 2023\/2024 a Na\u0159\u00edzen\u00ed \u010d. 5\/2023, kter\u00fdm se stanovuje rozsah, zp\u016fsob a lh\u016fty odstra\u0148ov\u00e1n\u00ed z\u00e1vad ve sch\u016fdnosti m\u00edstn\u00edch komunikac\u00ed, chodn\u00edk\u016f a pr\u016fjezdn\u00edch \u00fasek\u016f silnic a vymezuj\u00ed \u00faseky m\u00edstn\u00edch komunikac\u00ed a chodn\u00edk\u016f, na kter\u00fdch se pro jejich mal\u00fd dopravn\u00ed v\u00fdznam nezaji\u0161\u0165uje sj\u00edzdnost a sch\u016fdnost, v zimn\u00edm obdob\u00ed na \u00fazem\u00ed m\u011bsta Vimperk se nach\u00e1z\u00ed na ofici\u00e1ln\u00edm webu m\u011bsta.<\/em><\/h6>\n<h6><em>Aby skute\u010dnost, \u017ee se nov\u00e1 stezka z parku do ulice 1. m\u00e1je v zim\u011b udr\u017eovat nebude, pronikla do pov\u011bdom\u00ed ve\u0159ejnosti, bude nov\u00e1 stezka z parku do ulice 1. m\u00e1je pro zimu 2023\/2024 ozna\u010dena v\u00fdstra\u017enou tabulkou, kter\u00e1 bude po zim\u011b 2023\/2024 demontov\u00e1na.<\/em><\/h6>\n<p>&nbsp;<\/p>\n<p>(red) &#8211; Za kr\u00e1sn\u011bj\u0161\u00ed Vimperk<\/p>\n<hr \/>\n<p>&nbsp;<\/p>\n<h6>Informovali jsme:<\/h6>\n<h4><a href=\"https:\/\/zakrasnejsivimperk.cz\/?p=289803\" target=\"_blank\" rel=\"noopener\">NA\u0160E M\u011aSTO VIMPERK: Seznamte se s dokumenty, kter\u00e9 stanov\u00ed, kde a jak\u00fdm zp\u016fsobem bude prov\u00e1d\u011bna na m\u011bstsk\u00fdch komunikac\u00edch zimn\u00ed \u00fadr\u017eba<\/a><\/h4>\n<p>&nbsp;<\/p>\n<figure id=\"attachment_291547\" aria-describedby=\"caption-attachment-291547\" style=\"width: 920px\" class=\"wp-caption aligncenter\"><img loading=\"lazy\" decoding=\"async\" class=\"wp-image-291547 size-full\" src=\"https:\/\/zakrasnejsivimperk.cz\/wp-content\/uploads\/2023\/11\/19\/stezka-do-parku-3.jpg\" alt=\"\" width=\"920\" height=\"1100\" srcset=\"https:\/\/zakrasnejsivimperk.cz\/wp-content\/uploads\/2023\/11\/19\/stezka-do-parku-3.jpg 920w, https:\/\/zakrasnejsivimperk.cz\/wp-content\/uploads\/2023\/11\/19\/stezka-do-parku-3-251x300.jpg 251w, https:\/\/zakrasnejsivimperk.cz\/wp-content\/uploads\/2023\/11\/19\/stezka-do-parku-3-856x1024.jpg 856w, https:\/\/zakrasnejsivimperk.cz\/wp-content\/uploads\/2023\/11\/19\/stezka-do-parku-3-768x918.jpg 768w, https:\/\/zakrasnejsivimperk.cz\/wp-content\/uploads\/2023\/11\/19\/stezka-do-parku-3-299x357.jpg 299w, https:\/\/zakrasnejsivimperk.cz\/wp-content\/uploads\/2023\/11\/19\/stezka-do-parku-3-404x483.jpg 404w\" sizes=\"(max-width: 920px) 100vw, 920px\" \/><figcaption id=\"caption-attachment-291547\" class=\"wp-caption-text\">Foto: (red) &#8211; Za kr\u00e1sn\u011bj\u0161\u00ed Vimperk<\/figcaption><\/figure>\n<hr \/>\n<p>&nbsp;<\/p>\n<p>&nbsp;<\/p>\n","protected":false},"excerpt":{"rendered":"<p>&nbsp; &nbsp; <\/p>\n","protected":false},"author":2,"featured_media":292019,"comment_status":"open","ping_status":"open","sticky":false,"template":"","format":"gallery","meta":{"footnotes":""},"categories":[120,108],"tags":[],"jetpack_featured_media_url":"https:\/\/zakrasnejsivimperk.cz\/wp-content\/uploads\/2023\/11\/25\/otazka-tabulka.jpg","_links":{"self":[{"href":"https:\/\/zakrasnejsivimperk.cz\/index.php?rest_route=\/wp\/v2\/posts\/292014"}],"collection":[{"href":"https:\/\/zakrasnejsivimperk.cz\/index.php?rest_route=\/wp\/v2\/posts"}],"about":[{"href":"https:\/\/zakrasnejsivimperk.cz\/index.php?rest_route=\/wp\/v2\/types\/post"}],"author":[{"embeddable":true,"href":"https:\/\/zakrasnejsivimperk.cz\/index.php?rest_route=\/wp\/v2\/users\/2"}],"replies":[{"embeddable":true,"href":"https:\/\/zakrasnejsivimperk.cz\/index.php?rest_route=%2Fwp%2Fv2%2Fcomments&post=292014"}],"version-history":[{"count":3,"href":"https:\/\/zakrasnejsivimperk.cz\/index.php?rest_route=\/wp\/v2\/posts\/292014\/revisions"}],"predecessor-version":[{"id":292021,"href":"https:\/\/zakrasnejsivimperk.cz\/index.php?rest_route=\/wp\/v2\/posts\/292014\/revisions\/292021"}],"wp:featuredmedia":[{"embeddable":true,"href":"https:\/\/zakrasnejsivimperk.cz\/index.php?rest_route=\/wp\/v2\/media\/292019"}],"wp:attachment":[{"href":"https:\/\/zakrasnejsivimperk.cz\/index.php?rest_route=%2Fwp%2Fv2%2Fmedia&parent=292014"}],"wp:term":[{"taxonomy":"category","embeddable":true,"href":"https:\/\/zakrasnejsivimperk.cz\/index.php?rest_route=%2Fwp%2Fv2%2Fcategories&post=292014"},{"taxonomy":"post_tag","embeddable":true,"href":"https:\/\/zakrasnejsivimperk.cz\/index.php?rest_route=%2Fwp%2Fv2%2Ftags&post=292014"}],"curies":[{"name":"wp","href":"https:\/\/api.w.org\/{rel}","templated":true}]}}