{"id":291720,"date":"2023-11-23T13:57:59","date_gmt":"2023-11-23T12:57:59","guid":{"rendered":"https:\/\/zakrasnejsivimperk.cz\/?p=291720"},"modified":"2023-11-25T18:50:19","modified_gmt":"2023-11-25T17:50:19","slug":"ptame-se-za-vas-dopravni-situace-pred-zakladni-skolou-v-parku-ve-vimperku","status":"publish","type":"post","link":"https:\/\/zakrasnejsivimperk.cz\/?p=291720","title":{"rendered":"NA\u0160E M\u011aSTO VIMPERK &#8211; PT\u00c1ME SE ZA V\u00c1S: Dopravn\u00ed situace p\u0159ed z\u00e1kladn\u00ed \u0161kolou v parku"},"content":{"rendered":"<p><img loading=\"lazy\" decoding=\"async\" class=\"aligncenter wp-image-288139 size-full\" src=\"https:\/\/zakrasnejsivimperk.cz\/wp-content\/uploads\/2023\/10\/02\/ptame-se-za-vas-xx.jpg\" alt=\"\" width=\"771\" height=\"385\" srcset=\"https:\/\/zakrasnejsivimperk.cz\/wp-content\/uploads\/2023\/10\/02\/ptame-se-za-vas-xx.jpg 771w, https:\/\/zakrasnejsivimperk.cz\/wp-content\/uploads\/2023\/10\/02\/ptame-se-za-vas-xx-300x150.jpg 300w, https:\/\/zakrasnejsivimperk.cz\/wp-content\/uploads\/2023\/10\/02\/ptame-se-za-vas-xx-768x384.jpg 768w, https:\/\/zakrasnejsivimperk.cz\/wp-content\/uploads\/2023\/10\/02\/ptame-se-za-vas-xx-715x357.jpg 715w\" sizes=\"(max-width: 771px) 100vw, 771px\" \/><\/p>\n<p>&nbsp;<\/p>\n<p>&nbsp;<\/p>\n<h6>Rada m\u011bsta se sezn\u00e1mila s dopravn\u00ed situac\u00ed u Z\u0160 TGM v parku a v\u00fdsledky spole\u010dn\u00e9 sch\u016fzky z\u00e1stupc\u016f m\u011bstsk\u00e9 policie a Z\u0160 TGM Vimperk (<a href=\"https:\/\/www.vimperk.cz\/assets\/File.ashx?id_org=18208&amp;id_dokumenty=34565\" target=\"_blank\" rel=\"noopener\">viz. z\u00e1pis z jedn\u00e1n\u00ed rady m\u011bsta<\/a>). Jak\u00e9 v\u00fdsledky sch\u016fzka p\u0159inesla?<\/h6>\n<h4>Odpov\u00edd\u00e1 Milan Kobera, vrchn\u00ed str\u00e1\u017en\u00edk M\u011bstsk\u00e9 policie Vimperk:<\/h4>\n<h6><em>Celou ot\u00e1zku \u0159e\u0161en\u00ed dopravn\u00ed situace v okol\u00ed \u00a0Z\u0160 TGM \u00a0pros\u00edm sm\u011b\u0159ujte na komisi prevence, kde tato ot\u00e1zka byla otev\u0159ena a byla p\u0159ijata ur\u010dit\u00e1 opat\u0159en\u00ed. S \u0159editelkou Z\u0160 TGM jednala pan\u00ed (Ji\u0159ina) Vrtilkov\u00e1, kter\u00e1 je p\u0159edsedkyn\u00ed komise prevence p\u0159i M\u00da Vimperk a kter\u00e1 V\u00e1m vysv\u011btl\u00ed v\u0161e pot\u0159ebn\u00e9. M\u011bstsk\u00e1 policie Vimperk dohl\u00ed\u017e\u00ed na dodr\u017eov\u00e1n\u00ed dopravn\u00edch p\u0159edpis\u016f v\u00a0okol\u00ed Z\u0160 TGM a upozor\u0148uje \u0159idi\u010de na nedodr\u017eov\u00e1n\u00ed dopravn\u00edch p\u0159edpis\u016f.<\/em><\/h6>\n<h4>Odpov\u00edd\u00e1 Ji\u0159ina Vrt\u00edlkov\u00e1, p\u0159edsedkyn\u011b komise prevence, z\u00e1stupce vrchn\u00edho velitele m\u011bstsk\u00e9 policie:<\/h4>\n<h6 class=\"-wm-msonormal\"><em>Komise prevence ne\u0159e\u0161ila dopravn\u00ed situaci v okol\u00ed Z\u0160 TGM, ale dopravn\u00ed situaci v ul. Kapl\u00ed\u0159ova, kde ka\u017ed\u00e9 r\u00e1no str\u00e1\u017en\u00edci dohl\u00ed\u017eej\u00ed na bezpe\u010dnost d\u011bt\u00ed p\u0159i p\u0159ech\u00e1zen\u00ed po p\u0159echodu pro chodce. Na situaci bylo upozorn\u011bno na komisi prevence a n\u00e1sledn\u011b prob\u011bhla sch\u016fzka se z\u00e1stupci komise prevence, dopravn\u00ed komise, veden\u00edm Z\u0160 TGM a panem (Luk\u00e1\u0161em) S\u00fdsem \u2013 radn\u00edm. V\u0161e je zat\u00edm v jedn\u00e1n\u00ed, nejsou zat\u00edm \u017e\u00e1dn\u00e9 pevn\u00e9 z\u00e1v\u011bry. Opakovan\u011b podot\u00fdk\u00e1m, \u017ee bylo jedn\u00e1n\u00ed z\u00a0d\u016fvodu bezpe\u010dnosti d\u011bt\u00ed v\u00a0ul. Kapl\u00ed\u0159ova a ne ohledn\u011b dopravn\u00ed situace u Z\u0160 TGM v\u00a0parku.<\/em><\/h6>\n<p>&nbsp;<\/p>\n<p>(red) &#8211; Za kr\u00e1sn\u011bj\u0161\u00ed Vimperk<\/p>\n<hr \/>\n<p>&nbsp;<\/p>\n<p>&nbsp;<\/p>\n","protected":false},"excerpt":{"rendered":"<p>&nbsp; &nbsp; <\/p>\n","protected":false},"author":2,"featured_media":291723,"comment_status":"open","ping_status":"open","sticky":false,"template":"","format":"gallery","meta":{"footnotes":""},"categories":[120,108],"tags":[],"jetpack_featured_media_url":"https:\/\/zakrasnejsivimperk.cz\/wp-content\/uploads\/2023\/11\/21\/ptame-se-prevence.jpg","_links":{"self":[{"href":"https:\/\/zakrasnejsivimperk.cz\/index.php?rest_route=\/wp\/v2\/posts\/291720"}],"collection":[{"href":"https:\/\/zakrasnejsivimperk.cz\/index.php?rest_route=\/wp\/v2\/posts"}],"about":[{"href":"https:\/\/zakrasnejsivimperk.cz\/index.php?rest_route=\/wp\/v2\/types\/post"}],"author":[{"embeddable":true,"href":"https:\/\/zakrasnejsivimperk.cz\/index.php?rest_route=\/wp\/v2\/users\/2"}],"replies":[{"embeddable":true,"href":"https:\/\/zakrasnejsivimperk.cz\/index.php?rest_route=%2Fwp%2Fv2%2Fcomments&post=291720"}],"version-history":[{"count":3,"href":"https:\/\/zakrasnejsivimperk.cz\/index.php?rest_route=\/wp\/v2\/posts\/291720\/revisions"}],"predecessor-version":[{"id":292015,"href":"https:\/\/zakrasnejsivimperk.cz\/index.php?rest_route=\/wp\/v2\/posts\/291720\/revisions\/292015"}],"wp:featuredmedia":[{"embeddable":true,"href":"https:\/\/zakrasnejsivimperk.cz\/index.php?rest_route=\/wp\/v2\/media\/291723"}],"wp:attachment":[{"href":"https:\/\/zakrasnejsivimperk.cz\/index.php?rest_route=%2Fwp%2Fv2%2Fmedia&parent=291720"}],"wp:term":[{"taxonomy":"category","embeddable":true,"href":"https:\/\/zakrasnejsivimperk.cz\/index.php?rest_route=%2Fwp%2Fv2%2Fcategories&post=291720"},{"taxonomy":"post_tag","embeddable":true,"href":"https:\/\/zakrasnejsivimperk.cz\/index.php?rest_route=%2Fwp%2Fv2%2Ftags&post=291720"}],"curies":[{"name":"wp","href":"https:\/\/api.w.org\/{rel}","templated":true}]}}