{"id":291182,"date":"2023-11-13T22:53:58","date_gmt":"2023-11-13T21:53:58","guid":{"rendered":"https:\/\/zakrasnejsivimperk.cz\/?p=291182"},"modified":"2023-11-15T16:49:32","modified_gmt":"2023-11-15T15:49:32","slug":"nase-mesto-vimperk-ptame-se-za-vas-co-chysta-prodejna-nabytek-moon-k-oslave-dvaceti-let-sveho-trvani","status":"publish","type":"post","link":"https:\/\/zakrasnejsivimperk.cz\/?p=291182","title":{"rendered":"NA\u0160E M\u011aSTO VIMPERK: Pt\u00e1me se za v\u00e1s \u2013 Co chyst\u00e1 prodejna N\u00e1bytek MOON k oslav\u011b dvaceti let sv\u00e9 existence?"},"content":{"rendered":"<p><img loading=\"lazy\" decoding=\"async\" class=\"aligncenter wp-image-288139 size-full\" src=\"https:\/\/zakrasnejsivimperk.cz\/wp-content\/uploads\/2023\/10\/02\/ptame-se-za-vas-xx.jpg\" alt=\"\" width=\"771\" height=\"385\" srcset=\"https:\/\/zakrasnejsivimperk.cz\/wp-content\/uploads\/2023\/10\/02\/ptame-se-za-vas-xx.jpg 771w, https:\/\/zakrasnejsivimperk.cz\/wp-content\/uploads\/2023\/10\/02\/ptame-se-za-vas-xx-300x150.jpg 300w, https:\/\/zakrasnejsivimperk.cz\/wp-content\/uploads\/2023\/10\/02\/ptame-se-za-vas-xx-768x384.jpg 768w, https:\/\/zakrasnejsivimperk.cz\/wp-content\/uploads\/2023\/10\/02\/ptame-se-za-vas-xx-715x357.jpg 715w\" sizes=\"(max-width: 771px) 100vw, 771px\" \/><\/p>\n<p>&nbsp;<\/p>\n<h6><b>Ve dnech 17. a 18. listopadu oslav\u00edte 20 let existence prodejny. Co jste k t\u00e9to p\u0159\u00edle\u017eitosti pro sv\u00e9 z\u00e1kazn\u00edky a<\/b><b> ostatn\u00ed ve\u0159ejnost p\u0159ipravili?<\/b><\/h6>\n<h4>Odpov\u00edd\u00e1 Jana Bernardov\u00e1, prodejna N\u00e1bytek MOON Vimperk:<\/h4>\n<h6><em>Oslava se uskute\u010dn\u00ed v p\u00e1tek 17. a v sobotu 18. listopadu. V p\u00e1tek po cel\u00fd den od 8,30 do 17 hodin, v sobotu budeme m\u00edt prodlou\u017eenou otev\u00edrac\u00ed dobu od 9 do 15 hodin. Oslava se bude konat v prodejn\u011b N\u00e1bytek MOON v Pasovsk\u00e9 ulici \u010dp. 114 ve Vimperku.\u00a0<\/em><br \/>\n<em>Pro v\u0161echny z\u00e1kazn\u00edky jsme si p\u0159ipravili na oba dva dny zaj\u00edmavou nab\u00eddku :<\/em><br \/>\n<em>\u00a0&#8211; 20% slevu na ve\u0161ker\u00e9 vystaven\u00e9 zbo\u017e\u00ed na prodejn\u011b<\/em><br \/>\n<em>\u00a0&#8211; 10% slevu na zbo\u017e\u00ed na objedn\u00e1vku v tyto dny\u00a0<\/em><br \/>\n<em>\u00a0&#8211; mal\u00e9 ob\u010derstven\u00ed na prodejn\u011b (kol\u00e1\u010dky, medovn\u00ed\u010dky, \u0159\u00edze\u010dky)<\/em><br \/>\n<em>&#8211;\u00a0 nov\u011b m\u00e1me pro z\u00e1kazn\u00edky vystavenou v\u00e1no\u010dn\u00ed expozici &#8211; k zakoupen\u00ed\u00a0<\/em><br \/>\n<em>&#8211;\u00a0 pro mal\u00e9 z\u00e1kazn\u00edky jsme p\u0159ipravili mal\u00fd d\u00e1re\u010dek<\/em><br \/>\n<em>N\u00e1bytek MOON se t\u011b\u0161\u00ed na n\u00e1v\u0161t\u011bvu v\u0161ech z\u00e1kazn\u00edk\u016f.<\/em><\/h6>\n<p>&nbsp;<\/p>\n<p>(red) \u2013 Za kr\u00e1sn\u011bj\u0161\u00ed Vimperk<\/p>\n<hr \/>\n<p>&nbsp;<\/p>\n<p>&nbsp;<\/p>\n","protected":false},"excerpt":{"rendered":"<p>&nbsp; Ve <\/p>\n","protected":false},"author":2,"featured_media":291188,"comment_status":"open","ping_status":"open","sticky":false,"template":"","format":"gallery","meta":{"footnotes":""},"categories":[119,108],"tags":[],"jetpack_featured_media_url":"https:\/\/zakrasnejsivimperk.cz\/wp-content\/uploads\/2023\/11\/13\/ram-moon.jpg","_links":{"self":[{"href":"https:\/\/zakrasnejsivimperk.cz\/index.php?rest_route=\/wp\/v2\/posts\/291182"}],"collection":[{"href":"https:\/\/zakrasnejsivimperk.cz\/index.php?rest_route=\/wp\/v2\/posts"}],"about":[{"href":"https:\/\/zakrasnejsivimperk.cz\/index.php?rest_route=\/wp\/v2\/types\/post"}],"author":[{"embeddable":true,"href":"https:\/\/zakrasnejsivimperk.cz\/index.php?rest_route=\/wp\/v2\/users\/2"}],"replies":[{"embeddable":true,"href":"https:\/\/zakrasnejsivimperk.cz\/index.php?rest_route=%2Fwp%2Fv2%2Fcomments&post=291182"}],"version-history":[{"count":7,"href":"https:\/\/zakrasnejsivimperk.cz\/index.php?rest_route=\/wp\/v2\/posts\/291182\/revisions"}],"predecessor-version":[{"id":291203,"href":"https:\/\/zakrasnejsivimperk.cz\/index.php?rest_route=\/wp\/v2\/posts\/291182\/revisions\/291203"}],"wp:featuredmedia":[{"embeddable":true,"href":"https:\/\/zakrasnejsivimperk.cz\/index.php?rest_route=\/wp\/v2\/media\/291188"}],"wp:attachment":[{"href":"https:\/\/zakrasnejsivimperk.cz\/index.php?rest_route=%2Fwp%2Fv2%2Fmedia&parent=291182"}],"wp:term":[{"taxonomy":"category","embeddable":true,"href":"https:\/\/zakrasnejsivimperk.cz\/index.php?rest_route=%2Fwp%2Fv2%2Fcategories&post=291182"},{"taxonomy":"post_tag","embeddable":true,"href":"https:\/\/zakrasnejsivimperk.cz\/index.php?rest_route=%2Fwp%2Fv2%2Ftags&post=291182"}],"curies":[{"name":"wp","href":"https:\/\/api.w.org\/{rel}","templated":true}]}}