{"id":290919,"date":"2023-12-10T13:15:34","date_gmt":"2023-12-10T12:15:34","guid":{"rendered":"https:\/\/zakrasnejsivimperk.cz\/?p=290919"},"modified":"2023-12-12T14:19:15","modified_gmt":"2023-12-12T13:19:15","slug":"ptame-se-za-vas-prodej-vanocnich-stromku","status":"publish","type":"post","link":"https:\/\/zakrasnejsivimperk.cz\/?p=290919","title":{"rendered":"PT\u00c1ME SE ZA V\u00c1S: Prodej v\u00e1no\u010dn\u00edch stromk\u016f"},"content":{"rendered":"<p><img loading=\"lazy\" decoding=\"async\" class=\"aligncenter wp-image-288139 size-full\" src=\"https:\/\/zakrasnejsivimperk.cz\/wp-content\/uploads\/2023\/10\/02\/ptame-se-za-vas-xx.jpg\" alt=\"\" width=\"771\" height=\"385\" srcset=\"https:\/\/zakrasnejsivimperk.cz\/wp-content\/uploads\/2023\/10\/02\/ptame-se-za-vas-xx.jpg 771w, https:\/\/zakrasnejsivimperk.cz\/wp-content\/uploads\/2023\/10\/02\/ptame-se-za-vas-xx-300x150.jpg 300w, https:\/\/zakrasnejsivimperk.cz\/wp-content\/uploads\/2023\/10\/02\/ptame-se-za-vas-xx-768x384.jpg 768w, https:\/\/zakrasnejsivimperk.cz\/wp-content\/uploads\/2023\/10\/02\/ptame-se-za-vas-xx-715x357.jpg 715w\" sizes=\"(max-width: 771px) 100vw, 771px\" \/><\/p>\n<p>&nbsp;<\/p>\n<p>&nbsp;<\/p>\n<h6><b>Kde v ji\u017en\u00edch \u010cech\u00e1ch budou Lesy \u010cR prod\u00e1vat v\u00e1no\u010dn\u00ed stromky, jak\u00e9 druhy, za kolik a od kdy?<\/b><\/h6>\n<h4>Odpov\u00edd\u00e1 Eva Jouklov\u00e1, tiskov\u00e1 mluv\u010d\u00ed les\u016f \u010cesk\u00e9 republiky:<\/h4>\n<h6><em>Na v\u011bt\u0161in\u011b na\u0161ich lesn\u00edch spr\u00e1v, rev\u00edr\u016f, z\u00e1vod\u016f i poles\u00ed jsou asi 14 dn\u00ed p\u0159ed V\u00e1nocemi k dost\u00e1n\u00ed smrky ztepil\u00e9 a borovice lesn\u00ed z pro\u0159ez\u00e1vek. Nekonkurujeme prodejc\u016fm stromk\u016f z plant\u00e1\u017e\u00ed, uspokojujeme tradi\u010dn\u00ed m\u00edstn\u00ed popt\u00e1vku. Ro\u010dn\u011b tak prod\u00e1me asi 6000 stromk\u016f. <\/em><em>Nejsou ide\u00e1ln\u011b rostl\u00e9 a tomu odpov\u00edd\u00e1 i cena od 90 do 250 korun s\u00a0t\u00edm, \u017ee ceny se m\u00edrn\u011b lok\u00e1ln\u011b li\u0161\u00ed. Z\u00e1le\u017e\u00ed na druhu stromku a v\u00fd\u0161ce, borovice se prod\u00e1v\u00e1 za m\u00edrn\u011b vy\u0161\u0161\u00ed cenu ne\u017e smrk. Sta\u010d\u00ed se jen p\u0159edem telefonicky domluvit, kontakty jsou na <a href=\"https:\/\/lesycr.cz\/\" target=\"_blank\" rel=\"noopener\"><strong>na\u0161em webu<\/strong><\/a>.<\/em><\/h6>\n<p>&nbsp;<\/p>\n<p>(red) &#8211; Za kr\u00e1sn\u011bj\u0161\u00ed Vimperk<\/p>\n<hr \/>\n<p>&nbsp;<\/p>\n<p>&nbsp;<\/p>\n","protected":false},"excerpt":{"rendered":"<p>&nbsp; &nbsp; <\/p>\n","protected":false},"author":2,"featured_media":290921,"comment_status":"open","ping_status":"open","sticky":false,"template":"","format":"gallery","meta":{"footnotes":""},"categories":[120,71,107],"tags":[],"jetpack_featured_media_url":"https:\/\/zakrasnejsivimperk.cz\/wp-content\/uploads\/2023\/11\/10\/ram-stromky.jpg","_links":{"self":[{"href":"https:\/\/zakrasnejsivimperk.cz\/index.php?rest_route=\/wp\/v2\/posts\/290919"}],"collection":[{"href":"https:\/\/zakrasnejsivimperk.cz\/index.php?rest_route=\/wp\/v2\/posts"}],"about":[{"href":"https:\/\/zakrasnejsivimperk.cz\/index.php?rest_route=\/wp\/v2\/types\/post"}],"author":[{"embeddable":true,"href":"https:\/\/zakrasnejsivimperk.cz\/index.php?rest_route=\/wp\/v2\/users\/2"}],"replies":[{"embeddable":true,"href":"https:\/\/zakrasnejsivimperk.cz\/index.php?rest_route=%2Fwp%2Fv2%2Fcomments&post=290919"}],"version-history":[{"count":1,"href":"https:\/\/zakrasnejsivimperk.cz\/index.php?rest_route=\/wp\/v2\/posts\/290919\/revisions"}],"predecessor-version":[{"id":290920,"href":"https:\/\/zakrasnejsivimperk.cz\/index.php?rest_route=\/wp\/v2\/posts\/290919\/revisions\/290920"}],"wp:featuredmedia":[{"embeddable":true,"href":"https:\/\/zakrasnejsivimperk.cz\/index.php?rest_route=\/wp\/v2\/media\/290921"}],"wp:attachment":[{"href":"https:\/\/zakrasnejsivimperk.cz\/index.php?rest_route=%2Fwp%2Fv2%2Fmedia&parent=290919"}],"wp:term":[{"taxonomy":"category","embeddable":true,"href":"https:\/\/zakrasnejsivimperk.cz\/index.php?rest_route=%2Fwp%2Fv2%2Fcategories&post=290919"},{"taxonomy":"post_tag","embeddable":true,"href":"https:\/\/zakrasnejsivimperk.cz\/index.php?rest_route=%2Fwp%2Fv2%2Ftags&post=290919"}],"curies":[{"name":"wp","href":"https:\/\/api.w.org\/{rel}","templated":true}]}}