{"id":290491,"date":"2023-11-15T16:50:17","date_gmt":"2023-11-15T15:50:17","guid":{"rendered":"https:\/\/zakrasnejsivimperk.cz\/?p=290491"},"modified":"2023-11-17T14:59:43","modified_gmt":"2023-11-17T13:59:43","slug":"ptame-se-za-vas-obchvat-obce-ckyne","status":"publish","type":"post","link":"https:\/\/zakrasnejsivimperk.cz\/?p=290491","title":{"rendered":"PT\u00c1ME SE ZA V\u00c1S: Obchvat obce \u010ckyn\u011b"},"content":{"rendered":"<p><img loading=\"lazy\" decoding=\"async\" class=\"aligncenter wp-image-288139 size-full\" src=\"https:\/\/zakrasnejsivimperk.cz\/wp-content\/uploads\/2023\/10\/02\/ptame-se-za-vas-xx.jpg\" alt=\"\" width=\"771\" height=\"385\" srcset=\"https:\/\/zakrasnejsivimperk.cz\/wp-content\/uploads\/2023\/10\/02\/ptame-se-za-vas-xx.jpg 771w, https:\/\/zakrasnejsivimperk.cz\/wp-content\/uploads\/2023\/10\/02\/ptame-se-za-vas-xx-300x150.jpg 300w, https:\/\/zakrasnejsivimperk.cz\/wp-content\/uploads\/2023\/10\/02\/ptame-se-za-vas-xx-768x384.jpg 768w, https:\/\/zakrasnejsivimperk.cz\/wp-content\/uploads\/2023\/10\/02\/ptame-se-za-vas-xx-715x357.jpg 715w\" sizes=\"(max-width: 771px) 100vw, 771px\" \/><\/p>\n<p>&nbsp;<\/p>\n<p>&nbsp;<\/p>\n<h4>V jak\u00e9 f\u00e1zi p\u0159\u00edprav je uva\u017eovan\u00e1 stavba obchvatu obce \u010ckyn\u011b na Prachaticku, kdy by mohla b\u00fdt zah\u00e1jena?<\/h4>\n<h4>Odpov\u00edd\u00e1 Adam Kolou\u0161ek, tiskov\u00fd mluv\u010d\u00ed \u0158editelstv\u00ed silnic a d\u00e1lnic \u010cR:<\/h4>\n<h6><em>Z\u00e1m\u011br obchvatu \u010ckyn\u011b byl \u0159e\u0161en v r\u00e1mci zpracovan\u00e9 tahov\u00e9 studie \u201eOPTIMALIZACE SILNICE I\/4 V \u00daSEKU NOV\u00c1 HOSPODA \u2013 STR\u00c1\u017dN\u00dd z roku 2017. Jde v\u0161ak pouze intern\u00ed dokument pro rozhodov\u00e1n\u00ed, kter\u00fd doposud nebyl poskytnut \u00fa\u0159ad\u016fm \u00fazemn\u00edho pl\u00e1novan\u00ed. Vzhledem k\u00a0relativn\u011b n\u00edzk\u00fdm intenzit\u00e1m provozu v\u00a0dan\u00e9m \u00faseku a dal\u0161\u00edm okolnostem ovliv\u0148uj\u00edc\u00edm p\u0159\u00edpadnou v\u00fdstavbu obchvatu nen\u00ed p\u0159elo\u017eka silnice I\/4 v\u00a0tuto chv\u00edli prioritn\u00ed z\u00e1le\u017eitost\u00ed. Z\u00e1m\u011br obchvatu \u010ckyn\u011b tak nebyl za\u0159azen do dal\u0161\u00ed p\u0159\u00edpravy. \u00a0<\/em><\/h6>\n<p>&nbsp;<\/p>\n<p>(red) \u2013 Za kr\u00e1sn\u011bj\u0161\u00ed Vimperk<\/p>\n<hr \/>\n<p>&nbsp;<\/p>\n<p>&nbsp;<\/p>\n","protected":false},"excerpt":{"rendered":"<p>&nbsp; &nbsp; <\/p>\n","protected":false},"author":2,"featured_media":290494,"comment_status":"open","ping_status":"open","sticky":false,"template":"","format":"gallery","meta":{"footnotes":""},"categories":[119,71],"tags":[],"jetpack_featured_media_url":"https:\/\/zakrasnejsivimperk.cz\/wp-content\/uploads\/2023\/11\/04\/ram-obchvat.jpg","_links":{"self":[{"href":"https:\/\/zakrasnejsivimperk.cz\/index.php?rest_route=\/wp\/v2\/posts\/290491"}],"collection":[{"href":"https:\/\/zakrasnejsivimperk.cz\/index.php?rest_route=\/wp\/v2\/posts"}],"about":[{"href":"https:\/\/zakrasnejsivimperk.cz\/index.php?rest_route=\/wp\/v2\/types\/post"}],"author":[{"embeddable":true,"href":"https:\/\/zakrasnejsivimperk.cz\/index.php?rest_route=\/wp\/v2\/users\/2"}],"replies":[{"embeddable":true,"href":"https:\/\/zakrasnejsivimperk.cz\/index.php?rest_route=%2Fwp%2Fv2%2Fcomments&post=290491"}],"version-history":[{"count":1,"href":"https:\/\/zakrasnejsivimperk.cz\/index.php?rest_route=\/wp\/v2\/posts\/290491\/revisions"}],"predecessor-version":[{"id":290492,"href":"https:\/\/zakrasnejsivimperk.cz\/index.php?rest_route=\/wp\/v2\/posts\/290491\/revisions\/290492"}],"wp:featuredmedia":[{"embeddable":true,"href":"https:\/\/zakrasnejsivimperk.cz\/index.php?rest_route=\/wp\/v2\/media\/290494"}],"wp:attachment":[{"href":"https:\/\/zakrasnejsivimperk.cz\/index.php?rest_route=%2Fwp%2Fv2%2Fmedia&parent=290491"}],"wp:term":[{"taxonomy":"category","embeddable":true,"href":"https:\/\/zakrasnejsivimperk.cz\/index.php?rest_route=%2Fwp%2Fv2%2Fcategories&post=290491"},{"taxonomy":"post_tag","embeddable":true,"href":"https:\/\/zakrasnejsivimperk.cz\/index.php?rest_route=%2Fwp%2Fv2%2Ftags&post=290491"}],"curies":[{"name":"wp","href":"https:\/\/api.w.org\/{rel}","templated":true}]}}